{"id":105360,"date":"2026-04-25T00:18:48","date_gmt":"2026-04-24T22:18:48","guid":{"rendered":"https:\/\/www.infokuryr.cz\/n\/?p=105360"},"modified":"2026-04-24T20:34:13","modified_gmt":"2026-04-24T18:34:13","slug":"sekretariat-osn-kdo-jsou-ctyri-kandidati-na-nastupce-antonia-guterrese","status":"publish","type":"post","link":"https:\/\/www.infokuryr.cz\/n\/2026\/04\/25\/sekretariat-osn-kdo-jsou-ctyri-kandidati-na-nastupce-antonia-guterrese\/","title":{"rendered":"Sekretari\u00e1t OSN: Kdo jsou \u010dty\u0159i kandid\u00e1ti na n\u00e1stupce Antonia Guterrese?"},"content":{"rendered":"<div id=\"fb-root\"><\/div>\n<p><strong><span dir=\"auto\">Na konci roku 2026 skon\u010d\u00ed funk\u010dn\u00ed obdob\u00ed Portugalce Ant\u00f3nia Guterrese ve funkci gener\u00e1ln\u00edho tajemn\u00edka OSN, kterou zast\u00e1val dv\u011b po sob\u011b jdouc\u00ed obdob\u00ed od roku 2017. V listopadu 2025 OSN ofici\u00e1ln\u011b zah\u00e1jila proces volby dal\u0161\u00edho gener\u00e1ln\u00edho tajemn\u00edka. \u010clensk\u00e9 st\u00e1ty byly vyzv\u00e1ny k p\u0159edlo\u017een\u00ed sv\u00fdch kandid\u00e1t\u016f na tuto pozici od 1. ledna 2027.<\/span><\/strong><\/p>\n<p><span dir=\"auto\">Mezi ve\u0159ejn\u011b deklarovan\u00fdmi kandid\u00e1ty\u00a0<\/span><a href=\"https:\/\/www.france24.com\/en\/americas\/20260421-michelle-bachelet-hopes-world-is-finally-ready-for-a-female-un-chief\" target=\"_blank\" rel=\"noopener\"><span dir=\"auto\">na post gener\u00e1ln\u00edho tajemn\u00edka OSN<\/span><\/a><span dir=\"auto\">\u00a0jsou b\u00fdval\u00e1 prezidentka Chile a b\u00fdval\u00e1 vysok\u00e1 komisa\u0159ka OSN pro lidsk\u00e1 pr\u00e1va Michelle Bacheletov\u00e1, gener\u00e1ln\u00ed tajemnice Konference OSN o obchodu a rozvoji (UNCTAD) Rebeca Grynspanov\u00e1 (Kostarika), gener\u00e1ln\u00ed \u0159editel Mezin\u00e1rodn\u00ed agentury pro atomovou energii (MAAE) Rafael Grossi (Argentina) a b\u00fdval\u00fd prezident Senegalu Macky Sall.\u00a0<\/span><\/p>\n<p><span dir=\"auto\">Ant\u00f3nio Guterres vedl Organizaci spojen\u00fdch n\u00e1rod\u016f b\u011bhem pandemie covidu-19 a v sou\u010dasn\u00e9 dob\u011b vede organizaci p\u0159es pravd\u011bpodobn\u011b nejz\u00e1va\u017en\u011bj\u0161\u00ed rozpo\u010dtovou krizi v jej\u00ed 80let\u00e9 historii. Ve sv\u00e9m posledn\u00edm roce ve funkci ozn\u00e1mil, \u017ee bude muset sn\u00ed\u017eit rozpo\u010det OSN p\u0159ibli\u017en\u011b o 15 % a po\u010det jej\u00edch zam\u011bstnanc\u016f o t\u00e9m\u011b\u0159 20 %, a to p\u0159edev\u0161\u00edm kv\u016fli sn\u00ed\u017een\u00e9 finan\u010dn\u00ed podpo\u0159e ze strany Spojen\u00fdch st\u00e1t\u016f.\u00a0<\/span><\/p>\n<p><span dir=\"auto\">Jeho n\u00e1stupce bude \u010delit zna\u010dn\u00fdm v\u00fdzv\u00e1m, mo\u017en\u00e1 nejslo\u017eit\u011bj\u0161\u00edm a nejt\u011b\u017e\u0161\u00edm v historii OSN, vzhledem k tomu, \u017ee konkr\u00e9tn\u00ed postoj americk\u00e9ho prezidenta Donalda Trumpa, kter\u00fd se opakovan\u011b negativn\u011b vyjad\u0159oval o OSN, zpochybnil samotnou existenci sv\u011btov\u00e9 organizace. Sv\u011bt je zasa\u017een v\u00e1lkami, konflikty a krizemi, zat\u00edmco pot\u0159eba humanit\u00e1rn\u00ed pomoci neust\u00e1le roste. K tomu se p\u0159id\u00e1v\u00e1 skute\u010dnost, \u017ee OSN \u010del\u00ed masivn\u00edm rozpo\u010dtov\u00fdm \u0161krt\u016fm, zejm\u00e9na ze strany Spojen\u00fdch st\u00e1t\u016f. Vzhledem k tomu, \u017ee se pozice m\u011bn\u00ed mezi regiony sv\u011bta, tentokr\u00e1t je na \u0159ad\u011b Latinsk\u00e1 Amerika a Afrika.\u00a0<\/span><\/p>\n<p><span dir=\"auto\">Nejpravd\u011bpodobn\u011bj\u0161\u00edm kandid\u00e1tem je 65let\u00fd\u00a0<\/span><strong><span dir=\"auto\">Rafael Grossi<\/span><\/strong><span dir=\"auto\">\u00a0, gener\u00e1ln\u00ed \u0159editel Mezin\u00e1rodn\u00ed agentury pro atomovou energii (MAAE), kter\u00e9ho na tuto pozici nominovala jeho rodn\u00e1 Argentina. Grossi usiloval o zachov\u00e1n\u00ed jadern\u00e9 dohody mezi sv\u011btov\u00fdmi mocnostmi a \u00cdr\u00e1nem pot\u00e9, co Spojen\u00e9 st\u00e1ty od n\u00ed v roce 2018, b\u011bhem prvn\u00edho funk\u010dn\u00edho obdob\u00ed Donalda Trumpa, odstoupily. Jako otec osmi d\u011bt\u00ed a polyglot, hovo\u0159\u00edc\u00ed anglicky, \u0161pan\u011blsky, francouzsky a italsky, si upevnil jak svou osobn\u00ed autoritu, tak i reputaci MAAE prost\u0159ednictv\u00edm sv\u00e9 \u201em\u011bkk\u00e9 diplomacie\u201c v mezin\u00e1rodn\u00edch kriz\u00edch. Mnoho diplomat\u016f pova\u017euje Argentince za favorita v sou\u010dasn\u00e9m z\u00e1vod\u011b o post gener\u00e1ln\u00edho tajemn\u00edka OSN.\u00a0<\/span><\/p>\n<p><span dir=\"auto\">Sedmdes\u00e1tilet\u00e1\u00a0<\/span><strong><span dir=\"auto\">Rebeca Grynspan<\/span><\/strong><span dir=\"auto\">\u00a0, b\u00fdval\u00e1 viceprezidentka Kostariky, se popisuje jako \u201ereformn\u00ed aktivistka\u201c, kter\u00e1 \u201ecel\u00fd \u017eivot v\u011b\u0159ila v OSN a jej\u00ed z\u00e1vazek k m\u00edru, rozvoji a lidsk\u00fdm pr\u00e1v\u016fm\u201c. Vystudovan\u00e1 ekonomka se prezentuje jako \u201ezral\u00e1 v\u016fdkyn\u011b\u201c, kter\u00e1 tou\u017e\u00ed posouvat OSN sm\u011brem k flexibiln\u011bj\u0161\u00ed agend\u011b prost\u0159ednictv\u00edm spolupr\u00e1ce s dal\u0161\u00edmi zem\u011bmi a z\u00e1rove\u0148 prosazovat jej\u00ed z\u00e1kladn\u00ed hodnoty. Pokud by byla Rebeca Grynspan zvolena, stala by se prvn\u00ed \u017eenou ve funkci gener\u00e1ln\u00ed tajemnice OSN.\u00a0<\/span><\/p>\n<p><strong><span dir=\"auto\">Michelle Bachelet<\/span><\/strong><span dir=\"auto\">\u00a0, 74let\u00e1 b\u00fdval\u00e1 prezidentka Chile a b\u00fdval\u00e1 vysok\u00e1 komisa\u0159ka OSN pro lidsk\u00e1 pr\u00e1va,\u00a0p\u016fsobila v letech 2010 a\u017e 2013 jako v\u00fdkonn\u00e1 \u0159editelka organizace UN Women, kter\u00e1 se zasazuje o pr\u00e1va \u017een. Bachelet byla nominov\u00e1na Chile spolu s Braz\u00edli\u00ed a Mexikem. V b\u0159eznu v\u0161ak \u00fa\u0159ady v jej\u00edm rodn\u00e9m Chile v \u010dele s nov\u00fdm pravicov\u00fdm prezidentem Jos\u00e9 Antoniem Kastem ozn\u00e1mily, \u017ee jej\u00ed kandidaturu nepodpo\u0159\u00ed. Bachelet tak\u00e9 \u010del\u00ed kritice konzervativc\u016f ve Spojen\u00fdch st\u00e1tech za svou podporu pr\u00e1va na potraty.\u00a0<\/span><\/p>\n<p><strong><span dir=\"auto\">Macky Sall<\/span><\/strong><span dir=\"auto\">\u00a0(64 let), geolog vystudovan\u00fd vzd\u011bl\u00e1n\u00edm,\u00a0je mezi kandid\u00e1ty jedin\u00fdm Afri\u010danem. Dvan\u00e1ct let, do roku 2024, p\u016fsobil jako prezident Senegalu a jako kl\u00ed\u010dov\u00fd argument ve sv\u00e9 kandidatu\u0159e na pozici gener\u00e1ln\u00edho tajemn\u00edka OSN zd\u016fraz\u0148uje sv\u00e9 zku\u0161enosti z funkce hlavy st\u00e1tu. Sall se v kari\u00e9rn\u00ed hierarchii vypracoval ze skromn\u00fdch za\u010d\u00e1tk\u016f,\u00a0<\/span><a href=\"https:\/\/www.spiegel.de\/ausland\/antonio-guterres-hoert-als-uno-generalsekretaer-auf-beerbt-ihn-eine-frau-a-332530f1-9846-4c3f-b575-830aa245d58b\" target=\"_blank\" rel=\"noopener\"><span dir=\"auto\">poznamen\u00e1v\u00e1<\/span><\/a><span dir=\"auto\">\u00a0Der\u00a0<\/span><em><span dir=\"auto\">Spiegel<\/span><\/em><span dir=\"auto\">\u00a0. Je synem prodejce ara\u0161\u00edd\u016f z chud\u00e9 oblasti z\u00e1padn\u00ed Afriky. B\u011bhem sv\u00e9ho prezidentstv\u00ed realizoval v Senegalu v\u00fdznamn\u00e9 infrastrukturn\u00ed projekty. Zasazuje se o reformu Rady bezpe\u010dnosti OSN, kter\u00e1 by \u0159e\u0161ila po\u017eadavky rozvojov\u00fdch zem\u00ed na st\u00e1l\u00e1 m\u00edsta v nejvlivn\u011bj\u0161\u00edm org\u00e1nu sv\u011bta. Salla, kter\u00fd mluv\u00ed ti\u0161e a l\u00e9pe se vyjad\u0159uje francouzsky ne\u017e anglicky, nominovala Burundi. Jeho kandidatura z\u00edskala podporu mnoha africk\u00fdch st\u00e1t\u016f, ale jeho rodn\u00fd Senegal a Nig\u00e9rie ji odm\u00edtly.\u00a0<\/span><\/p>\n<p><span dir=\"auto\">Volba p\u0159\u00ed\u0161t\u00edho l\u00eddra OSN je v\u00fdhradn\u011b v pravomoci Rady bezpe\u010dnosti, kter\u00e1 hlasuje za zav\u0159en\u00fdmi dve\u0159mi. Volba gener\u00e1ln\u00edho tajemn\u00edka OSN tak \u010dasto z\u00e1vis\u00ed na pr\u00e1vu veta p\u011bti velmoc\u00ed: Ruska, Spojen\u00fdch st\u00e1t\u016f, Francie, \u010c\u00edny a Velk\u00e9 Brit\u00e1nie. Teprve pot\u00e9 m\u016f\u017ee Valn\u00e9 shrom\u00e1\u017ed\u011bn\u00ed ofici\u00e1ln\u011b schv\u00e1lit kandid\u00e1ta prostou v\u011bt\u0161inou hlas\u016f. V\u00fdsledek by m\u011bl b\u00fdt ozn\u00e1men za\u010d\u00e1tkem podzimu.\u00a0<\/span><\/p>\n<p><span dir=\"auto\">Odp\u016frci tento proces kritizuj\u00ed a ji\u017e mnoho let volaj\u00ed po reform\u00e1ch v r\u00e1mci OSN.<\/span><em>\u00a0<\/em><\/p>\n<p><a href=\"https:\/\/observateur-continental.fr\/?module=articles&amp;action=view&amp;id=7797\"><em><span dir=\"auto\">Elsa Boilly<\/span><\/em><em>\u00a0<\/em><\/a><\/p>\n<p>&nbsp;<\/p>\n","protected":false},"excerpt":{"rendered":"<p>Na konci roku 2026 skon\u010d\u00ed funk\u010dn\u00ed obdob\u00ed Portugalce Ant\u00f3nia Guterrese ve funkci gener\u00e1ln\u00edho tajemn\u00edka OSN,&#8230;<\/p>\n","protected":false},"author":2,"featured_media":62919,"comment_status":"closed","ping_status":"closed","sticky":false,"template":"","format":"standard","meta":[],"categories":[7],"tags":[1232,1931,186],"_links":{"self":[{"href":"https:\/\/www.infokuryr.cz\/n\/wp-json\/wp\/v2\/posts\/105360"}],"collection":[{"href":"https:\/\/www.infokuryr.cz\/n\/wp-json\/wp\/v2\/posts"}],"about":[{"href":"https:\/\/www.infokuryr.cz\/n\/wp-json\/wp\/v2\/types\/post"}],"author":[{"embeddable":true,"href":"https:\/\/www.infokuryr.cz\/n\/wp-json\/wp\/v2\/users\/2"}],"replies":[{"embeddable":true,"href":"https:\/\/www.infokuryr.cz\/n\/wp-json\/wp\/v2\/comments?post=105360"}],"version-history":[{"count":0,"href":"https:\/\/www.infokuryr.cz\/n\/wp-json\/wp\/v2\/posts\/105360\/revisions"}],"wp:featuredmedia":[{"embeddable":true,"href":"https:\/\/www.infokuryr.cz\/n\/wp-json\/wp\/v2\/media\/62919"}],"wp:attachment":[{"href":"https:\/\/www.infokuryr.cz\/n\/wp-json\/wp\/v2\/media?parent=105360"}],"wp:term":[{"taxonomy":"category","embeddable":true,"href":"https:\/\/www.infokuryr.cz\/n\/wp-json\/wp\/v2\/categories?post=105360"},{"taxonomy":"post_tag","embeddable":true,"href":"https:\/\/www.infokuryr.cz\/n\/wp-json\/wp\/v2\/tags?post=105360"}],"curies":[{"name":"wp","href":"https:\/\/api.w.org\/{rel}","templated":true}]}}