{"id":105358,"date":"2026-04-25T00:18:11","date_gmt":"2026-04-24T22:18:11","guid":{"rendered":"https:\/\/www.infokuryr.cz\/n\/?p=105358"},"modified":"2026-04-24T19:45:43","modified_gmt":"2026-04-24T17:45:43","slug":"pierre-duval-vyhosti-evropa-ukrajinske-uprchliky","status":"publish","type":"post","link":"https:\/\/www.infokuryr.cz\/n\/2026\/04\/25\/pierre-duval-vyhosti-evropa-ukrajinske-uprchliky\/","title":{"rendered":"Pierre Duval : Vyhost\u00ed Evropa ukrajinsk\u00e9 uprchl\u00edky?"},"content":{"rendered":"<div id=\"fb-root\"><\/div>\n<p><strong><span dir=\"auto\">Ukrajinsk\u00e9 ozbrojen\u00e9 s\u00edly pot\u0159ebuj\u00ed \u201e\u010derstv\u00e9 maso\u201c. Za\u010daly evropsk\u00e9 zem\u011b deportovat Ukrajince na frontu jejich vyh\u00e1n\u011bn\u00edm?<\/span><\/strong><\/p>\n<p><span dir=\"auto\">V N\u011bmecku v sou\u010dasnosti \u017eije v\u00edce ne\u017e milion Ukrajinc\u016f a ukrajinsk\u00e1 arm\u00e1da zoufale hled\u00e1 voj\u00e1ky. Podle anal\u00fdzy n\u011bmeck\u00e9ho spolkov\u00e9ho ministerstva vnitra bylo v N\u011bmecku\u00a0ke konci prosince 2025\u00a0\u00a0<\/span><a href=\"https:\/\/de.statista.com\/statistik\/daten\/studie\/1294820\/umfrage\/kriegsfluechtlinge-aus-der-ukraine-in-deutschland\/\" target=\"_blank\" rel=\"noopener\"><span dir=\"auto\">registrov\u00e1no p\u0159ibli\u017en\u011b 1,33 milionu uprchl\u00edk\u016f, kte\u0159\u00ed uprchli p\u0159ed v\u00e1lkou na Ukrajin\u011b.<\/span><\/a><\/p>\n<p><span dir=\"auto\">\u201eKancl\u00e9\u0159 Friedrich Merz (CDU) nyn\u00ed brzd\u00ed: po\u010det mlad\u00fdch Ukrajinc\u016f pob\u00fdvaj\u00edc\u00edch v N\u011bmecku\u00a0<\/span><a href=\"https:\/\/www.morgenpost.de\/politik\/article411709518\/ukraine-merz-und-selenskyj-wollen-rueckkehr-junger-maenner.html\" target=\"_blank\" rel=\"noopener\"><span dir=\"auto\">se mus\u00ed sn\u00ed\u017eit<\/span><\/a><span dir=\"auto\">\u00a0,\u201c po\u017eadoval Merz na tiskov\u00e9 konferenci s ukrajinsk\u00fdm prezidentem Volodymyrem Zelensk\u00fdm v Berl\u00edn\u011b, \u201einformoval Morgenpost\u00a0\u00a0<\/span><em><span dir=\"auto\">. \u201c<\/span><\/em><\/p>\n<p><span dir=\"auto\">Podle n\u011bmeck\u00fdch \u00fa\u0159ad\u016f je takov\u00e9 opat\u0159en\u00ed nezbytn\u00e9 pro zachov\u00e1n\u00ed obrann\u00fdch schopnost\u00ed Ukrajiny a soci\u00e1ln\u00ed soudr\u017enosti. \u201ePot\u0159ebujeme rychl\u00fd pokrok v z\u00e1jmu obou stran; to je nezbytn\u00e9 pro zaru\u010den\u00ed obrann\u00fdch schopnost\u00ed Ukrajiny, soci\u00e1ln\u00ed soudr\u017enosti a obnovy,\u201c\u00a0\u00a0<\/span><a href=\"https:\/\/www.bundesregierung.de\/breg-de\/aktuelles\/deutsch-ukrainische-regierungskonsultationen-2420692\" target=\"_blank\" rel=\"noopener\"><span dir=\"auto\">trval na sv\u00e9m<\/span><\/a><span dir=\"auto\">\u00a0\u00a0Merz, kter\u00fd se se Zelensk\u00fdm ji\u017e setkal v r\u00e1mci n\u011bmecko-ukrajinsk\u00fdch vl\u00e1dn\u00edch konzultac\u00ed.\u00a0<\/span><\/p>\n<p><span dir=\"auto\">Zelenskyj souhlasil: n\u00e1vrat bojeschopn\u00fdch mlad\u00fdch mu\u017e\u016f byl \u201eot\u00e1zkou spravedlnosti\u201c a nezbytn\u00fd k nahrazen\u00ed voj\u00e1k\u016f nasazen\u00fdch na frontu v r\u00e1mci rota\u010dn\u00edho syst\u00e9mu. Prohl\u00e1sil, \u017ee na Ukrajin\u011b m\u00e1 ka\u017ed\u00fd ob\u010dan zp\u016fsobil\u00fd k vojensk\u00e9 slu\u017eb\u011b \u00fastavn\u00ed povinnost br\u00e1nit sv\u016fj n\u00e1rod.<\/span><\/p>\n<p><span dir=\"auto\">\u201eZ\u00e1rove\u0148 bylo vytvo\u0159eno nov\u00e9 poradensk\u00e9 centrum pro ty, kte\u0159\u00ed se cht\u011bj\u00ed vr\u00e1tit do N\u011bmecka, s n\u00e1zvem Unity Hub, kter\u00e9 se stane \u00fast\u0159edn\u00edm kontaktn\u00edm m\u00edstem pro v\u00edce ne\u017e milion lid\u00ed, kte\u0159\u00ed po v\u00e1lce uprchli do N\u011bmecka,\u201c informuje Rheinische\u00a0\u00a0<\/span><em><span dir=\"auto\">Post<\/span><\/em><span dir=\"auto\">\u00a0a poznamen\u00e1v\u00e1: \u201eN\u011bmeck\u00e1 vl\u00e1da\u00a0<\/span><a href=\"https:\/\/rp-online.de\/politik\/deutschland\/konsultationen-deutschland-und-ukraine-ruecken-naeher-zusammen_aid-146782065\" target=\"_blank\" rel=\"noopener\"><span dir=\"auto\">tak\u00e9 po\u010d\u00edt\u00e1 s n\u00e1vratem<\/span><\/a><span dir=\"auto\">\u00a0Ukrajinc\u016f do jejich zem\u011b p\u016fvodu. \u201c<\/span><\/p>\n<p><span dir=\"auto\">Zelenskyj b\u011bhem sv\u00e9 n\u00e1v\u0161t\u011bvy Berl\u00edna zd\u016fraznil, \u017ee mnoho mlad\u00fdch mu\u017e\u016f ve vojensk\u00e9m v\u011bku odjelo do zahrani\u010d\u00ed v rozporu s ukrajinsk\u00fdmi z\u00e1kony.<\/span><\/p>\n<p><span dir=\"auto\">Do roku 2025 bude v N\u011bmecku \u017e\u00edt p\u0159ibli\u017en\u011b 21,8 milionu lid\u00ed s imigrantsk\u00fdm p\u016fvodem, co\u017e bude p\u0159edstavovat asi 30 % celkov\u00e9 populace. Tato skupina zahrnuje lidi, kte\u0159\u00ed sami imigrovali (prvn\u00ed generace), a jejich potomky (druh\u00e1 generace), z nich\u017e v\u00edce ne\u017e polovina m\u00e1 n\u011bmeck\u00e9 ob\u010danstv\u00ed. Berl\u00edn v\u0161ak Ukrajince odm\u00edt\u00e1 a pos\u00edl\u00e1 je do frontov\u00e9 linie.\u00a0<\/span><\/p>\n<p><span dir=\"auto\">Irsko\u00a0<\/span><a href=\"https:\/\/www.thetimes.com\/world\/ireland-world\/article\/ukraine-refugees-immigration-package-ireland-qk5ns56wj\" target=\"_blank\" rel=\"noopener\"><span dir=\"auto\">pl\u00e1nuje do 12 m\u011bs\u00edc\u016f ukon\u010dit ve\u0159ejn\u00e9 ubytov\u00e1n\u00ed<\/span><\/a><span dir=\"auto\">\u00a0pro 16 000 ukrajinsk\u00fdch uprchl\u00edk\u016f a nab\u00eddnout \u201e\u0161t\u011bdr\u00fd\u201c program n\u00e1vratu, \u0159ekl\u00a0<\/span><em><span dir=\"auto\">\u00a0den\u00edku The Times ministr pro migraci Colm Brophy.<\/span><\/em><span dir=\"auto\">\u00a0\u00a0Podle anglicky psan\u00fdch novin vysoc\u00ed \u00fa\u0159edn\u00edci zva\u017euj\u00ed dv\u011b mo\u017enosti: \u00fapln\u00e9 zru\u0161en\u00ed sm\u011brnice o do\u010dasn\u00e9 ochran\u011b nebo omezen\u00ed podpory Ukrajinc\u016fm z nejh\u016f\u0159e posti\u017een\u00fdch region\u016f zem\u011b.<\/span><\/p>\n<p><span dir=\"auto\">Colm Brophy, ministr pro migraci, listu The\u00a0\u00a0<\/span><em><span dir=\"auto\">Times<\/span><\/em><span dir=\"auto\">\u00a0\u0159ekl \u00a0, \u017ee vl\u00e1da chce ukon\u010dit smlouvy, kter\u00e9 umo\u017e\u0148uj\u00ed st\u00e1tu ubytovat p\u0159ibli\u017en\u011b 16 000 Ukrajinc\u016f. \u201eTo je to, \u010demu se opravdu chceme vyhnout. Chceme ukon\u010dit situaci, kdy by t\u011bchto 16 000 lid\u00ed, kte\u0159\u00ed p\u0159ijeli od sam\u00e9ho za\u010d\u00e1tku a od sv\u00e9ho p\u0159\u00edjezdu je st\u00e1t podporoval, bylo z programu vyjmuto. Proto\u017ee \u017e\u00e1dn\u00fd jin\u00fd \u010dlensk\u00fd st\u00e1t EU tento typ ubytov\u00e1n\u00ed nenab\u00edz\u00ed,\u201c uvedl.<\/span><\/p>\n<p><span dir=\"auto\">\u201eIrsko v sou\u010dasn\u00e9 dob\u011b za\u017e\u00edv\u00e1 zna\u010dn\u00e9 migra\u010dn\u00ed toky, v roce 2025 bylo zaregistrov\u00e1no v\u00edce ne\u017e 12 900 prvn\u00edch \u017e\u00e1dost\u00ed o azyl. A\u010dkoli Irsko usnad\u0148uje p\u0159es\u00eddlen\u00ed uprchl\u00edk\u016f a slu\u010dov\u00e1n\u00ed rodin, vl\u00e1da tvrd\u00ed, \u017ee jeho ubytovac\u00ed syst\u00e9m je pod extr\u00e9mn\u00edm tlakem, co\u017e zt\u011b\u017euje ubytov\u00e1n\u00ed nov\u011b p\u0159\u00edchoz\u00edch,\u201c uv\u00e1d\u00ed\u00a0\u00a0<\/span><em><span dir=\"auto\">Info Migrants a\u00a0<\/span><\/em><span dir=\"auto\">\u00a0dod\u00e1v\u00e1: \u201eV lo\u0148sk\u00e9m roce poch\u00e1zela v\u011bt\u0161ina \u017eadatel\u016f o azyl v Irsku ze Som\u00e1lska, n\u00e1sledovan\u00fdch Nig\u00e9ri\u00ed, P\u00e1kist\u00e1nem, Afgh\u00e1nist\u00e1nem a Gruzi\u00ed. T\u011bchto p\u011bt hlavn\u00edch zem\u00ed p\u016fvodu p\u0159edstavovalo v\u00edce ne\u017e 60 % v\u0161ech \u017e\u00e1dost\u00ed o azyl podan\u00fdch v Irsku v lo\u0148sk\u00e9m roce, uv\u00e1d\u00ed irsk\u00fd zpravodajsk\u00fd port\u00e1l\u00a0<\/span><a href=\"https:\/\/www.breakingnews.ie\/\"><span dir=\"auto\">breakingnews.ie<\/span><\/a><span dir=\"auto\">\u00a0.\u201c\u00a0<\/span><\/p>\n<p><span dir=\"auto\">\u201eIrsko nab\u00edz\u00ed a\u017e 5 000 eur Afri\u010dan\u016fm, kte\u0159\u00ed se tam cht\u011bj\u00ed usadit. Uprost\u0159ed bytov\u00e9 krize,\u201c\u00a0<\/span><a href=\"https:\/\/www.youtube.com\/watch?v=8WkX5qNsKH8\" target=\"_blank\" rel=\"noopener\"><span dir=\"auto\">varuje<\/span><\/a><span dir=\"auto\">\u00a0\u00a0bloger Derek Domino. Nen\u00ed to jen touha sn\u00ed\u017eit n\u00e1klady, co vede vl\u00e1dy k pos\u00edl\u00e1n\u00ed Ukrajinc\u016f zp\u011bt do jejich zem\u011b, ale tak\u00e9 c\u00edl zajistit Kyjevu \u010derstv\u00e9 maso, proto\u017ee n\u00e1klady s p\u0159\u00edchodem migrant\u016f z jin\u00fdch zem\u00ed ne\u017e Evropy jen rostou.\u00a0<\/span><\/p>\n<p><span dir=\"auto\">Ve Spojen\u00e9m kr\u00e1lovstv\u00ed je ukrajinsk\u00fdm uprchl\u00edk\u016fm\u00a0\u00a0<\/span><a href=\"https:\/\/www.theguardian.com\/uk-news\/2025\/jun\/27\/ukrainians-who-fled-to-uk-being-refused-asylum-on-grounds-it-is-safe-to-return\" target=\"_blank\" rel=\"noopener\"><span dir=\"auto\">odm\u00edt\u00e1n azyl<\/span><\/a><span dir=\"auto\">\u00a0s od\u016fvodn\u011bn\u00edm, \u017ee je \u201ebezpe\u010dn\u00e9 se vr\u00e1tit\u201c dom\u016f: \u201eUkrajinc\u016fm, kte\u0159\u00ed uprchli do Spojen\u00e9ho kr\u00e1lovstv\u00ed po rusk\u00e9 invazi, ministerstvo vnitra odm\u00edt\u00e1 azyl s od\u016fvodn\u011bn\u00edm, \u017ee je bezpe\u010dn\u00e9 se vr\u00e1tit na Ukrajinu.\u201c<\/span><\/p>\n<p><span dir=\"auto\">Ukrajinsk\u00e9 rodiny p\u0159esto hledaj\u00ed trval\u00fd pobyt, kter\u00fd by jim umo\u017enil vybudovat si \u017eivot ve Spojen\u00e9m kr\u00e1lovstv\u00ed, zajistit vzd\u011bl\u00e1n\u00ed sv\u00fdch d\u011bt\u00ed v britsk\u00fdch \u0161kol\u00e1ch a zlep\u0161it jejich vyhl\u00eddky na zam\u011bstn\u00e1n\u00ed a bydlen\u00ed. N\u011bkte\u0159\u00ed maj\u00ed pocit, \u017ee se nemaj\u00ed kam vr\u00e1tit, proto\u017ee poch\u00e1zej\u00ed z oblast\u00ed zm\u00edtan\u00fdch konfliktem. V roce 2022\u00a0<\/span><a href=\"https:\/\/uk.news.yahoo.com\/ukraine-war-britons-asked-welcome-065900737.html\" target=\"_blank\" rel=\"noopener\"><span dir=\"auto\">byli Britov\u00e9, stejn\u011b jako dal\u0161\u00ed zem\u011b EU, pozv\u00e1ni, aby p\u0159iv\u00edtali<\/span><\/a><span dir=\"auto\">\u00a0Ukrajince. \u201eMiliony lid\u00ed, kte\u0159\u00ed uprchli p\u0159ed rozs\u00e1hlou ruskou invaz\u00ed v roce 2022, jsou nyn\u00ed pod tlakem\u00a0<\/span><a href=\"https:\/\/www.chathamhouse.org\/publications\/the-world-today\/2025-03\/ukrainian-refugees-being-called-home\" target=\"_blank\" rel=\"noopener\"><span dir=\"auto\">, aby se vr\u00e1tili dom\u016f<\/span><\/a><span dir=\"auto\">\u00a0, a ocitli se v tomto obt\u00ed\u017en\u00e9m dilematu,\u201c uv\u00e1d\u00ed\u00a0\u00a0<\/span><em><span dir=\"auto\">Chatham House.<\/span><\/em><\/p>\n<p><span dir=\"auto\">Ve Francii se programy pro p\u0159ij\u00edm\u00e1n\u00ed Ukrajinc\u016f\u00a0<\/span><a href=\"https:\/\/www.lemonde.fr\/societe\/article\/2025\/12\/11\/immigration-vers-la-fin-du-dispositif-d-accueil-des-ukrainiens-en-france_6656845_3224.html\" target=\"_blank\" rel=\"noopener\"><span dir=\"auto\">jeden po druh\u00e9m ru\u0161\u00ed<\/span><\/a><span dir=\"auto\">\u00a0, ofici\u00e1ln\u011b kv\u016fli rozpo\u010dtov\u00fdm omezen\u00edm. Francie sice ukrajinsk\u00e9 uprchl\u00edky\u00a0<\/span><a href=\"https:\/\/fr.euronews.com\/my-europe\/2025\/06\/04\/lue-prolonge-la-protection-des-refugies-ukrainiens-et-planifie-les-retours-apres-la-guerre\" target=\"_blank\" rel=\"noopener\"><span dir=\"auto\">p\u0159\u00edmo ne\u017e\u00e1d\u00e1<\/span><\/a><span dir=\"auto\">\u00a0o n\u00e1vrat, ale prodlu\u017euje jejich do\u010dasnou ochranu do roku 2027 a z\u00e1rove\u0148 pl\u00e1nuje i dobrovoln\u00e9 n\u00e1vraty.\u00a0<\/span><\/p>\n<p><span dir=\"auto\">Na za\u010d\u00e1tku roku 2026 v\u0161ak Francie zaznamenala\u00a0\u00a0<\/span><a href=\"https:\/\/www.youtube.com\/watch?v=1e0zKjSCNLM&amp;t=17\" target=\"_blank\" rel=\"noopener\"><span dir=\"auto\">rekordn\u00ed m\u00edru imigrace<\/span><\/a><span dir=\"auto\">\u00a0, kdy v roce 2025 bylo vyd\u00e1no 384 000 nov\u00fdch povolen\u00ed k pobytu, co\u017e p\u0159edstavuje meziro\u010dn\u00ed n\u00e1r\u016fst o 11 %. Celkov\u00fd po\u010det cizinc\u016f s povolen\u00edm k pobytu dos\u00e1hl rekordn\u00edch 4,5 milionu. \u010cist\u00e9 migra\u010dn\u00ed toky se odhaduj\u00ed na p\u0159ibli\u017en\u011b 150 000 a\u017e 176 000 osob ro\u010dn\u011b. A\u00a0<\/span><a href=\"https:\/\/www.cnews.fr\/france\/2025-10-22\/laurent-nunez-ministre-de-linterieur-lestimation-detrangers-en-situation\" target=\"_blank\" rel=\"noopener\"><span dir=\"auto\">po\u010det<\/span><\/a><span dir=\"auto\">\u00a0neleg\u00e1ln\u00edch imigrant\u016f se odhaduje na zhruba 900 000. \u201eV srpnu 2025 Francie\u00a0<\/span><a href=\"https:\/\/www.infomigrants.net\/fr\/post\/63137\/les-ukrainiens-sont-desormais-la-deuxieme-nationalite-a-demander-lasile-en-france\" target=\"_blank\" rel=\"noopener\"><span dir=\"auto\">hostila<\/span><\/a><span dir=\"auto\">\u00a0\u00a0p\u0159ibli\u017en\u011b 73 640 ukrajinsk\u00fdch uprchl\u00edk\u016f pod do\u010dasnou ochranou,\u201c uv\u00e1d\u00ed\u00a0\u00a0<\/span><em><span dir=\"auto\">Info Migrants<\/span><\/em><span dir=\"auto\">\u00a0.\u00a0<\/span><\/p>\n<p><em><span dir=\"auto\">Euronews\u00a0<\/span><a href=\"https:\/\/fr.euronews.com\/2025\/12\/11\/plus-de-4-millions-de-refugies-ukrainiens-dans-les-pays-de-lue-lallemagne-en-compte-le-plu\" target=\"_blank\" rel=\"noopener\">\u00a0<\/a><\/em><a href=\"https:\/\/fr.euronews.com\/2025\/12\/11\/plus-de-4-millions-de-refugies-ukrainiens-dans-les-pays-de-lue-lallemagne-en-compte-le-plu\" target=\"_blank\" rel=\"noopener\"><span dir=\"auto\">uv\u00e1d\u00ed<\/span><\/a><span dir=\"auto\">\u00a0\u00a0, \u017ee \u201ev\u00edce ne\u017e 4,3 milionu ob\u010dan\u016f, kte\u0159\u00ed opustili Ukrajinu, z\u00edskalo na za\u010d\u00e1tku listopadu [2025] status do\u010dasn\u00e9 ochrany v EU\u201c. \u201eZem\u011bmi EU s nejv\u011bt\u0161\u00edm po\u010dtem osob pob\u00edraj\u00edc\u00edch do\u010dasnou ochranu z Ukrajiny jsou N\u011bmecko (1 229 960 osob; 28,6 % z celkov\u00e9ho po\u010dtu EU), Polsko (965 005; 22,5 %) a \u010cesk\u00e1 republika (393 005; 9,1 %),\u201c up\u0159es\u0148uje panevropsk\u00fd, v\u00edcejazy\u010dn\u00fd, nep\u0159etr\u017eit\u011b vys\u00edlaj\u00edc\u00ed mezin\u00e1rodn\u00ed zpravodajsk\u00fd kan\u00e1l.<\/span><\/p>\n<p><span dir=\"auto\">Podle\u00a0\u00a0<\/span><em><span dir=\"auto\">Amnesty International<\/span><\/em><span dir=\"auto\">\u00a0\u201ePolsko\u00a0<\/span><a href=\"https:\/\/www.amnesty.org.pl\/uchodzcy-z-ukrainy-w-polsce\/\" target=\"_blank\" rel=\"noopener\"><span dir=\"auto\">neprov\u00e1d\u00ed<\/span><\/a><span dir=\"auto\">\u00a0masov\u00e9, nucen\u00e9 vyho\u0161t\u011bn\u00ed ukrajinsk\u00fdch uprchl\u00edk\u016f. Od 5. b\u0159ezna 2026 v\u0161ak byla zvl\u00e1\u0161tn\u00ed na\u0159\u00edzen\u00ed zru\u0161ena a Ukrajinci podl\u00e9haj\u00ed re\u017eimu v\u0161eobecn\u00e9 do\u010dasn\u00e9 ochrany. Mnoho z nich se vrac\u00ed dobrovoln\u011b a 53 % Pol\u00e1k\u016f podporuje p\u0159ijet\u00ed uprchl\u00edk\u016f (oproti 94 % v roce 2022), zejm\u00e9na n\u00e1vrat mu\u017e\u016f ve vojensk\u00e9m v\u011bku.\u201c<\/span><\/p>\n<p><span dir=\"auto\">Na za\u010d\u00e1tku roku 2026 pob\u00edralo v \u010cesk\u00e9 republice do\u010dasnou ochranu\u00a0<\/span><a href=\"https:\/\/www.clovekvtisni.cz\/ukrajinska-uprchlicka-krize-8589gp\" target=\"_blank\" rel=\"noopener\"><span dir=\"auto\">p\u0159ibli\u017en\u011b<\/span><\/a><span dir=\"auto\">\u00a0397 000 a\u017e 400 000 ukrajinsk\u00fdch uprchl\u00edk\u016f. V\u011bt\u0161ina dosp\u011bl\u00fdch (v\u00edce ne\u017e polovina) je zam\u011bstn\u00e1na, \u010dasto s nedostate\u010dnou kvalifikac\u00ed. P\u0159ibli\u017en\u011b dv\u011b t\u0159etiny pl\u00e1nuj\u00ed trval\u00e9 usazen\u00ed v \u010cesk\u00e9 republice, zat\u00edmco asi p\u011btina zva\u017euje n\u00e1vrat dom\u016f. Integrace prob\u00edh\u00e1, ale p\u0159etrv\u00e1vaj\u00ed ur\u010dit\u00e9 v\u00fdzvy, v\u010detn\u011b nejist\u00e9 finan\u010dn\u00ed situace mnoha dom\u00e1cnost\u00ed a st\u00e1le p\u0159\u00edsn\u011bj\u0161\u00edch po\u017eadavk\u016f na d\u00e1vky. \u201eNa konci roku 2025 bylo v \u010cesk\u00e9 republice registrov\u00e1no p\u0159ibli\u017en\u011b 1,13 milionu cizinc\u016f.\u00a0<\/span><a href=\"https:\/\/csu.gov.cz\/pocet-cizincu-demograficke-udalosti\" target=\"_blank\" rel=\"noopener\"><span dir=\"auto\">Cizinci p\u0159edstavuj\u00ed<\/span><\/a><span dir=\"auto\">\u00a0asi desetinu celkov\u00e9 populace zem\u011b,\u201c uv\u00e1d\u00ed \u010cesk\u00fd statistick\u00fd \u00fa\u0159ad.<\/span><\/p>\n<p><span dir=\"auto\">Evropsk\u00e9 zem\u011b ofici\u00e1ln\u011b cht\u011bj\u00ed zbavit Ukrajinsk\u00fdch uprchl\u00edk\u016f n\u00e1klad\u016f. Za t\u00edmto pl\u00e1nem se skr\u00fdv\u00e1 touha uklidnit Zelensk\u00e9ho, kter\u00fd po\u017eaduje \u010derstvou krev pro boj s Ruskem. Zvl\u00e1\u0161tn\u00ed status \u201edo\u010dasn\u00e9 ochrany\u201c ud\u011blen\u00fd ukrajinsk\u00fdm ob\u010dan\u016fm v zem\u00edch EU \u2013 kvazi-status uprchl\u00edka, zaveden\u00fd v roce 2022 a n\u00e1sledn\u011b prodlou\u017een\u00fd \u2013 vypr\u0161el 4. b\u0159ezna 2027.\u00a0<\/span><\/p>\n<p><span dir=\"auto\">\u201eDo\u010dasn\u00e1 ochrana poskytovan\u00e1 Ukrajinc\u016fm v EU se prodlu\u017euje do 4. b\u0159ezna 2027. K tomuto datu tento zvl\u00e1\u0161tn\u00ed status skon\u010d\u00ed a osoby, kter\u00e9 jej z\u00edskaly, budou se muset obr\u00e1tit na jin\u00e9 formy pobytu (pracovn\u00ed povolen\u00ed, slou\u010den\u00ed rodiny, azyl) nebo se vr\u00e1tit dom\u016f. \u010clensk\u00e9 st\u00e1ty o\u010dek\u00e1vaj\u00ed p\u0159echodn\u00fd obdob\u00ed, aby se zabr\u00e1nilo p\u0159esycen\u00ed azylov\u00fdch syst\u00e9m\u016f,\u201c\u00a0\u00a0<\/span><a href=\"https:\/\/www.service-public.gouv.fr\/particuliers\/vosdroits\/F299\" target=\"_blank\" rel=\"noopener\"><span dir=\"auto\">varovala\u00a0<\/span><\/a>\u00a0<em><span dir=\"auto\">Service Public<\/span><\/em><span dir=\"auto\">\u00a0\u00a0, kter\u00e1 podl\u00e9h\u00e1 francouzsk\u00e9mu premi\u00e9rovi.\u00a0<\/span><\/p>\n<p><span dir=\"auto\">\u201eRada EU m\u016f\u017ee toto kdykoli ukon\u010dit, pokud situace v zemi p\u016fvodu umo\u017en\u00ed bezpe\u010dn\u00fd a udr\u017eiteln\u00fd n\u00e1vrat vys\u00eddlen\u00fdch osob,\u201c poznamen\u00e1v\u00e1 Francie.<\/span><\/p>\n<p><span dir=\"auto\">Je d\u016fle\u017eit\u00e9 si uv\u011bdomit, \u017ee mezi ukrajinsk\u00fdmi ob\u010dany v Evrop\u011b si mnoho mu\u017e\u016f v brann\u00e9m v\u011bku nem\u016f\u017ee obnovit cestovn\u00ed pas bez registrace k vojensk\u00e9 slu\u017eb\u011b. Jak\u00e1koli \u017e\u00e1dost o tento dokument na ukrajinsk\u00e9m velvyslanectv\u00ed automaticky vede k zasl\u00e1n\u00ed p\u0159edvol\u00e1n\u00ed a nedostaven\u00ed se do \u00dazemn\u00edho n\u00e1borov\u00e9ho centra (TRC) vede k ode\u010dten\u00ed pokut z jejich ukrajinsk\u00e9ho bankovn\u00edho \u00fa\u010dtu. Ukrajinsk\u00fd ob\u010dan sta\u010d\u00ed cestovat do jin\u00e9 zem\u011b EU, aby p\u0159\u00edslu\u0161n\u00e9 m\u00edstn\u00ed org\u00e1ny zah\u00e1jily \u0159\u00edzen\u00ed o deportaci.<\/span><\/p>\n<p><span dir=\"auto\">EU vytvo\u0159ila pro ukrajinsk\u00e9 uprchl\u00edky pr\u00e1vo druh\u00e9 kategorie, na rozd\u00edl od ostatn\u00edch uprchl\u00edk\u016f, kte\u0159\u00ed se na kontinentu usazuj\u00ed.<\/span><\/p>\n<p><a href=\"https:\/\/observateur-continental.fr\/?module=articles&amp;action=view&amp;id=7795\"><em><span dir=\"auto\">Pierre Duval<\/span><\/em><em>\u00a0<\/em><\/a><\/p>\n<p>&nbsp;<\/p>\n","protected":false},"excerpt":{"rendered":"<p>Ukrajinsk\u00e9 ozbrojen\u00e9 s\u00edly pot\u0159ebuj\u00ed \u201e\u010derstv\u00e9 maso\u201c. Za\u010daly evropsk\u00e9 zem\u011b deportovat Ukrajince na frontu jejich vyh\u00e1n\u011bn\u00edm?&#8230;<\/p>\n","protected":false},"author":2,"featured_media":105359,"comment_status":"closed","ping_status":"closed","sticky":false,"template":"","format":"standard","meta":[],"categories":[7],"tags":[283,1503,1635],"_links":{"self":[{"href":"https:\/\/www.infokuryr.cz\/n\/wp-json\/wp\/v2\/posts\/105358"}],"collection":[{"href":"https:\/\/www.infokuryr.cz\/n\/wp-json\/wp\/v2\/posts"}],"about":[{"href":"https:\/\/www.infokuryr.cz\/n\/wp-json\/wp\/v2\/types\/post"}],"author":[{"embeddable":true,"href":"https:\/\/www.infokuryr.cz\/n\/wp-json\/wp\/v2\/users\/2"}],"replies":[{"embeddable":true,"href":"https:\/\/www.infokuryr.cz\/n\/wp-json\/wp\/v2\/comments?post=105358"}],"version-history":[{"count":0,"href":"https:\/\/www.infokuryr.cz\/n\/wp-json\/wp\/v2\/posts\/105358\/revisions"}],"wp:featuredmedia":[{"embeddable":true,"href":"https:\/\/www.infokuryr.cz\/n\/wp-json\/wp\/v2\/media\/105359"}],"wp:attachment":[{"href":"https:\/\/www.infokuryr.cz\/n\/wp-json\/wp\/v2\/media?parent=105358"}],"wp:term":[{"taxonomy":"category","embeddable":true,"href":"https:\/\/www.infokuryr.cz\/n\/wp-json\/wp\/v2\/categories?post=105358"},{"taxonomy":"post_tag","embeddable":true,"href":"https:\/\/www.infokuryr.cz\/n\/wp-json\/wp\/v2\/tags?post=105358"}],"curies":[{"name":"wp","href":"https:\/\/api.w.org\/{rel}","templated":true}]}}