{"id":105356,"date":"2026-04-25T00:17:42","date_gmt":"2026-04-24T22:17:42","guid":{"rendered":"https:\/\/www.infokuryr.cz\/n\/?p=105356"},"modified":"2026-04-24T19:34:47","modified_gmt":"2026-04-24T17:34:47","slug":"andrew-korybko-spojene-staty-pozaduji-aby-evropane-urychlili-prechod-k-nato-3-0","status":"publish","type":"post","link":"https:\/\/www.infokuryr.cz\/n\/2026\/04\/25\/andrew-korybko-spojene-staty-pozaduji-aby-evropane-urychlili-prechod-k-nato-3-0\/","title":{"rendered":"Andrew Korybko: Spojen\u00e9 st\u00e1ty po\u017eaduj\u00ed, aby Evropan\u00e9 urychlili p\u0159echod k \u201eNATO 3.0\u201c"},"content":{"rendered":"<div id=\"fb-root\"><\/div>\n<p><strong><span dir=\"auto\">Toto m\u016f\u017ee b\u00fdt posledn\u00ed varov\u00e1n\u00ed ze strany Spojen\u00fdch st\u00e1t\u016f p\u0159ed p\u0159ijet\u00edm drastick\u00fdch opat\u0159en\u00ed k potrest\u00e1n\u00ed t\u011bch, kte\u0159\u00ed nad\u00e1le odm\u00edtaj\u00ed Trumpovy po\u017eadavky.<\/span><\/strong><\/p>\n<p><span dir=\"auto\">N\u00e1m\u011bstek ministra v\u00e1lky pro politick\u00e9 z\u00e1le\u017eitosti Elbridge Colby p\u0159ednesl\u00a0\u00a0v polovin\u011b dubna\u00a0<\/span><a href=\"https:\/\/www.war.gov\/News\/Speeches\/Speech\/Article\/4461862\/remarks-by-under-secretary-of-war-for-policy-elbridge-colby-at-the-ukraine-defe\/\" target=\"_blank\" rel=\"noopener\"><span dir=\"auto\">v\u00fdznamn\u00fd projev na zased\u00e1n\u00ed Kontaktn\u00ed skupiny pro obranu k Ukrajin\u011b, v n\u011bm\u017e vyzval Evropany, aby urychlili p\u0159echod k n\u011b\u010demu, co za\u010d\u00e1tkem tohoto roku popsal jako \u201eNATO 3.0\u201c. Jak bylo vysv\u011btleno, \u201e\u00a0<\/span><\/a><a href=\"https:\/\/korybko.substack.com\/p\/trump-20s-vision-of-nato-30-perfectly\" target=\"_blank\" rel=\"noopener\"><span dir=\"auto\">my\u0161lenka je, \u017ee<\/span><\/a><span dir=\"auto\">\u00a0by se NATO m\u011blo znovu zam\u011b\u0159it na svou obranu, m\u00edsto aby se nadm\u011brn\u011b roz\u0161i\u0159ovalo v Indo-Pacifiku, z\u00e1padn\u00ed Asii, v\u00fdchodn\u00ed Evrop\u011b a jinde\u201c, a p\u0159edchoz\u00ed hypertextov\u00e1 anal\u00fdza vysv\u011btluje, jak se to shoduje s politikou Trumpa 2.0.\u00a0<\/span><\/p>\n<p><span dir=\"auto\">V reakci na Colbyho projev po\u017eadoval, aby \u201eEvropa urychlila p\u0159evzet\u00ed prim\u00e1rn\u00ed odpov\u011bdnosti za konven\u010dn\u00ed obranu kontinentu\u201c, zejm\u00e9na vyzbrojen\u00edm Ukrajiny prost\u0159ednictv\u00edm programu \u201eSeznam prioritn\u00edch pot\u0159eb pro Ukrajinu\u201c (PURL), v n\u011bm\u017e Spojen\u00e9 st\u00e1ty hraj\u00ed nejv\u00fdznamn\u011bj\u0161\u00ed roli. Za t\u00edmto \u00fa\u010delem je \u201enutnost rychl\u00e9ho dopln\u011bn\u00ed evropsk\u00fdch z\u00e1sob munice prvo\u0159ad\u00e1, stejn\u011b jako pot\u0159eba odstranit protekcionistick\u00e9 obchodn\u00ed bari\u00e9ry, kter\u00e9 tlum\u00ed pr\u016fmyslov\u00fd potenci\u00e1l kontinentu\u201c.\u00a0<\/span><\/p>\n<p><span dir=\"auto\">Dodal, \u017ee \u201erozvoj robustn\u00ed, schopn\u00e9 a integrovan\u00e9 evropsk\u00e9 obrann\u00e9 pr\u016fmyslov\u00e9 z\u00e1kladny nem\u016f\u017ee b\u00fdt pouhou aspirac\u00ed, ale absolutn\u00edm p\u0159edpokladem pro d\u016fv\u011bryhodn\u00e9 odstra\u0161ov\u00e1n\u00ed a obranu.\u201c Colby, v\u011bdom si sv\u00e9 posedlosti Ukrajinou, dodal, \u017ee \u201eto bude nezbytn\u00e9 pro ukon\u010den\u00ed v\u00e1lky na Ukrajin\u011b za podm\u00ednek p\u0159\u00edzniv\u00fdch pro trval\u00fd m\u00edr\u201c. Pot\u00e9 vyzval k v\u011bt\u0161\u00edm \u201e\u010dinnostem a z\u00e1sadn\u00ed zm\u011bn\u011b postoje\u201c z jejich strany, aby se \u201eurychlil tento p\u0159echod k \u201aNATO 3.0\u2018\u201c.\u00a0<\/span><\/p>\n<p><span dir=\"auto\">Colby uzav\u0159el: \u201ePokud Evropa dok\u00e1\u017ee dos\u00e1hnout t\u00e9to f\u00e1ze \u2013 skute\u010dn\u011b p\u0159evz\u00edt prim\u00e1rn\u00ed odpov\u011bdnost za obranu kontinentu v souladu s na\u0161\u00ed viz\u00ed vyv\u00e1\u017een\u00e9ho \u201aNATO 3.0\u2018 \u2013 budeme v\u0161ichni siln\u011bj\u0161\u00ed a d\u016fv\u011bryhodn\u011bj\u0161\u00ed v obran\u011b na\u0161ich lid\u00ed a na\u0161ich n\u00e1rodn\u00edch z\u00e1jm\u016f.\u201c V polovin\u011b sv\u00e9ho projevu tak\u00e9 vydal pochmurn\u00e9 varov\u00e1n\u00ed: \u201eZd\u016fraz\u0148uji z\u00e1sadn\u00ed v\u00fdznam [intervence NATO s c\u00edlem pomoci zabezpe\u010dit Hormuzsk\u00fd pr\u016fliv, jak o\u010dek\u00e1v\u00e1 Trump] pro budoucnost na\u0161eho vztahu.\u201c\u00a0<\/span><\/p>\n<p><span dir=\"auto\">Jak\u00a0<\/span><a href=\"https:\/\/korybko.substack.com\/p\/nato-is-in-a-dilemma-over-whether\" target=\"_blank\" rel=\"noopener\"><span dir=\"auto\">bylo zhodnoceno<\/span><\/a><span dir=\"auto\">\u00a0minul\u00fd m\u011bs\u00edc a jak Colby pr\u00e1v\u011b implicitn\u011b znovu potvrdil, Spojen\u00e9 st\u00e1ty by mohly urychlit sv\u016fj pl\u00e1n na\u00a0<\/span><a href=\"https:\/\/thealtworld.com\/andrew_korybko\/the-us-new-national-security-strategy-details-how-trump-2-0-will-respond-to-multipolarity\" target=\"_blank\" rel=\"noopener\"><span dir=\"auto\">p\u0159edefinov\u00e1n\u00ed vojensk\u00fdch priorit<\/span><\/a><span dir=\"auto\">\u00a0\u00a0z Evropy na Ameriku a Indo-Pacifik, pokud odm\u00edtnou Trump\u016fv po\u017eadavek na ukon\u010den\u00ed v\u00fdznamn\u00fdch p\u0159\u00edsp\u011bvk\u016f do PUL d\u0159\u00edve, ne\u017e je NATO bude moci nahradit. To by usnadnilo \u00fapln\u00e9 rusk\u00e9 v\u00edt\u011bzstv\u00ed na Ukrajin\u011b, nebo by alespo\u0148 vyvolalo v Evropanech obavy, \u017ee je to nevyhnuteln\u00e9, pokud nezas\u00e1hnou okam\u017eit\u011b pot\u00e9, co jim znovu\u00a0<\/span><a href=\"https:\/\/korybko.substack.com\/p\/five-takeaways-from-trumps-fateful\" target=\"_blank\" rel=\"noopener\"><span dir=\"auto\">od\u0159\u00edzne zbran\u011b<\/span><\/a><span dir=\"auto\">\u00a0, a donut\u00ed je tak d\u011blat, co se mu zl\u00edb\u00ed.\u00a0<\/span><\/p>\n<p><span dir=\"auto\">Pokud n\u011bkte\u0159\u00ed \u010dlenov\u00e9 bloku odm\u00edtnou p\u0159isp\u011bt, zat\u00edmco jin\u00ed ano, mohl by Trump zav\u00e9st sv\u016fj zde popsan\u00fd model \u201eplatit za hru\u201c, kter\u00fd by vylou\u010dil \u201edisidenty\u201c z rozhodovac\u00edch proces\u016f a odvolal by americkou podporu podle \u010dl\u00e1nku 5. Tyto sankce by mohly b\u00fdt uvaleny i za odm\u00edtnut\u00ed p\u0159id\u011blit 5 % HDP na obranu. Je vysoce pravd\u011bpodobn\u00e9, \u017ee se Colby o t\u011bchto trestn\u00fdch pl\u00e1nech pod\u011blil se sv\u00fdmi prot\u011bj\u0161ky na okraji akce, i kdy\u017e o nich jen nazna\u010dil.\u00a0<\/span><\/p>\n<p><span dir=\"auto\">Jeho v\u00fdzvu k urychlen\u00ed p\u0159echodu na \u201eNATO 3.0\u201c, co\u017e je jeho my\u0161lenka, lze proto vn\u00edmat jako posledn\u00ed varov\u00e1n\u00ed Spojen\u00fdch st\u00e1t\u016f p\u0159edt\u00edm, ne\u017e p\u0159ijmou drastick\u00e1 opat\u0159en\u00ed k potrest\u00e1n\u00ed t\u011bch, kte\u0159\u00ed nad\u00e1le odm\u00edtaj\u00ed Trumpovy po\u017eadavky. Jednou z forem, kter\u00e9 by to mohlo m\u00edt, je zaveden\u00ed modelu \u201eplati za hru\u201c, zat\u00edmco dal\u0161\u00ed by mohlo b\u00fdt op\u011btovn\u00e9 od\u0159\u00edznut\u00ed zbran\u00ed Ukrajin\u011b. Oboj\u00ed by se mohlo st\u00e1t i sou\u010dasn\u011b. Nen\u00ed jasn\u00e9, co p\u0159esn\u011b ud\u011bl\u00e1 NATO jako celek, nato\u017e jeho jednotliv\u00ed \u010dlenov\u00e9, ale je z\u0159ejm\u00e9, \u017ee Trump s nimi ztr\u00e1c\u00ed trp\u011blivost.\u00a0<\/span><\/p>\n<p><a href=\"https:\/\/reseauinternational.net\/les-etats-unis-ont-exige-que-les-europeens-accelerent-leur-transition-vers-lotan-3-0\/\"><em><span dir=\"auto\">Andrew Korybko<\/span> , PhD,<\/em><\/a><\/p>\n<p><span dir=\"auto\"><img decoding=\"async\" loading=\"lazy\" class=\"alignnone wp-image-22017\" src=\"http:\/\/www.infokuryr.cz\/n\/wp-content\/uploads\/2023\/01\/andrew-korybko-300x300.jpg\" alt=\"\" width=\"148\" height=\"148\" srcset=\"https:\/\/www.infokuryr.cz\/n\/wp-content\/uploads\/2023\/01\/andrew-korybko-300x300.jpg 300w, https:\/\/www.infokuryr.cz\/n\/wp-content\/uploads\/2023\/01\/andrew-korybko-150x150.jpg 150w, https:\/\/www.infokuryr.cz\/n\/wp-content\/uploads\/2023\/01\/andrew-korybko.jpg 400w\" sizes=\"(max-width: 148px) 100vw, 148px\" \/><\/span><\/p>\n<p>&nbsp;<\/p>\n","protected":false},"excerpt":{"rendered":"<p>Toto m\u016f\u017ee b\u00fdt posledn\u00ed varov\u00e1n\u00ed ze strany Spojen\u00fdch st\u00e1t\u016f p\u0159ed p\u0159ijet\u00edm drastick\u00fdch opat\u0159en\u00ed k potrest\u00e1n\u00ed&#8230;<\/p>\n","protected":false},"author":2,"featured_media":105357,"comment_status":"closed","ping_status":"closed","sticky":false,"template":"","format":"standard","meta":[],"categories":[7],"tags":[1042,38,37],"_links":{"self":[{"href":"https:\/\/www.infokuryr.cz\/n\/wp-json\/wp\/v2\/posts\/105356"}],"collection":[{"href":"https:\/\/www.infokuryr.cz\/n\/wp-json\/wp\/v2\/posts"}],"about":[{"href":"https:\/\/www.infokuryr.cz\/n\/wp-json\/wp\/v2\/types\/post"}],"author":[{"embeddable":true,"href":"https:\/\/www.infokuryr.cz\/n\/wp-json\/wp\/v2\/users\/2"}],"replies":[{"embeddable":true,"href":"https:\/\/www.infokuryr.cz\/n\/wp-json\/wp\/v2\/comments?post=105356"}],"version-history":[{"count":0,"href":"https:\/\/www.infokuryr.cz\/n\/wp-json\/wp\/v2\/posts\/105356\/revisions"}],"wp:featuredmedia":[{"embeddable":true,"href":"https:\/\/www.infokuryr.cz\/n\/wp-json\/wp\/v2\/media\/105357"}],"wp:attachment":[{"href":"https:\/\/www.infokuryr.cz\/n\/wp-json\/wp\/v2\/media?parent=105356"}],"wp:term":[{"taxonomy":"category","embeddable":true,"href":"https:\/\/www.infokuryr.cz\/n\/wp-json\/wp\/v2\/categories?post=105356"},{"taxonomy":"post_tag","embeddable":true,"href":"https:\/\/www.infokuryr.cz\/n\/wp-json\/wp\/v2\/tags?post=105356"}],"curies":[{"name":"wp","href":"https:\/\/api.w.org\/{rel}","templated":true}]}}