{"id":105351,"date":"2026-04-24T00:55:17","date_gmt":"2026-04-23T22:55:17","guid":{"rendered":"https:\/\/www.infokuryr.cz\/n\/?p=105351"},"modified":"2026-04-24T00:55:17","modified_gmt":"2026-04-23T22:55:17","slug":"ondrej-prokop-neviditelni-hrdinove-a-hrdinky-kteri-pomuzou-kdyz-i-stat-selze-socialni-nadacni-fond-hmp","status":"publish","type":"post","link":"https:\/\/www.infokuryr.cz\/n\/2026\/04\/24\/ondrej-prokop-neviditelni-hrdinove-a-hrdinky-kteri-pomuzou-kdyz-i-stat-selze-socialni-nadacni-fond-hmp\/","title":{"rendered":"Ond\u0159ej Prokop: Neviditeln\u00ed hrdinov\u00e9 a hrdinky, kte\u0159\u00ed pom\u016f\u017eou, kdy\u017e i st\u00e1t sel\u017ee. | Soci\u00e1ln\u00ed nada\u010dn\u00ed fond HMP"},"content":{"rendered":"<div id=\"fb-root\"><\/div>\n<p>\u201eP\u0159edstavte si, \u017ee m\u00e1te jen 5 dn\u00ed na vyst\u011bhov\u00e1n\u00ed a \u00fa\u0159ady v\u00e1m pomohou teprve, a\u017e kdy\u017e budete \u00fapln\u011b na ulici.&#8220; P\u0159esn\u011b to se stalo jedn\u00e9 z klientek Soci\u00e1ln\u00edho nada\u010dn\u00edho fondu.<\/p>\n<p>\ud83d\udc49 Jak funguje z\u00e1chrann\u00e1 s\u00ed\u0165 pro Pra\u017eany, kdy\u017e st\u00e1tn\u00ed syst\u00e9m selh\u00e1v\u00e1?<br \/>\n\ud83d\udc49 Jak\u00e9 jsou 4 hlavn\u00ed oblasti, ve kter\u00fdch Soci\u00e1ln\u00ed nada\u010dn\u00ed fond HMP pod\u00e1v\u00e1 pomocnou ruku?<br \/>\n\ud83d\udc49 Jak m\u016f\u017ee p\u00e1r tis\u00edc korun v\u010das zabr\u00e1nit ztr\u00e1t\u011b domova?<br \/>\n\ud83d\udc49 Kdo pom\u00e1h\u00e1 t\u011bm, kte\u0159\u00ed se staraj\u00ed o druh\u00e9 \u2013 pe\u010duj\u00edc\u00edm a p\u011bstoun\u016fm?<br \/>\n\ud83d\udc49 Jak funguje unik\u00e1tn\u00ed princip, kdy hlavn\u00ed m\u011bsto zdvojn\u00e1sob\u00ed ka\u017edou va\u0161i darovanou korunu?<br \/>\n\ud83d\udc49 Jak\u00fd nov\u00fd program pom\u00e1h\u00e1 lidem vyrovnat se se ztr\u00e1tou bl\u00edzk\u00e9ho \u010dlov\u011bka?<\/p>\n<p>O tom i o dal\u0161\u00edch t\u00e9matech jsme se bavili v podcastu \u010cau Praho s hostem \ud83d\udde3\ufe0f, kde v\u00e1m pr\u016fb\u011b\u017en\u011b p\u0159edstavuji zaj\u00edmav\u00e9 osobnosti. Budu moc r\u00e1d, kdy\u017e si dne\u0161n\u00ed d\u00edl pust\u00edte a nap\u00ed\u0161ete n\u00e1m v\u00e1\u0161 n\u00e1zor nebo post\u0159eh do koment\u00e1\u0159\u016f. Pros\u00edm tak\u00e9 o sd\u00edlen\u00ed. P\u0159edem moc d\u011bkuji!<\/p>\n<p><strong>Barbora Novosadov\u00e1<\/strong>\u00a0a\u00a0<strong>Dagmar Kl\u00e1rov\u00e1<\/strong>\u00a0zastupuj\u00ed Soci\u00e1ln\u00ed nada\u010dn\u00ed fond hlavn\u00edho m\u011bsta Prahy. Denn\u011b se setk\u00e1vaj\u00ed s p\u0159\u00edb\u011bhy lid\u00ed v nouzi a vytv\u00e1\u0159ej\u00ed syst\u00e9m rychl\u00e9 a efektivn\u00ed pomoci tam, kde je nejv\u00edce pot\u0159eba.<\/p>\n<p><iframe loading=\"lazy\" title=\"Neviditeln\u00ed hrdinov\u00e9 a hrdinky, kte\u0159\u00ed pom\u016f\u017eou, kdy\u017e i st\u00e1t sel\u017ee. | Soci\u00e1ln\u00ed nada\u010dn\u00ed fond HMP\" width=\"640\" height=\"360\" src=\"https:\/\/www.youtube.com\/embed\/aMj_pVJkKm0?feature=oembed\" frameborder=\"0\" allow=\"accelerometer; autoplay; clipboard-write; encrypted-media; gyroscope; picture-in-picture; web-share\" referrerpolicy=\"strict-origin-when-cross-origin\" allowfullscreen><\/iframe><\/p>\n<p>Ing. Ond\u0159ej Prokop<\/p>\n<p>&nbsp;<\/p>\n","protected":false},"excerpt":{"rendered":"<p>\u201eP\u0159edstavte si, \u017ee m\u00e1te jen 5 dn\u00ed na vyst\u011bhov\u00e1n\u00ed a \u00fa\u0159ady v\u00e1m pomohou teprve, a\u017e&#8230;<\/p>\n","protected":false},"author":2,"featured_media":47151,"comment_status":"closed","ping_status":"closed","sticky":false,"template":"","format":"standard","meta":[],"categories":[6],"tags":[1503,1766,889],"_links":{"self":[{"href":"https:\/\/www.infokuryr.cz\/n\/wp-json\/wp\/v2\/posts\/105351"}],"collection":[{"href":"https:\/\/www.infokuryr.cz\/n\/wp-json\/wp\/v2\/posts"}],"about":[{"href":"https:\/\/www.infokuryr.cz\/n\/wp-json\/wp\/v2\/types\/post"}],"author":[{"embeddable":true,"href":"https:\/\/www.infokuryr.cz\/n\/wp-json\/wp\/v2\/users\/2"}],"replies":[{"embeddable":true,"href":"https:\/\/www.infokuryr.cz\/n\/wp-json\/wp\/v2\/comments?post=105351"}],"version-history":[{"count":0,"href":"https:\/\/www.infokuryr.cz\/n\/wp-json\/wp\/v2\/posts\/105351\/revisions"}],"wp:featuredmedia":[{"embeddable":true,"href":"https:\/\/www.infokuryr.cz\/n\/wp-json\/wp\/v2\/media\/47151"}],"wp:attachment":[{"href":"https:\/\/www.infokuryr.cz\/n\/wp-json\/wp\/v2\/media?parent=105351"}],"wp:term":[{"taxonomy":"category","embeddable":true,"href":"https:\/\/www.infokuryr.cz\/n\/wp-json\/wp\/v2\/categories?post=105351"},{"taxonomy":"post_tag","embeddable":true,"href":"https:\/\/www.infokuryr.cz\/n\/wp-json\/wp\/v2\/tags?post=105351"}],"curies":[{"name":"wp","href":"https:\/\/api.w.org\/{rel}","templated":true}]}}