{"id":105340,"date":"2026-04-28T00:13:17","date_gmt":"2026-04-27T22:13:17","guid":{"rendered":"https:\/\/www.infokuryr.cz\/n\/?p=105340"},"modified":"2026-04-28T02:12:30","modified_gmt":"2026-04-28T00:12:30","slug":"izraelsko-americky-civilizacni-utok-na-iran","status":"publish","type":"post","link":"https:\/\/www.infokuryr.cz\/n\/2026\/04\/28\/izraelsko-americky-civilizacni-utok-na-iran\/","title":{"rendered":"(Izraelsko-americk\u00fd) civiliza\u010dn\u00ed \u00fatok na \u00cdr\u00e1n"},"content":{"rendered":"<div id=\"fb-root\"><\/div>\n<p><strong><span dir=\"auto\">\u201eStar\u00fd sv\u011bt um\u00edr\u00e1, nov\u00fd sv\u011bt se usilovn\u011b sna\u017e\u00ed zrodit a v tomto soumraku se vyno\u0159uj\u00ed monstra.\u201c ~ Antonio Gramsci<\/span><\/strong><\/p>\n<p><span dir=\"auto\">N\u011bkdo kdysi \u0159ekl\u00a0\u00a0<\/span><em><span dir=\"auto\">: \u201eLe\u017e je bez z\u00e1pachu&#8230; ale jej\u00ed z\u00e1pach se k n\u00e1m nedostane!\u201c Agrese proti \u00cdr\u00e1nu odhaluje tuto z\u00e1padn\u00ed dvojakost. Jeho z\u00e1pach n\u00e1s su\u017euje u\u017e tis\u00edcilet\u00ed!<\/span><\/em><\/p>\n<p><span dir=\"auto\">Od \u00fasvitu \u0159eck\u00e9 mytologie Z\u00e1pad chytal lidstvo do pasti sv\u00fdch l\u017e\u00ed a udr\u017eoval m\u00fdtus o sv\u00e9m vlastn\u00edm stvo\u0159en\u00ed ex nihilo, zrozen\u00e9m z bezesn\u00e9 noci Minervy, vych\u00e1zej\u00edc\u00edm ze t\u0159\u00ed nesmrteln\u00fdch matek: starov\u011bk\u00fdch Ath\u00e9n, v\u011b\u010dn\u00e9ho Jeruzal\u00e9ma a mocn\u00e9ho \u0158\u00edma. Jin\u00e9 civilizace byly podle tohoto vypr\u00e1v\u011bn\u00ed p\u0159edur\u010deny k pohlcen\u00ed oce\u00e1ny a mo\u0159i, smeten\u00ed hurik\u00e1ny v \u00fadol\u00edch a \u0159ek\u00e1ch a poh\u0159ben\u00ed pod p\u00edskem rozlehl\u00fdch pou\u0161t\u00ed.<\/span><\/p>\n<p><span dir=\"auto\">P\u0159\u00edli\u0161 dlouho \u017eijeme ve l\u017ei; v\u0161echny modern\u00ed n\u00e1rody se pod\u00edlej\u00ed na jej\u00edm \u0161\u00ed\u0159en\u00ed, proto\u017ee na n\u00ed z\u00e1vis\u00ed jejich soudr\u017enost a moc. Kananejsk\u00fd lid v Palestin\u011b s t\u00edm naproti tomu nem\u00e1 v\u016fbec nic spole\u010dn\u00e9ho!<\/span><\/p>\n<p><span dir=\"auto\">Ve skute\u010dnosti modern\u00ed \u010dlov\u011bk nev\u00ed nic o sv\u00e9 historii, sv\u00e9m p\u016fvodu ani o sv\u00e9 kultu\u0159e! V\u0161echno je zkreslen\u00e9 a zfal\u0161ovan\u00e9. P\u0159esto \u0161\u00edlenstv\u00ed, kter\u00e9 dnes sv\u00edr\u00e1 lidstvo, je schopn\u00e9 vyhladit ve\u0161ker\u00fd \u017eivot na Zemi!<\/span><\/p>\n<p><span dir=\"auto\">Nic nov\u00e9ho pod sluncem. Sou\u010dasn\u00fd konflikt mezi izraelsko-americkou (genocidn\u00ed) alianc\u00ed a \u00cdr\u00e1nskou isl\u00e1mskou republikou nen\u00ed v\u00e1lkou v konven\u010dn\u00edm slova smyslu, ale sp\u00ed\u0161e zr\u00e1dnou agres\u00ed Ameri\u010dan\u016f, na kterou si n\u00e1s zvykli od sv\u00fdch p\u0159ekvapiv\u00fdch v\u00e1lek ve Vietnamu, Ir\u00e1ku, Afgh\u00e1nist\u00e1nu a Libyi.<\/span><\/p>\n<p><span dir=\"auto\">Zd\u00e1 se, \u017ee budoucnost tohoto sv\u011bta, kterou zanech\u00e1me sv\u00fdm d\u011btem a vnou\u010dat\u016fm, se bude podobat t\u00e9m\u011b\u0159 v\u0161emu, co zplodily obsc\u00e9nnosti \u201epostmodern\u00edho\u201c diskurzu.<\/span><\/p>\n<p><span dir=\"auto\">Budoucnost s nejv\u011bt\u0161\u00ed pravd\u011bpodobnost\u00ed nebude p\u0159ipom\u00ednat nic ur\u010dit\u00e9ho. Tuto pr\u00e1zdnotu jsme nep\u0159edpokl\u00e1dali, ale jej\u00ed st\u00edny se za\u010daly objevovat b\u011bhem covidov\u00fdch \u0161ar\u00e1d a rusko-z\u00e1padn\u00ed v\u00e1lky na Ukrajin\u011b.<\/span><\/p>\n<p><span dir=\"auto\">Ani\u017e bychom se podd\u00e1vali p\u0159ehnan\u00e9mu pesimismu, m\u016f\u017eeme nyn\u00ed prohl\u00e1sit, \u017ee budoucnost bude katastrof\u00e1ln\u00ed ve v\u0161ech ohledech! To se prok\u00e1\u017ee, pokud budou \u00cdr\u00e1nci na boji\u0161ti ponech\u00e1ni sami sob\u011b a pokud bude \u00cdr\u00e1n odsouzen k por\u00e1\u017ece silami zla veden\u00fdmi Stranou Satana, Baalov\u00fdmi voj\u00e1ky a Hubalov\u00fdm lidem!<\/span><\/p>\n<p><span dir=\"auto\">Pokud tato hypotetick\u00e1 apokalypsa existuje, pak to, co se stane v nadch\u00e1zej\u00edc\u00edch dnech nebo t\u00fddnech, ji dokonale zt\u011blesn\u00ed. Dva d\u00e9moni (Netanjahu a Trump) toti\u017e sp\u011bchaj\u00ed a maj\u00ed pot\u0159ebn\u00e9 prost\u0159edky a zdroje. Jejich spojenci v regionu, arab\u0161t\u00ed v\u016fdci \u201en\u00e1roda dvou miliard\u201c, p\u0159isp\u00edvaj\u00ed materi\u00e1ln\u011b, mor\u00e1ln\u011b i logisticky a n\u011bkte\u0159\u00ed dokonce zajdou tak daleko, \u017ee poskytnou konkr\u00e9tn\u00ed vojenskou podporu (jak v\u010dera prohl\u00e1sil severoafrick\u00fd st\u00e1t, kter\u00fd normalizoval sv\u00e9 vztahy s Izraelem)!<\/span><\/p>\n<p><span dir=\"auto\">\u00a0Jak tedy bude vypadat bl\u00edzk\u00e1 budoucnost? Zaprv\u00e9, nebude vynalo\u017eeno \u017e\u00e1dn\u00e9 \u00fasil\u00ed ke zlep\u0161en\u00ed situace. Ani ze strany \u201emezin\u00e1rodn\u00edho spole\u010denstv\u00ed\u201c, ani ze strany OSN, ani ze strany organizac\u00ed pro lidsk\u00e1 pr\u00e1va a u\u017e v\u016fbec ne ze strany mezin\u00e1rodn\u00edch pacifistick\u00fdch \u201eprotiv\u00e1le\u010dn\u00fdch\u201c skupin!<\/span><\/p>\n<p><span dir=\"auto\">Za druh\u00e9, budeme sv\u011bdky katastrofick\u00e9 ud\u00e1losti, kter\u00e1 naru\u0161\u00ed glob\u00e1ln\u00ed rovnov\u00e1hu, ud\u00e1losti bezprecedentn\u00ed od konce druh\u00e9 sv\u011btov\u00e9 v\u00e1lky.<\/span><\/p>\n<p><span dir=\"auto\">Je kl\u00ed\u010dov\u00e9 pochopit, \u017ee \u201edenn\u00ed rutina\u201c nastolen\u00e1 po l\u017ei o \u201ekonci studen\u00e9 v\u00e1lky\u201c a p\u00e1du Berl\u00ednsk\u00e9 zdi se zhroutila. Od t\u00e9 chv\u00edle sv\u011bt, jak jsme ho znali, zmizel. Je\u0161t\u011b si to pln\u011b neuv\u011bdomujeme, ale to, co bude n\u00e1sledovat po \u201eagresi proti \u00cdr\u00e1nu\u201c, definitivn\u011b znamenat konec v\u0161ech zaveden\u00fdch z\u00e1padn\u00edch paradigmat, kter\u00e1 zanikla po \u201egenocid\u011b v Gaze\u201c.<\/span><\/p>\n<p><strong><em><span dir=\"auto\">Situace je takov\u00e1, \u017ee Vladimir Putin ve sv\u00e9m ned\u00e1vn\u00e9m projevu p\u0159ed Valn\u00fdm shrom\u00e1\u017ed\u011bn\u00edm OSN potvrdil pozastaven\u00ed \u00fa\u010dasti ve Smlouv\u011b o omezen\u00ed strategick\u00fdch zbran\u00ed (START). Je to, jako by Z\u00e1padu \u0159\u00edkal: \u201eZtra\u0165te se&#8230; a pokud se v\u00e1m to nel\u00edb\u00ed, \u0161koda pro v\u00e1s!\u201c<\/span><\/em><\/strong><\/p>\n<p><strong><em><span dir=\"auto\">Dnes je to k\u0159i\u0161\u0165\u00e1lov\u011b jasn\u00e9. To v\u0161echno je zaj\u00edmav\u00e9! Ale \u201ezem\u011b Sarumana\u201c a ostatn\u00ed \u201eSauronovi u\u010dedn\u00edci\u201c u\u017e nerozum\u00ed jej\u00edmu v\u00fdznamu. Zabo\u0159ili se do jin\u00e9, halucina\u010dn\u00ed dimenze: \u201ePo probuzen\u00ed\u201c (wokismus): transgender prezident, generace transgender d\u011bt\u00ed a v\u0161e, co prom\u011b\u0148uje to, co kdysi m\u011blo smysl, v jednoduch\u00fd \u017eivot ve vesm\u00edru \u201eDisneyho\u201c a \u201eAsterixe\u201c!<\/span><\/em><\/strong><\/p>\n<p><strong><em><span dir=\"auto\">\u00a0A p\u0159esn\u011b v tom je probl\u00e9m: jak komunikujete, kdy\u017e nejste jen na stejn\u00e9 vln\u011b, ale v \u00fapln\u011b jin\u00e9m sv\u011bt\u011b? V\u0161echno se zd\u00e1 tak pov\u011bdom\u00e9\u2026!<\/span><\/em><\/strong><\/p>\n<p><strong><em><span dir=\"auto\">Syst\u00e9m se recykluje. Ot\u00e1zkou z\u016fst\u00e1v\u00e1: p\u0159ipravujeme se na to, \u017ee se poh\u0159b\u00edme tis\u00edce metr\u016f pod zem\u00ed? Nebo budeme jednodu\u0161e sv\u011bdky \u201ekatastrofy Apokalypsy\u201c? \u2013 nebo konce \u010das\u016f, jak je vid\u00ed muslimov\u00e9? Nebo \u010deho jin\u00e9ho?<\/span><\/em><\/strong><\/p>\n<p><a href=\"https:\/\/reseauinternational.net\/lassaut-civilisationnel-israelo-americain-contre-liran-2\/\"><em><span dir=\"auto\">od\u00a0<\/span><strong><span dir=\"auto\">Taieba Baitiho<\/span><\/strong><\/em><\/a><\/p>\n<p>&nbsp;<\/p>\n","protected":false},"excerpt":{"rendered":"<p>\u201eStar\u00fd sv\u011bt um\u00edr\u00e1, nov\u00fd sv\u011bt se usilovn\u011b sna\u017e\u00ed zrodit a v tomto soumraku se vyno\u0159uj\u00ed&#8230;<\/p>\n","protected":false},"author":2,"featured_media":105341,"comment_status":"closed","ping_status":"closed","sticky":false,"template":"","format":"standard","meta":[],"categories":[7],"tags":[1042,38,107,37,40],"_links":{"self":[{"href":"https:\/\/www.infokuryr.cz\/n\/wp-json\/wp\/v2\/posts\/105340"}],"collection":[{"href":"https:\/\/www.infokuryr.cz\/n\/wp-json\/wp\/v2\/posts"}],"about":[{"href":"https:\/\/www.infokuryr.cz\/n\/wp-json\/wp\/v2\/types\/post"}],"author":[{"embeddable":true,"href":"https:\/\/www.infokuryr.cz\/n\/wp-json\/wp\/v2\/users\/2"}],"replies":[{"embeddable":true,"href":"https:\/\/www.infokuryr.cz\/n\/wp-json\/wp\/v2\/comments?post=105340"}],"version-history":[{"count":0,"href":"https:\/\/www.infokuryr.cz\/n\/wp-json\/wp\/v2\/posts\/105340\/revisions"}],"wp:featuredmedia":[{"embeddable":true,"href":"https:\/\/www.infokuryr.cz\/n\/wp-json\/wp\/v2\/media\/105341"}],"wp:attachment":[{"href":"https:\/\/www.infokuryr.cz\/n\/wp-json\/wp\/v2\/media?parent=105340"}],"wp:term":[{"taxonomy":"category","embeddable":true,"href":"https:\/\/www.infokuryr.cz\/n\/wp-json\/wp\/v2\/categories?post=105340"},{"taxonomy":"post_tag","embeddable":true,"href":"https:\/\/www.infokuryr.cz\/n\/wp-json\/wp\/v2\/tags?post=105340"}],"curies":[{"name":"wp","href":"https:\/\/api.w.org\/{rel}","templated":true}]}}