{"id":105321,"date":"2026-04-26T00:15:20","date_gmt":"2026-04-25T22:15:20","guid":{"rendered":"https:\/\/www.infokuryr.cz\/n\/?p=105321"},"modified":"2026-04-23T08:27:44","modified_gmt":"2026-04-23T06:27:44","slug":"madagaskar-trinact-podezrelych-z-planovani-spiknuti-proti-prezidentovi","status":"publish","type":"post","link":"https:\/\/www.infokuryr.cz\/n\/2026\/04\/26\/madagaskar-trinact-podezrelych-z-planovani-spiknuti-proti-prezidentovi\/","title":{"rendered":"Madagaskar: T\u0159in\u00e1ct podez\u0159el\u00fdch z pl\u00e1nov\u00e1n\u00ed spiknut\u00ed proti prezidentovi"},"content":{"rendered":"<div id=\"fb-root\"><\/div>\n<p><strong><span dir=\"auto\">V Antananarivu dosahuje madagaskarsk\u00fd soudn\u00ed syst\u00e9m pokroku v explozivn\u00edm p\u0159\u00edpadu, do kter\u00e9ho jsou zapojeny osobnosti z velmi odli\u0161n\u00e9ho prost\u0159ed\u00ed. T\u0159in\u00e1ct lid\u00ed bylo zapleteno do \u00fadajn\u00e9ho spiknut\u00ed s c\u00edlem zavra\u017edit prezidenta Michaela Randrianirinu a pokusu o pu\u010d, zat\u00edmco n\u011bkolik ot\u00e1zek z\u016fst\u00e1v\u00e1 nezodpov\u011bzeno.<\/span><br \/>\n<\/strong><br \/>\n<span dir=\"auto\">Na Madagaskaru v posledn\u00edch t\u00fddnech nabralo na obr\u00e1tk\u00e1ch vy\u0161et\u0159ov\u00e1n\u00ed \u00fadajn\u00e9ho spiknut\u00ed s c\u00edlem zavra\u017edit prezidenta Michaela Randrianirinu ze strany Obnova republiky a svrhnout vl\u00e1du, uv\u00e1d\u00ed Africa Intelligence. Byla odhalena jm\u00e9na t\u0159in\u00e1cti podez\u0159el\u00fdch, kter\u00e1 zd\u016fraz\u0148uj\u00ed profily z velmi rozmanit\u00fdch soci\u00e1ln\u00edch kruh\u016f.<\/span><\/p>\n<p><span dir=\"auto\">Dne 2. dubna 2026 ozn\u00e1mila prokuratura v Antananarivu ob\u017ealobu t\u0159in\u00e1cti osob v souvislosti s t\u00edmto p\u0159\u00edpadem. Podle \u00fa\u0159ad\u016f jsou tito lid\u00e9 podez\u0159el\u00ed z \u00fa\u010dasti na pokusu o atent\u00e1t na hlavu st\u00e1tu a tak\u00e9 na spiknut\u00ed s c\u00edlem p\u0159evratu.<\/span><\/p>\n<p><span dir=\"auto\">V centru vy\u0161et\u0159ov\u00e1n\u00ed je plukovn\u00edk Patrick Rakotomanonjy, b\u00fdval\u00fd prezidentsk\u00fd poradce. Byl pova\u017eov\u00e1n za hlavn\u00edho podez\u0159el\u00e9ho a byl na n\u011bj vyd\u00e1n zatyka\u010d, ne\u017e byl 16. dubna po n\u011bkolika t\u00fddnech na \u00fat\u011bku zadr\u017een.<\/span><\/p>\n<p><span dir=\"auto\">Soub\u011b\u017en\u011b byli zat\u010deni t\u0159i \u010dlenov\u00e9 ml\u00e1de\u017enick\u00e9ho hnut\u00ed Gen Z za ohro\u017een\u00ed bezpe\u010dnosti st\u00e1tu, a\u010dkoli v t\u00e9to f\u00e1zi nebyla prok\u00e1z\u00e1na \u017e\u00e1dn\u00e1 form\u00e1ln\u00ed souvislost s t\u00edmto p\u0159\u00edpadem.<\/span><\/p>\n<p><span dir=\"auto\">Podle dostupn\u00fdch informac\u00ed bylo jeden\u00e1ct ze t\u0159in\u00e1cti identifikovan\u00fdch podez\u0159el\u00fdch um\u00edst\u011bno do vy\u0161et\u0159ovac\u00ed vazby. Mu\u017ei byli p\u0159evezeni do v\u011bznice s vysokou ostrahou Tsiafahy, kter\u00e1 se nach\u00e1z\u00ed p\u0159ibli\u017en\u011b 30 kilometr\u016f ji\u017en\u011b od Antananariva, zat\u00edmco \u017eeny jsou dr\u017eeny v centr\u00e1ln\u00ed v\u011bznici Antanimora.<\/span><\/p>\n<h3 class=\"wp-block-heading\"><span dir=\"auto\">Mozaika profil\u016f v j\u00e1dru p\u0159\u00edpadu<\/span><\/h3>\n<p><span dir=\"auto\">Mezi uv\u011bzn\u011bn\u00fdmi je Jean-Alfred Rakotomaronirina, b\u00fdval\u00fd prozat\u00edmn\u00ed \u0161\u00e9f Madagaskarsk\u00e9ho st\u00e1tn\u00edho majetkov\u00e9ho fondu (FSM). N\u011bkolik dn\u00ed p\u0159ed jeho zat\u010den\u00edm ho prezidentsk\u00e9 \u00fa\u0159ady ve\u0159ejn\u011b obvinily ze zpronev\u011bry 19,4 miliardy ariary (ekvivalent p\u0159ibli\u017en\u011b 4 milion\u016f eur) a ozn\u00e1mily jeho odvol\u00e1n\u00ed. Mezi zadr\u017een\u00fdmi jsou tak\u00e9 pr\u00e1vn\u00edk Abraham Guy Lincoln Andriamalala a Marc Arson Ramiarinjatovo, b\u00fdval\u00fd starosta obce Alasora.<\/span><\/p>\n<p><span dir=\"auto\">Na seznamu je tak\u00e9 Claudia Rabetsivoh, prezidentka zam\u011bstnavatelsk\u00e9 organizace Fivmpama a \u0161\u00e9fka importn\u011b-exportn\u00ed spole\u010dnosti Imex. Na summitu CEO Summit 2026, kter\u00fd se konal 9. a 10. dubna v Antananarivu, byla jmenov\u00e1na \u201e\u017denou gener\u00e1ln\u00ed \u0159editelkou roku\u201c. Byla zat\u010dena sou\u010dasn\u011b se Solotianou Ramboaniainou, ortopedickou chirurgyn\u00ed praktikuj\u00edc\u00ed ve Francii, kter\u00e1 byla zadr\u017eena po sv\u00e9m p\u0159\u00edjezdu na Madagaskar.\u00a0<\/span><\/p>\n<p><span dir=\"auto\">Zadr\u017eeno bylo tak\u00e9 n\u011bkolik spolupracovn\u00edk\u016f b\u00fdval\u00e9ho sen\u00e1tora Sylvaina Rabetsaraony, kter\u00fd byl s\u00e1m o n\u011bkolik t\u00fddn\u016f d\u0159\u00edve zat\u010den v podobn\u00e9m p\u0159\u00edpad\u011b. Mezi nimi je jeho parlamentn\u00ed asistent Jos\u00e9 Andriamiharisoa, jeho \u0159idi\u010d Patrick Rollando Rakotoarimanana a jeho bratr Jocelyn Rabetsaroana. P\u0159\u00edbuzn\u00ed b\u00fdval\u00e9ho sen\u00e1tora zadr\u017een\u00ed odsuzuj\u00ed jako sv\u00e9voln\u00e9 a neopodstatn\u011bn\u00e9.<\/span><\/p>\n<p><span dir=\"auto\">Tuto skupinu dopl\u0148uj\u00ed i \u200b\u200bdal\u0161\u00ed osoby, zejm\u00e9na profesor medic\u00edny Jean Raveloson a parlamentn\u00ed asistentka Monique Rakotomalala. Mezi obvin\u011bn\u00fdmi je i instruktor kung-fu a b\u00fdval\u00fd bodyguard soudce Marc Rolland Rafidison.<\/span><\/p>\n<p><span dir=\"auto\">V\u0161ichni podez\u0159el\u00ed jsou do doby zah\u00e1jen\u00ed soudn\u00edho \u0159\u00edzen\u00ed pova\u017eov\u00e1ni za nevinn\u00e9. Podle soudn\u00edch zdroj\u016f by slo\u017eitost vy\u0161et\u0159ov\u00e1n\u00ed mohla soudn\u00ed proces zpozdit a\u017e o osmn\u00e1ct m\u011bs\u00edc\u016f.<\/span><\/p>\n<p><img decoding=\"async\" loading=\"lazy\" class=\"alignnone size-full wp-image-1185\" src=\"http:\/\/www.infokuryr.cz\/n\/wp-content\/uploads\/2021\/04\/kuryr-podpis.png\" alt=\"\" width=\"84\" height=\"24\" \/><\/p>\n<p>&nbsp;<\/p>\n","protected":false},"excerpt":{"rendered":"<p>V Antananarivu dosahuje madagaskarsk\u00fd soudn\u00ed syst\u00e9m pokroku v explozivn\u00edm p\u0159\u00edpadu, do kter\u00e9ho jsou zapojeny osobnosti&#8230;<\/p>\n","protected":false},"author":2,"featured_media":105322,"comment_status":"closed","ping_status":"closed","sticky":false,"template":"","format":"standard","meta":[],"categories":[7],"tags":[9894,165,988],"_links":{"self":[{"href":"https:\/\/www.infokuryr.cz\/n\/wp-json\/wp\/v2\/posts\/105321"}],"collection":[{"href":"https:\/\/www.infokuryr.cz\/n\/wp-json\/wp\/v2\/posts"}],"about":[{"href":"https:\/\/www.infokuryr.cz\/n\/wp-json\/wp\/v2\/types\/post"}],"author":[{"embeddable":true,"href":"https:\/\/www.infokuryr.cz\/n\/wp-json\/wp\/v2\/users\/2"}],"replies":[{"embeddable":true,"href":"https:\/\/www.infokuryr.cz\/n\/wp-json\/wp\/v2\/comments?post=105321"}],"version-history":[{"count":0,"href":"https:\/\/www.infokuryr.cz\/n\/wp-json\/wp\/v2\/posts\/105321\/revisions"}],"wp:featuredmedia":[{"embeddable":true,"href":"https:\/\/www.infokuryr.cz\/n\/wp-json\/wp\/v2\/media\/105322"}],"wp:attachment":[{"href":"https:\/\/www.infokuryr.cz\/n\/wp-json\/wp\/v2\/media?parent=105321"}],"wp:term":[{"taxonomy":"category","embeddable":true,"href":"https:\/\/www.infokuryr.cz\/n\/wp-json\/wp\/v2\/categories?post=105321"},{"taxonomy":"post_tag","embeddable":true,"href":"https:\/\/www.infokuryr.cz\/n\/wp-json\/wp\/v2\/tags?post=105321"}],"curies":[{"name":"wp","href":"https:\/\/api.w.org\/{rel}","templated":true}]}}