{"id":105315,"date":"2026-04-26T00:12:55","date_gmt":"2026-04-25T22:12:55","guid":{"rendered":"https:\/\/www.infokuryr.cz\/n\/?p=105315"},"modified":"2026-04-23T08:22:06","modified_gmt":"2026-04-23T06:22:06","slug":"nemuzeme-koexistovat-s-urcitymi-kulturami-otresny-projev-javiera-mileiho-po-prevzeti-cestneho-doktoratu-na-univerzite-bar-ilan","status":"publish","type":"post","link":"https:\/\/www.infokuryr.cz\/n\/2026\/04\/26\/nemuzeme-koexistovat-s-urcitymi-kulturami-otresny-projev-javiera-mileiho-po-prevzeti-cestneho-doktoratu-na-univerzite-bar-ilan\/","title":{"rendered":"\u201eNem\u016f\u017eeme koexistovat s ur\u010dit\u00fdmi kulturami\u201c: ot\u0159esn\u00fd projev Javiera Mileiho po p\u0159evzet\u00ed \u010destn\u00e9ho doktor\u00e1tu na Univerzit\u011b Bar-Ilan"},"content":{"rendered":"<div id=\"fb-root\"><\/div>\n<p><span dir=\"auto\">Pot\u00e9, co se rozplakal u Zdi n\u00e1\u0159k\u016f, pronesl libertari\u00e1n n\u00e1siln\u00fd projev. \u00dato\u010dil na \u201esoci\u00e1ln\u00ed spravedlnost\u201c, rozmanit\u00e9 kultury a ozna\u010dil marxismus za \u201esatansk\u00fd\u201c. Reakce argentinsk\u00fdch intelektu\u00e1l\u016f na projev<\/span><\/p>\n<p><span dir=\"auto\">\u201eS n\u011bkter\u00fdmi kulturami nem\u016f\u017eeme koexistovat,\u201c prohl\u00e1sil prezident Javier Milei uprost\u0159ed v\u00e1lky. Tato slova nepronesl jen tak kdekoli, ale z p\u00f3dia postaven\u00e9ho na Bar-Ilan University, jedn\u00e9 z nejpresti\u017en\u011bj\u0161\u00edch izraelsk\u00fdch univerzit. Politici a akademici varovali p\u0159ed z\u00e1va\u017enost\u00ed prezidentov\u00fdch v\u00fdrok\u016f a nebezpe\u010d\u00edm, kter\u00e9 p\u0159edstavuje takov\u00fd radikalizovan\u00fd postoj argentinsk\u00e9 vl\u00e1dy ve prosp\u011bch jedn\u00e9 ze dvou v\u00e1l\u010d\u00edc\u00edch stran. \u201eMilei sv\u00fdmi\u00a0<\/span><em><span dir=\"auto\">slovy podporuje genocidu a zni\u010den\u00ed jak\u00e9koli politick\u00e9 a diplomatick\u00e9 dohody zam\u011b\u0159en\u00e9 na budov\u00e1n\u00ed m\u00edru a demokratick\u00e9ho sou\u017eit\u00ed mezi st\u00e1ty ,\u00a0<\/span><\/em><strong><span dir=\"auto\">\u201c<\/span><\/strong><span dir=\"auto\">\u00a0prohl\u00e1sil b\u00fdval\u00fd peronistick\u00fd ministr zahrani\u010d\u00ed Jorge Taiana [\u00a0<\/span><em><span dir=\"auto\">v\u011bzn\u011bn\u00fd vojenskou diktaturou v letech 1975 a\u017e 1982<\/span><\/em><span dir=\"auto\">\u00a0].<\/span><\/p>\n<p><span dir=\"auto\">Prezident dorazil do Izraele v ned\u011bli a po n\u00e1v\u0161t\u011bv\u011b Zdi n\u00e1\u0159k\u016f se setkal s premi\u00e9rem Benjaminem Netanjahuem. Milei tak\u00e9 z\u00edskal \u010destn\u00fd doktor\u00e1t na Bar-Ilan University, mezi jej\u00ed\u017e absolventy pat\u0159\u00ed pravicov\u00fd extremista, kter\u00fd 4. listopadu 1995, kdy v Izraeli je\u0161t\u011b existovala nad\u011bje na m\u00edr, zavra\u017edil b\u00fdval\u00e9ho izraelsk\u00e9ho premi\u00e9ra Jicchaka Rabina. B\u011bhem dne ho doprov\u00e1zeli jeho sestra Karina, ministr zahrani\u010d\u00ed Pablo Quirno, ministr spravedlnosti Juan Bautista Mahiques a argentinsk\u00fd velvyslanec v Izraeli Axel Wahnish.<\/span><\/p>\n<p><span dir=\"auto\">\u201e\u00a0<\/span><em><span dir=\"auto\">S n\u011bkter\u00fdmi kulturami nebudeme schopni koexistovat, proto\u017ee br\u00e1n\u00edme \u017eivot a ony n\u00e1s budou cht\u00edt zab\u00edt<\/span><\/em><span dir=\"auto\">\u00a0,\u201c takto zn\u011bla cel\u00e1 v\u011bta argentinsk\u00e9ho prezidenta, na kterou publikum, slo\u017een\u00e9 z akademik\u016f a kulturn\u00edch osobnost\u00ed podporuj\u00edc\u00edch v\u00e1lku proti \u00cdr\u00e1nu, povstalo a zatleskalo.<\/span><\/p>\n<p><span dir=\"auto\">V dal\u0161\u00edm \u00faryvku sv\u00e9ho projevu Milei argumentoval, \u017ee T\u00f3ra je protil\u00e9kem na levicov\u00e9 my\u0161lenky, ozna\u010dil marxismus za \u201e\u00a0<\/span><strong><span dir=\"auto\">satansk\u00fd a odporuj\u00edc\u00ed Bo\u017e\u00edmu pl\u00e1nu<\/span><\/strong><span dir=\"auto\">\u00a0\u201c a dodal, \u017ee Marx \u201e\u00a0<\/span><em><span dir=\"auto\">byl satanista, proto\u017ee to odhaluj\u00ed jeho vlastn\u00ed ran\u00e9 spisy, jeliko\u017e jsou hymnou na ni\u010den\u00ed a nen\u00e1vist v\u016f\u010di Stvo\u0159iteli<\/span><\/em><span dir=\"auto\">\u00a0\u201c. Pot\u00e9 znovu za\u00fato\u010dil na \u201esoci\u00e1ln\u00ed spravedlnost\u201c a ozna\u010dil ji za \u201e\u00a0<\/span><em><span dir=\"auto\">hluboce nespravedlivou vizi, kter\u00e1 v\u017edy kon\u010d\u00ed katastrofou<\/span><\/em><span dir=\"auto\">\u00a0\u201c.<\/span><\/p>\n<p><span dir=\"auto\">\u201e\u00a0<\/span><em><span dir=\"auto\">Byli jsme vyhn\u00e1ni z r\u00e1je, ale pokud budeme jednat v souladu se z\u00e1kony, r\u00e1j k n\u00e1m p\u0159ijde. Pokud jsou politiky navr\u017eeny v souladu s etick\u00fdmi a mor\u00e1ln\u00edmi hodnotami, jsou navr\u017eeny tak, aby byly spravedliv\u00e9 a efektivn\u00ed<\/span><\/em><span dir=\"auto\">\u00a0,\u201c dodal Milei.<\/span><\/p>\n<p><span dir=\"auto\">Setkal se tak\u00e9 s Jicchakem Hercogem, kter\u00fd mu p\u0159edal Prezidentskou medaili cti jako uzn\u00e1n\u00ed jeho z\u00e1vazku v\u016f\u010di St\u00e1tu Izrael. Svou n\u00e1v\u0161t\u011bvu zakon\u010d\u00ed \u00fa\u010dast\u00ed na ceremoni\u00e1lu k 78.\u00a0<\/span><sup><span dir=\"auto\">v\u00fdro\u010d\u00ed<\/span><\/sup><span dir=\"auto\">\u00a0\u00a0nez\u00e1vislosti Izraele. Tam zap\u00e1l\u00ed jednu z pochodn\u00ed v r\u00e1mci tohoto tradi\u010dn\u00edho ceremoni\u00e1lu a stane se tak prvn\u00edm zahrani\u010dn\u00edm v\u016fdcem, kter\u00fd se t\u00e9to pocty do\u010dk\u00e1.<\/span><\/p>\n<p><span dir=\"auto\">B\u00fdval\u00fd ministr a poslanec Jorge Taiana prohl\u00e1sil, \u017ee \u201e\u00a0<\/span><em><span dir=\"auto\">Milei op\u011bt nerozv\u00e1\u017en\u011b a bezohledn\u011b zatahuje na\u0161i zemi do v\u00e1lky, kter\u00e1 se n\u00e1s net\u00fdk\u00e1 a je v rozporu s m\u00edrov\u00fdm vol\u00e1n\u00edm v\u011bt\u0161iny argentinsk\u00e9ho lidu<\/span><\/em><span dir=\"auto\">\u00a0.\u00a0<\/span><strong><span dir=\"auto\">\u201c<\/span><\/strong><\/p>\n<p><span dir=\"auto\">D\u00e1le se vyj\u00e1d\u0159il k Mileiin\u011b prohl\u00e1\u0161en\u00ed, \u017ee \u201e\u00a0<\/span><em><span dir=\"auto\">s ur\u010dit\u00fdmi kulturami nelze koexistovat\u201c<\/span><\/em><span dir=\"auto\">\u00a0, a uvedl\u00a0<\/span><em><span dir=\"auto\">: \u201eToto nep\u0159edstavuje ani na\u0161i historii, ani na\u0161i zvl\u00e1\u0161tnost, charakterizovanou mezikulturn\u00edm a n\u00e1bo\u017eensk\u00fdm sou\u017eit\u00edm na\u0161ich lid\u00ed.\u00a0\u00a0<\/span><strong><span dir=\"auto\">Argentina je ve sv\u011bt\u011b uzn\u00e1v\u00e1na jako spole\u010dnost, kter\u00e1 se vyzna\u010duje respektem a toleranc\u00ed v\u016f\u010di ostatn\u00edm<\/span><\/strong><\/em><strong><span dir=\"auto\">\u00a0\u201c [\u00a0<\/span><em><span dir=\"auto\">pokud nejsou \u010derno\u0161i nebo Indi\u00e1ni, pozn. p\u0159ekladatele].<\/span><\/em><\/strong><\/p>\n<p><span dir=\"auto\">Filozof Ricardo Forster dodal, \u017ee Milei \u201e\u00a0<\/span><em><span dir=\"auto\">je velmi n\u00edzko\u00farov\u0148ovou kopi\u00ed jin\u00e9 hrozn\u00e9 postavy t\u00e9to doby, konkr\u00e9tn\u011b Donalda Trumpa<\/span><\/em><span dir=\"auto\">\u00a0\u201c. \u0158ekl, \u017ee jeho pozn\u00e1mky \u201e\u00a0<\/span><em><span dir=\"auto\">nemaj\u00ed nic spole\u010dn\u00e9ho s tradic\u00ed \u017eidovsk\u00e9ho humanismu<\/span><\/em><span dir=\"auto\">\u00a0\u201c, a p\u0159ipomn\u011bl, \u017ee Trump tuto \u201ed\u011bsivou\u201c fr\u00e1zi ji\u017e pronesl, kdy\u017e varoval, \u017ee \u201ezni\u010d\u00ed civilizaci\u201c, tedy \u00edr\u00e1nskou. \u201e\u00a0<\/span><em><span dir=\"auto\">Milie, kter\u00fd ho ve v\u0161em kop\u00edruje a d\u011bl\u00e1 to \u0161patn\u011b, proto\u017ee je surovec, proto\u017ee je z n\u00edzk\u00e9 t\u0159\u00eddy, zopakoval tot\u00e9\u017e v Izraeli<\/span><\/em><span dir=\"auto\">\u00a0,\u201c poznamenal Forster. Filozof se pot\u00e9 zamyslel: \u201e\u00a0<\/span><em><span dir=\"auto\">Milie tuto fr\u00e1zi pron\u00e1\u0161\u00ed po boku n\u011bkoho, jako je Netanjahu, kter\u00fd uplat\u0148uje t\u00e9m\u011b\u0159 vyhlazovac\u00ed n\u00e1sil\u00ed v\u016f\u010di jin\u00e9mu lidu, Palestinc\u016fm<\/span><\/em><span dir=\"auto\">\u00a0.\u201c A zd\u016fraznil:\u00a0<\/span><em><span dir=\"auto\">\u201e\u00a0<\/span><strong><span dir=\"auto\">Milie si v jist\u00e9m smyslu mysl\u00ed, \u017ee je spr\u00e1vn\u00e9 uplat\u0148ovat tento druh n\u00e1sil\u00ed pod heslem \u201aoni, nebo my\u2018.\u201c Ot\u00e1zka, kterou si mus\u00edme polo\u017eit, zn\u00ed: kdo jsou v p\u0159\u00edpad\u011b Argentiny \u201aoni\u2018?<\/span><\/strong><span dir=\"auto\">\u00a0\u00a0Ti, kte\u0159\u00ed sm\u00fd\u0161lej\u00ed jinak? Ti, kte\u0159\u00ed jsou levicov\u00ed? Ti, kte\u0159\u00ed br\u00e1n\u00ed sou\u010dasn\u00fd stav? Mo\u017en\u00e1 by podle Milei v\u0161ichni, kdo jsou sou\u010d\u00e1st\u00ed aberace, nem\u011bli b\u00fdt z tohoto sv\u011bta<\/span><\/em><span dir=\"auto\">\u00a0.<\/span><\/p>\n<p><span dir=\"auto\">Akademik vysv\u011btluje: \u201e\u00a0<\/span><em><span dir=\"auto\">Milei jede do Izraele, vzd\u00e1v\u00e1 hold Netanjahuovi a prakticky ho prom\u011b\u0148uje ve velk\u00e9ho sv\u011btov\u00e9ho v\u016fdce, zat\u00edmco zbytek sv\u011bta, s v\u00fdjimkou USA, se distancuje<\/span><\/em><span dir=\"auto\">\u00a0.\u201c Poznamen\u00e1v\u00e1: \u201e\u00a0<\/span><strong><em><span dir=\"auto\">\u010cel\u00edme apokalyptick\u00e9 a mesi\u00e1\u0161sk\u00e9 vizi, ale ve velmi zvr\u00e1cen\u00e9m slova smyslu, proto\u017ee to nen\u00ed mesianismus jako slib vykoupen\u00ed a osvobozen\u00ed, ale zl\u00fd, n\u00e1siln\u00fd mesianismus, kter\u00fd se sna\u017e\u00ed eliminovat v\u0161echny, kte\u0159\u00ed takto nesm\u00fd\u0161lej\u00ed<\/span><\/em><span dir=\"auto\">\u00a0.\u201c<\/span><\/strong><\/p>\n<p><span dir=\"auto\">Sociolog mezin\u00e1rodn\u00ed politiky Gabriel Puricelli kritizoval Mileiho projev jako \u201ev\u00e1gn\u00ed a koncep\u010dn\u011b nep\u0159esn\u00fd\u201c. \u201e\u00a0<\/span><em><span dir=\"auto\">Jako obvykle je jasn\u00e9, \u017ee se sna\u017e\u00ed z\u00edskat si p\u0159\u00edze\u0148 publika a pou\u017e\u00edv\u00e1 \u201emy\u201c, kter\u00fdm nen\u00ed Argentinsk\u00e1 republika, ale on s\u00e1m a ti, kte\u0159\u00ed se rozhodnou ho oslavit s uzn\u00e1n\u00edm<\/span><\/em><span dir=\"auto\">\u00a0,\u201c uvedl.<\/span><\/p>\n<p><span dir=\"auto\">D\u00e1le se domn\u00edv\u00e1, \u017ee \u201ejeho pop\u0159en\u00ed je problematick\u00e9, nepochybn\u011b ovlivn\u011bn\u00e9 ukvapen\u00fdm \u010dten\u00edm ob\u00e1lky knihy Samuela Huntingtona \u201a\u00a0<\/span><em><span dir=\"auto\">St\u0159et civilizac\u00ed a p\u0159etv\u00e1\u0159en\u00ed sv\u011btov\u00e9ho \u0159\u00e1du\u2018<\/span><\/em><span dir=\"auto\">\u00a0\u00a0. A je v rozporu s argentinskou zku\u0161enost\u00ed s absolutn\u011b harmonick\u00fdm sou\u017eit\u00edm t\u011bchto kultur, kter\u00e9 v Izraeli odsoud\u00ed jako neslu\u010diteln\u00e9.\u201c<\/span><\/p>\n<p><span dir=\"auto\">Puricelli dodal, \u017ee dal\u0161\u00edm \u201eproblematick\u00fdm\u201c konceptem, kter\u00fd prezident opakovan\u011b pou\u017e\u00edv\u00e1, je p\u0159\u00eddavn\u00e9 jm\u00e9no \u201e\u017eidok\u0159es\u0165ansk\u00fd\u201c. \u201e\u00a0<\/span><em><strong><span dir=\"auto\">T\u00edm se sna\u017e\u00ed vymazat historii z\u00e1padn\u00edho antisemitismu, historii, kter\u00e1 sah\u00e1 od vyhn\u00e1n\u00ed a nucen\u00e9 konverze \u017did\u016f z Pyrenejsk\u00e9ho poloostrova za katolick\u00fdch panovn\u00edk\u016f a\u017e po samoz\u0159ejm\u011b holocaust.<\/span><\/strong><span dir=\"auto\">\u00a0\u00a0Tato povrchnost se v tomto p\u0159\u00edpad\u011b ukazuje jako krut\u011b ur\u00e1\u017eliv\u00e1 pro \u017didy<\/span><\/em><span dir=\"auto\">\u00a0,\u201c \u0159ekl.<\/span><\/p>\n<p><span dir=\"auto\">K t\u00e9to z\u00e1le\u017eitosti se vyj\u00e1d\u0159il i antropolog a specialista na komunikaci Gerardo Halpern. \u201e\u00a0<\/span><em><span dir=\"auto\">Je to absurdita, kter\u00e1 je vlastn\u00ed koloni\u00e1ln\u00edmu, ba i rasistick\u00e9mu uva\u017eov\u00e1n\u00ed<\/span><\/em><span dir=\"auto\">\u00a0,\u201c zd\u016fraznil. Kritizoval tak\u00e9 Milei za to, \u017ee si \u201e\u00a0<\/span><em><span dir=\"auto\">n\u00e1rokuje v\u00fdsadu \u017eivota a smrti t\u00edm, \u017ee ozna\u010duje druh\u00e9ho za hrozbu, kterou je t\u0159eba eliminovat<\/span><\/em><span dir=\"auto\">\u00a0\u201c. D\u00e1le poznamenal, \u017ee \u201e\u00a0<\/span><strong><em><span dir=\"auto\">ur\u010dit, \u017ee existuj\u00ed kultury, se kter\u00fdmi nelze koexistovat, znamen\u00e1 u\u010dinit z odli\u0161nosti v\u011bc a z t\u00e9to v\u011bci objekt, kter\u00fd mus\u00ed b\u00fdt zahozen, vylou\u010den, vylou\u010den<\/span><\/em><\/strong><span dir=\"auto\">\u00a0.\u00a0<strong>\u201c<\/strong><\/span><\/p>\n<p><span dir=\"auto\">\u201e\u00a0<\/span><em><span dir=\"auto\">Krajn\u00ed pravice se v\u017edy spol\u00e9h\u00e1 na konstrukci dal\u0161\u00edho abjektu. Milei d\u011bl\u00e1 hrozn\u00fd krok, proto\u017ee definuje, \u017ee pod svou \u00fadajnou ochranou mus\u00ed eliminovat svou hrozbu,<\/span><\/em><span dir=\"auto\">\u00a0\u201c vysv\u011btluje a p\u0159ipom\u00edn\u00e1, \u017ee \u201e s v\u00fdjimkou\u00a0<\/span><em><span dir=\"auto\">mesianismu\u00a0<\/span><sup><span dir=\"auto\">20.<\/span><\/sup><span dir=\"auto\">\u00a0stolet\u00ed \u00a0se \u010dlov\u011bk mus\u00ed vr\u00e1tit do 19.\u00a0<\/span><sup><span dir=\"auto\">stolet\u00ed<\/span><\/sup><span dir=\"auto\">\u00a0, \u00a0aby na\u0161el biologick\u00e9 z\u00e1klady prezidentov\u00fdch odsouzen\u00edhodn\u00fdch v\u00fdrok\u016f<\/span><\/em><span dir=\"auto\">\u00a0\u201c [\u00a0<\/span><em><span dir=\"auto\">ano, Polanyi, Spencer a Konrad Lorenz skute\u010dn\u011b poch\u00e1zej\u00ed z 20.\u00a0<\/span><sup><span dir=\"auto\">stolet\u00ed<\/span><\/sup><span dir=\"auto\">\u00a0\u00a0, pozn. p\u0159ekladatele<\/span><\/em><span dir=\"auto\">\u00a0].<\/span><\/p>\n<p><a href=\"https:\/\/www.pagina12.com.ar\/2026\/04\/21\/milei-en-israel-un-presidente-muy-lejos-de-la-tradicion-argentina-de-paz\/\"><em><span dir=\"auto\">od\u00a0<\/span><strong><span dir=\"auto\">Melisy Moliny<\/span><\/strong><\/em><\/a><\/p>\n<p>&nbsp;<\/p>\n","protected":false},"excerpt":{"rendered":"<p>Pot\u00e9, co se rozplakal u Zdi n\u00e1\u0159k\u016f, pronesl libertari\u00e1n n\u00e1siln\u00fd projev. \u00dato\u010dil na \u201esoci\u00e1ln\u00ed spravedlnost\u201c,&#8230;<\/p>\n","protected":false},"author":2,"featured_media":105316,"comment_status":"closed","ping_status":"closed","sticky":false,"template":"","format":"standard","meta":[],"categories":[7],"tags":[1503,8606,710],"_links":{"self":[{"href":"https:\/\/www.infokuryr.cz\/n\/wp-json\/wp\/v2\/posts\/105315"}],"collection":[{"href":"https:\/\/www.infokuryr.cz\/n\/wp-json\/wp\/v2\/posts"}],"about":[{"href":"https:\/\/www.infokuryr.cz\/n\/wp-json\/wp\/v2\/types\/post"}],"author":[{"embeddable":true,"href":"https:\/\/www.infokuryr.cz\/n\/wp-json\/wp\/v2\/users\/2"}],"replies":[{"embeddable":true,"href":"https:\/\/www.infokuryr.cz\/n\/wp-json\/wp\/v2\/comments?post=105315"}],"version-history":[{"count":0,"href":"https:\/\/www.infokuryr.cz\/n\/wp-json\/wp\/v2\/posts\/105315\/revisions"}],"wp:featuredmedia":[{"embeddable":true,"href":"https:\/\/www.infokuryr.cz\/n\/wp-json\/wp\/v2\/media\/105316"}],"wp:attachment":[{"href":"https:\/\/www.infokuryr.cz\/n\/wp-json\/wp\/v2\/media?parent=105315"}],"wp:term":[{"taxonomy":"category","embeddable":true,"href":"https:\/\/www.infokuryr.cz\/n\/wp-json\/wp\/v2\/categories?post=105315"},{"taxonomy":"post_tag","embeddable":true,"href":"https:\/\/www.infokuryr.cz\/n\/wp-json\/wp\/v2\/tags?post=105315"}],"curies":[{"name":"wp","href":"https:\/\/api.w.org\/{rel}","templated":true}]}}