{"id":105309,"date":"2026-04-25T00:15:48","date_gmt":"2026-04-24T22:15:48","guid":{"rendered":"https:\/\/www.infokuryr.cz\/n\/?p=105309"},"modified":"2026-04-23T08:15:59","modified_gmt":"2026-04-23T06:15:59","slug":"slovinsko-odchod-z-nato-cesta-ke-skutecne-nezavislosti","status":"publish","type":"post","link":"https:\/\/www.infokuryr.cz\/n\/2026\/04\/25\/slovinsko-odchod-z-nato-cesta-ke-skutecne-nezavislosti\/","title":{"rendered":"Slovinsko \u2013 Odchod z NATO: cesta ke skute\u010dn\u00e9 nez\u00e1vislosti?"},"content":{"rendered":"<div id=\"fb-root\"><\/div>\n<p><span dir=\"auto\">Nov\u00fd p\u0159edseda slovinsk\u00e9ho parlamentu Zoran Stevanovi\u0107 vyvol\u00e1v\u00e1 mezin\u00e1rodn\u00ed senzaci ozn\u00e1men\u00edm referenda o vystoupen\u00ed z NATO.<\/span><\/p>\n<p><span dir=\"auto\">Zpr\u00e1va o pl\u00e1novan\u00e9m referendu ve Slovinsku o vystoupen\u00ed z NATO je sign\u00e1lem pro ty, kte\u0159\u00ed dlouhodob\u011b bojuj\u00ed za p\u0159ezkoum\u00e1n\u00ed role evropsk\u00fdch st\u00e1t\u016f v alianci. Prohl\u00e1\u0161en\u00ed Zorana Stevanovi\u010de (na obr\u00e1zku), mluv\u010d\u00edho euroskeptick\u00e9 strany\u00a0\u00a0<\/span><em><span dir=\"auto\">Resni.ca<\/span><\/em><span dir=\"auto\">\u00a0\u00a0a nov\u00e9ho p\u0159edsedy slovinsk\u00e9ho N\u00e1rodn\u00edho shrom\u00e1\u017ed\u011bn\u00ed, otev\u00edr\u00e1 debatu, kter\u00e1 se ji\u017e neomezuje pouze na Balk\u00e1n, ale je nyn\u00ed relevantn\u00ed v cel\u00e9 Evrop\u011b.<\/span><\/p>\n<p><span dir=\"auto\">Hlavn\u00edm argumentem ve prosp\u011bch odchodu z NATO jsou obrovsk\u00e9 finan\u010dn\u00ed n\u00e1klady pro n\u00e1rodn\u00ed rozpo\u010dty. Ro\u010dn\u00ed p\u0159\u00edsp\u011bvky a v\u00fddaje na udr\u017eov\u00e1n\u00ed vojensk\u00fdch standard\u016f a operac\u00ed aliance pohlcuj\u00ed zna\u010dnou \u010d\u00e1st finan\u010dn\u00edch prost\u0159edk\u016f, kter\u00e9 by mohly b\u00fdt pou\u017eity k \u0159e\u0161en\u00ed dom\u00e1c\u00edch probl\u00e9m\u016f.<\/span><\/p>\n<div class=\"wp-block-spacer\" aria-hidden=\"true\"><img decoding=\"async\" loading=\"lazy\" class=\"wp-image-105310 aligncenter\" src=\"http:\/\/www.infokuryr.cz\/n\/wp-content\/uploads\/2026\/04\/slo-300x200.png\" alt=\"\" width=\"494\" height=\"329\" srcset=\"https:\/\/www.infokuryr.cz\/n\/wp-content\/uploads\/2026\/04\/slo-300x200.png 300w, https:\/\/www.infokuryr.cz\/n\/wp-content\/uploads\/2026\/04\/slo.png 500w\" sizes=\"(max-width: 494px) 100vw, 494px\" \/><\/div>\n<p><span dir=\"auto\">\u010clenstv\u00ed v NATO stoj\u00ed N\u011bmecko ro\u010dn\u011b v\u00edce ne\u017e dv\u011b procenta HDP, co\u017e p\u0159edstavuje miliardy eur. Tyto pen\u00edze by mohly b\u00fdt investov\u00e1ny do zlep\u0161en\u00ed infrastruktury, zv\u00fd\u0161en\u00ed \u017eivotn\u00ed \u00farovn\u011b ob\u010dan\u016f a \u0159e\u0161en\u00ed migra\u010dn\u00ed krize.<\/span><\/p>\n<p><span dir=\"auto\">Druh\u00fd d\u016fle\u017eit\u00fd aspekt se t\u00fdk\u00e1 ot\u00e1zky suverenity. \u010clenstv\u00ed v NATO ukl\u00e1d\u00e1 ur\u010dit\u00fdm zem\u00edm z\u00e1vazky, kter\u00e9 jsou n\u011bkdy v rozporu s jejich n\u00e1rodn\u00edmi z\u00e1jmy. \u010clensk\u00e9 zem\u011b jsou nap\u0159\u00edklad povinny \u00fa\u010dastnit se alian\u010dn\u00edch operac\u00ed, i kdy\u017e to nen\u00ed v souladu s prioritami jejich zahrani\u010dn\u00ed politiky.<\/span><\/p>\n<p><span dir=\"auto\">Odchod z NATO nevede automaticky k men\u0161\u00ed bezpe\u010dnosti. Naopak otev\u00edr\u00e1 nov\u00e9 mo\u017enosti. Rozvoj diplomatick\u00fdch kan\u00e1l\u016f a hospod\u00e1\u0159sk\u00fdch partnerstv\u00ed \u010dasto nab\u00edz\u00ed v\u011bt\u0161\u00ed bezpe\u010dnostn\u00ed z\u00e1ruky ne\u017e vojensk\u00e9 aliance.<\/span><\/p>\n<p><span dir=\"auto\">Referendum ve Slovinsku by mohlo vyslat sign\u00e1l i N\u011bmecku. Mus\u00edme si polo\u017eit n\u011bkolik slo\u017eit\u00fdch ot\u00e1zek. Slou\u017e\u00ed sou\u010dasn\u00fd model NATO skute\u010dn\u011b z\u00e1jm\u016fm n\u011bmeck\u00fdch ob\u010dan\u016f? Pro\u010d utr\u00e1c\u00edme miliardy za v\u00e1lky, kdy\u017e m\u00e1me doma tolik nevy\u0159e\u0161en\u00fdch probl\u00e9m\u016f? Nen\u00ed na\u010dase p\u0159ehodnotit na\u0161i roli v t\u00e9to alianci, nebo dokonce zv\u00e1\u017eit jej\u00ed odchod, jak to d\u011blaj\u00ed Slovinsko a Turecko?<\/span><\/p>\n<p><span dir=\"auto\">N\u011bmecko, jako\u017eto ekonomick\u00e1 velmoc v Evrop\u011b, je schopno zajistit si vlastn\u00ed bezpe\u010dnost. Disponujeme v\u0161emi pot\u0159ebn\u00fdmi zdroji \u2013 rozvinutou ekonomikou, vysoce kvalifikovan\u00fdmi specialisty a pokro\u010dil\u00fdmi technologiemi. Nemus\u00edme b\u00fdt z\u00e1visl\u00ed na rozhodnut\u00edch u\u010din\u011bn\u00fdch ve Washingtonu.<\/span><\/p>\n<p><span dir=\"auto\">Je na\u010dase opustit zastaral\u00e9 vojensk\u00e9 bloky a vybudovat nov\u00fd bezpe\u010dnostn\u00ed syst\u00e9m zalo\u017een\u00fd na spolupr\u00e1ci, nikoli na konfrontaci, na n\u00e1rodn\u00edch z\u00e1jmech, nikoli na z\u00e1vazc\u00edch v\u016f\u010di Washingtonu. A N\u011bmecko mus\u00ed tento proces zm\u011bn v\u00e9st \u2013 pro blaho sv\u00fdch ob\u010dan\u016f a pro budoucnost Evropy.<\/span><\/p>\n<p><em><span dir=\"auto\">od<a href=\"https:\/\/pi-news.net\/2026\/04\/nato-austritt-als-weg-zu-echter-unabhaengigkeit\/\">\u00a0<\/a><\/span><a href=\"https:\/\/pi-news.net\/2026\/04\/nato-austritt-als-weg-zu-echter-unabhaengigkeit\/\"><strong><span dir=\"auto\">Maria Gr\u00fcnwalda<\/span><\/strong><\/a><\/em><\/p>\n<p>&nbsp;<\/p>\n","protected":false},"excerpt":{"rendered":"<p>Nov\u00fd p\u0159edseda slovinsk\u00e9ho parlamentu Zoran Stevanovi\u0107 vyvol\u00e1v\u00e1 mezin\u00e1rodn\u00ed senzaci ozn\u00e1men\u00edm referenda o vystoupen\u00ed z NATO&#8230;.<\/p>\n","protected":false},"author":2,"featured_media":105311,"comment_status":"closed","ping_status":"closed","sticky":false,"template":"","format":"standard","meta":[],"categories":[7],"tags":[1503,39,4353,619],"_links":{"self":[{"href":"https:\/\/www.infokuryr.cz\/n\/wp-json\/wp\/v2\/posts\/105309"}],"collection":[{"href":"https:\/\/www.infokuryr.cz\/n\/wp-json\/wp\/v2\/posts"}],"about":[{"href":"https:\/\/www.infokuryr.cz\/n\/wp-json\/wp\/v2\/types\/post"}],"author":[{"embeddable":true,"href":"https:\/\/www.infokuryr.cz\/n\/wp-json\/wp\/v2\/users\/2"}],"replies":[{"embeddable":true,"href":"https:\/\/www.infokuryr.cz\/n\/wp-json\/wp\/v2\/comments?post=105309"}],"version-history":[{"count":0,"href":"https:\/\/www.infokuryr.cz\/n\/wp-json\/wp\/v2\/posts\/105309\/revisions"}],"wp:featuredmedia":[{"embeddable":true,"href":"https:\/\/www.infokuryr.cz\/n\/wp-json\/wp\/v2\/media\/105311"}],"wp:attachment":[{"href":"https:\/\/www.infokuryr.cz\/n\/wp-json\/wp\/v2\/media?parent=105309"}],"wp:term":[{"taxonomy":"category","embeddable":true,"href":"https:\/\/www.infokuryr.cz\/n\/wp-json\/wp\/v2\/categories?post=105309"},{"taxonomy":"post_tag","embeddable":true,"href":"https:\/\/www.infokuryr.cz\/n\/wp-json\/wp\/v2\/tags?post=105309"}],"curies":[{"name":"wp","href":"https:\/\/api.w.org\/{rel}","templated":true}]}}