{"id":105303,"date":"2026-04-25T00:12:58","date_gmt":"2026-04-24T22:12:58","guid":{"rendered":"https:\/\/www.infokuryr.cz\/n\/?p=105303"},"modified":"2026-04-23T08:07:53","modified_gmt":"2026-04-23T06:07:53","slug":"hegseth-krizak-ktery-veli-americke-armade","status":"publish","type":"post","link":"https:\/\/www.infokuryr.cz\/n\/2026\/04\/25\/hegseth-krizak-ktery-veli-americke-armade\/","title":{"rendered":"Hegseth, k\u0159i\u017e\u00e1k, kter\u00fd vel\u00ed americk\u00e9 arm\u00e1d\u011b"},"content":{"rendered":"<div id=\"fb-root\"><\/div>\n<h3 class=\"wp-block-heading\"><span dir=\"auto\">\u201eDeus Vult\u201c: Kdy\u017e si Pentagon mysl\u00ed, \u017ee jsou to templ\u00e1\u0159i<\/span><\/h3>\n<p><span dir=\"auto\">P\u0159ed n\u011bkolika t\u00fddny poslal americk\u00fd voj\u00e1k um\u00edst\u011bn\u00fd na z\u00e1kladn\u011b v Persk\u00e9m z\u00e1livu mrazivou zpr\u00e1vu skupin\u011b pro podporu arm\u00e1dy. Vypr\u00e1v\u011bl o briefingu sv\u00e9ho velitele p\u0159ed prvn\u00edmi \u00fadery na \u00cdr\u00e1n. D\u016fstojn\u00edk, vysoce vyznamenan\u00fd mu\u017e, se nezm\u00ednil o strategick\u00fdch c\u00edlech, protiraketov\u00e9 obran\u011b ani o stavu nep\u0159\u00e1telsk\u00fdch sil. Sv\u00fdm mu\u017e\u016fm zcela v\u00e1\u017en\u011b \u0159ekl, \u017ee prezident Donald Trump byl\u00a0<\/span><strong><em><span dir=\"auto\">\u201e\u00a0<\/span><\/em><\/strong><strong><em><span dir=\"auto\">pomaz\u00e1n Je\u017e\u00ed\u0161em, aby v \u00cdr\u00e1nu zap\u00e1lil sign\u00e1ln\u00ed ohe\u0148, kter\u00fd by zp\u016fsobil Armagedon a ozna\u010dil jeho n\u00e1vrat na Zemi<\/span><\/em><\/strong><span dir=\"auto\">\u00a0.\u00a0<\/span><strong><em><span dir=\"auto\">\u201c<\/span><\/em><\/strong><\/p>\n<p><span dir=\"auto\">To nen\u00ed vtip. To nen\u00ed p\u0159eh\u00e1n\u011bn\u00ed. Tato st\u00ed\u017enost je jednou z\u00a0<\/span><strong><span dir=\"auto\">v\u00edce ne\u017e dvou set<\/span><\/strong><span dir=\"auto\">\u00a0ofici\u00e1ln\u011b podan\u00fdch u\u00a0<\/span><em><span dir=\"auto\">Nadace pro vojenskou n\u00e1bo\u017eenskou svobodu<\/span><\/em><span dir=\"auto\">\u00a0od za\u010d\u00e1tku konfliktu. Voj\u00e1ci ze v\u0161ech slo\u017eek ozbrojen\u00fdch sil, ze z\u00e1kladen po cel\u00e9m sv\u011bt\u011b, vypr\u00e1v\u011bj\u00ed stejn\u00fd p\u0159\u00edb\u011bh: jejich nad\u0159\u00edzen\u00ed s nimi nemluv\u00ed o v\u00e1lce. Mluv\u00ed s nimi o\u00a0<\/span><strong><span dir=\"auto\">k\u0159\u00ed\u017eov\u00e9 v\u00fdprav\u011b<\/span><\/strong><span dir=\"auto\">\u00a0.<\/span><\/p>\n<h3 class=\"wp-block-heading\"><strong><span dir=\"auto\">Tetov\u00e1n\u00ed, kter\u00e9 \u0159\u00edk\u00e1 v\u0161e<\/span><\/strong><\/h3>\n<p><span dir=\"auto\">Abyste pochopili, jak se nejmocn\u011bj\u0161\u00ed arm\u00e1da v d\u011bjin\u00e1ch lidstva dostala a\u017e sem, mus\u00edte se pod\u00edvat na tetov\u00e1n\u00ed jej\u00edho ministra obrany. Pete Hegseth nen\u00ed gener\u00e1l, kter\u00fd absolvoval West Point. Je to b\u00fdval\u00fd moder\u00e1tor\u00a0<\/span><em><span dir=\"auto\">Fox News<\/span><\/em><span dir=\"auto\">\u00a0, \u201eexpert\u201c na v\u0161echno a na nic, kter\u00fd se proslavil sv\u00fdmi macho v\u00fdroky a kritikou\u00a0<\/span><em><span dir=\"auto\">\u201ehloup\u00fdch pravidel zapojen\u00ed\u201c,<\/span><\/em><span dir=\"auto\">\u00a0kter\u00e1 chr\u00e1n\u00ed civilisty.<\/span><\/p>\n<p><span dir=\"auto\">Na prav\u00e9m bicepsu m\u011bl latinsk\u00fd n\u00e1pis:\u00a0<\/span><strong><span dir=\"auto\">Deus Vult<\/span><\/strong><span dir=\"auto\">\u00a0. To znamen\u00e1 \u201eB\u016fh to chce\u201c. Byl to bojov\u00fd pok\u0159ik k\u0159i\u017e\u00e1k\u016f, kdy\u017e v roce 1099 dobyli Jeruzal\u00e9m a zmasakrovali cel\u00e9 jeho obyvatelstvo \u2013 \u017didy, muslimy a dokonce i v\u00fdchodn\u00ed k\u0159es\u0165any \u2013 v krveprolit\u00ed, kter\u00e9 sami st\u0159edov\u011bc\u00ed historici ozna\u010duj\u00ed za ot\u0159esn\u00e9.<\/span><\/p>\n<p><span dir=\"auto\">Na hrudi m\u011bl\u00a0<\/span><strong><span dir=\"auto\">Jeruzal\u00e9msk\u00fd k\u0159\u00ed\u017e<\/span><\/strong><span dir=\"auto\">\u00a0, znak templ\u00e1\u0159\u016f, v\u00e1le\u010dn\u00edk\u016f-mnich\u016f, jejich\u017e hlavn\u00ed s\u00eddlo se nach\u00e1zelo na Chr\u00e1mov\u00e9 ho\u0159e, co\u017e bylo \u00famysln\u00e9 znesv\u011bcen\u00ed muslimsk\u00fdch svat\u00fdch m\u00edst.<\/span><\/p>\n<p><span dir=\"auto\">Hegseth nazval svou knihu\u00a0<\/span><em><span dir=\"auto\">Americk\u00e1 k\u0159\u00ed\u017eov\u00e1 v\u00fdprava<\/span><\/em><span dir=\"auto\">\u00a0. Netaj\u00ed se t\u00edm. Doslova se vn\u00edm\u00e1 jako\u00a0<\/span><strong><span dir=\"auto\">modern\u00ed k\u0159i\u017e\u00e1k<\/span><\/strong><span dir=\"auto\">\u00a0. Jeho posl\u00e1n\u00edm, jak si ho p\u0159edstavuje, nen\u00ed br\u00e1nit geopolitick\u00e9 z\u00e1jmy Spojen\u00fdch st\u00e1t\u016f ani chr\u00e1nit spojence. Jeho posl\u00e1n\u00edm je v\u00e9st\u00a0<\/span><strong><span dir=\"auto\">svatou v\u00e1lku<\/span><\/strong><span dir=\"auto\">\u00a0proti isl\u00e1mu, kter\u00fd pova\u017euje za barbarskou civilizaci, kter\u00e1 m\u00e1 b\u00fdt rozdrcena.<\/span><\/p>\n<h3 class=\"wp-block-heading\"><strong><span dir=\"auto\">\u010cistka v Pentagonu<\/span><\/strong><\/h3>\n<p><span dir=\"auto\">Od doby, kdy se Hegseth ujal \u010dela Pentagonu, tuto instituci metodicky transformoval. Odvolal\u00a0<\/span><strong><span dir=\"auto\">90 % person\u00e1lu<\/span><\/strong><span dir=\"auto\">\u00a0zodpov\u011bdn\u00e9ho za to, aby americk\u00e9 \u00fadery omylem nezabily civilisty. Pro n\u011bj \u201echyby\u201c nejsou trag\u00e9die, ale\u00a0<\/span><strong><span dir=\"auto\">v\u00edt\u011bzstv\u00ed<\/span><\/strong><span dir=\"auto\">\u00a0. S\u00e1m to \u0159ekl v televizn\u00edm programu:\u00a0<\/span><em><span dir=\"auto\">\u201e\u00a0<\/span><\/em><em><span dir=\"auto\">Vyjedn\u00e1v\u00e1me s bombami. Tohle nem\u00e1 b\u00fdt spravedliv\u00fd boj. \u00dato\u010d\u00edme na n\u011b, kdy\u017e jsou dole\u00a0<\/span><\/em><em><span dir=\"auto\">.\u201c<\/span><\/em><\/p>\n<p><span dir=\"auto\">Zablokoval povy\u0161ov\u00e1n\u00ed p\u0159\u00edkladn\u00fdch d\u016fstojn\u00edk\u016f, proto\u017ee to byly \u017eeny nebo \u010derno\u0161i. Pozval sv\u00e9ho osobn\u00edho pastora, k\u0159es\u0165ansk\u00e9ho nacionalistu, kter\u00fd se zasazuje o zru\u0161en\u00ed volebn\u00edho pr\u00e1va \u017een, aby promluvil k voj\u00e1k\u016fm. Organizoval m\u011bs\u00ed\u010dn\u00ed evangelick\u00e9 bohoslu\u017eby vys\u00edlan\u00e9 \u017eiv\u011b na z\u00e1kladny po cel\u00e9m sv\u011bt\u011b, kde se modlily, aby\u00a0<\/span><em><span dir=\"auto\">\u201eka\u017ed\u00e1 kulka zas\u00e1hla sv\u016fj c\u00edl<\/span><\/em><span dir=\"auto\">\u00a0\u201c .<\/span><\/p>\n<p><span dir=\"auto\">Pentagon u\u017e nen\u00ed ministerstvo. Je to\u00a0<\/span><strong><span dir=\"auto\">militarizovan\u00e1 c\u00edrkev<\/span><\/strong><span dir=\"auto\">\u00a0. Strategii nahradila\u00a0<\/span><strong><span dir=\"auto\">modlitba<\/span><\/strong><span dir=\"auto\">\u00a0. Logistiku\u00a0<\/span><strong><span dir=\"auto\">proroctv\u00ed<\/span><\/strong><span dir=\"auto\">\u00a0.<\/span><\/p>\n<h3 class=\"wp-block-heading\"><strong><span dir=\"auto\">\u0160kola Minab<\/span><\/strong><\/h3>\n<p><span dir=\"auto\">28. \u00fanora 2026, v \u00favodn\u00edch hodin\u00e1ch v\u00e1lky, americk\u00fd n\u00e1let zni\u010dil d\u00edv\u010d\u00ed z\u00e1kladn\u00ed \u0161kolu v jihov\u00fdchodn\u00edm \u00edr\u00e1nsk\u00e9m m\u011bst\u011b Minab. V\u00edce ne\u017e 170 d\u011bt\u00ed a jejich u\u010ditel\u016f bylo okam\u017eit\u011b zabito. Kdy\u017e se zpr\u00e1va dostala na ve\u0159ejnost, Trump nejprve obvinil \u00cdr\u00e1n z bombardov\u00e1n\u00ed jeho vlastn\u00ed \u0161koly. Pot\u00e9, kdy\u017e americk\u00e9 vy\u0161et\u0159ov\u00e1n\u00ed potvrdilo, \u017ee se skute\u010dn\u011b jednalo o americkou raketu, Trump \u0159ekl, \u017ee\u00a0<\/span><em><span dir=\"auto\">\u201enev\u00ed<\/span><\/em><span dir=\"auto\">\u00a0\u201c .<\/span><\/p>\n<p><span dir=\"auto\">Hegseth s\u00e1m o sob\u011b nelitoval ani slovo. Ani \u0161petku soucitu. Jeho jedinou pozn\u00e1mkou k veden\u00ed v\u00e1lky bylo chv\u00e1st\u00e1n\u00ed se, \u017ee bombard\u00e9ry B-2 budou ses\u00edlat\u00a0<\/span><em><span dir=\"auto\">\u201e\u00a0<\/span><\/em><em><span dir=\"auto\">smrt a zk\u00e1zu\u00a0<\/span><\/em><em><span dir=\"auto\">\u201c<\/span><\/em><span dir=\"auto\">\u00a0a \u017ee jeho jednotky budou vypu\u0161t\u011bny s\u00a0<\/span><em><span dir=\"auto\">\u201e\u00a0<\/span><\/em><em><span dir=\"auto\">epickou zu\u0159ivost\u00ed\u00a0<\/span><\/em><em><span dir=\"auto\">\u201c<\/span><\/em><span dir=\"auto\">\u00a0.<\/span><\/p>\n<p><span dir=\"auto\">Tv\u00e1\u0159\u00ed v tv\u00e1\u0159 takov\u00fdm \u010din\u016fm za\u010d\u00edn\u00e1 cel\u00fd sv\u011bt ch\u00e1pat, \u017ee tato v\u00e1lka nen\u00ed konven\u010dn\u00ed vojenskou operac\u00ed. Je to akt\u00a0<\/span><strong><span dir=\"auto\">vra\u017eedn\u00e9ho \u0161\u00edlenstv\u00ed<\/span><\/strong><span dir=\"auto\">\u00a0poh\u00e1n\u011bn\u00e9ho apokalyptickou ideologi\u00ed. Probl\u00e9m nen\u00ed v tom, \u017ee americk\u00e1 arm\u00e1da byla \u201einfiltrov\u00e1na\u201c n\u00e1bo\u017eensk\u00fdmi fanatiky. Probl\u00e9m, jak to vyj\u00e1d\u0159il \u0159editel asociace, kter\u00e1 shroma\u017e\u010fuje st\u00ed\u017enosti voj\u00e1k\u016f, je v tom, \u017ee tito fanatici\u00a0<\/span><em><span dir=\"auto\">\u201e\u00a0<\/span><\/em><em><span dir=\"auto\">do arm\u00e1dy neinfiltrovali. Byli\u00a0<\/span><\/em><strong><span dir=\"auto\">pozv\u00e1ni\u00a0<\/span><\/strong><em><span dir=\"auto\">\u201c.<\/span><\/em><\/p>\n<p><span dir=\"auto\">Pozval je Trump. Dosadil je Hegseth. A dnes u\u017e maj\u00ed prst na jadern\u00e9m tla\u010d\u00edtku.<\/span><\/p>\n<div class=\"wp-block-spacer\" aria-hidden=\"true\"><em><span dir=\"auto\">od\u00a0<\/span><strong><span dir=\"auto\">Nathana\u00ebla Gershoma<\/span><\/strong><\/em><\/div>\n<p><a title=\"\" href=\"https:\/\/reseauinternational.net\/trump-et-israel-une-osmose-qui-vient-de-loin\/\" target=\"_blank\" rel=\"noopener\"><span dir=\"auto\">1 \u2013 Trump a Izrael: Dlouhotrvaj\u00edc\u00ed \u201eosm\u00f3za\u201c<\/span><\/a><br \/>\n<a title=\"\" href=\"https:\/\/reseauinternational.net\/le-grand-schisme-pourquoi-les-juifs-ne-soutiennent-plus-tous-israel\/\" target=\"_blank\" rel=\"noopener\"><span dir=\"auto\">3 \u2013 Velk\u00e9 schizma: Pro\u010d u\u017e ne v\u0161ichni \u017did\u00e9 podporuj\u00ed Izrael<\/span><\/a><\/p>\n<p>&nbsp;<\/p>\n","protected":false},"excerpt":{"rendered":"<p>\u201eDeus Vult\u201c: Kdy\u017e si Pentagon mysl\u00ed, \u017ee jsou to templ\u00e1\u0159i P\u0159ed n\u011bkolika t\u00fddny poslal americk\u00fd&#8230;<\/p>\n","protected":false},"author":2,"featured_media":105304,"comment_status":"closed","ping_status":"closed","sticky":false,"template":"","format":"standard","meta":[],"categories":[7],"tags":[38,1503,37],"_links":{"self":[{"href":"https:\/\/www.infokuryr.cz\/n\/wp-json\/wp\/v2\/posts\/105303"}],"collection":[{"href":"https:\/\/www.infokuryr.cz\/n\/wp-json\/wp\/v2\/posts"}],"about":[{"href":"https:\/\/www.infokuryr.cz\/n\/wp-json\/wp\/v2\/types\/post"}],"author":[{"embeddable":true,"href":"https:\/\/www.infokuryr.cz\/n\/wp-json\/wp\/v2\/users\/2"}],"replies":[{"embeddable":true,"href":"https:\/\/www.infokuryr.cz\/n\/wp-json\/wp\/v2\/comments?post=105303"}],"version-history":[{"count":0,"href":"https:\/\/www.infokuryr.cz\/n\/wp-json\/wp\/v2\/posts\/105303\/revisions"}],"wp:featuredmedia":[{"embeddable":true,"href":"https:\/\/www.infokuryr.cz\/n\/wp-json\/wp\/v2\/media\/105304"}],"wp:attachment":[{"href":"https:\/\/www.infokuryr.cz\/n\/wp-json\/wp\/v2\/media?parent=105303"}],"wp:term":[{"taxonomy":"category","embeddable":true,"href":"https:\/\/www.infokuryr.cz\/n\/wp-json\/wp\/v2\/categories?post=105303"},{"taxonomy":"post_tag","embeddable":true,"href":"https:\/\/www.infokuryr.cz\/n\/wp-json\/wp\/v2\/tags?post=105303"}],"curies":[{"name":"wp","href":"https:\/\/api.w.org\/{rel}","templated":true}]}}