{"id":105300,"date":"2026-04-24T00:22:07","date_gmt":"2026-04-23T22:22:07","guid":{"rendered":"https:\/\/www.infokuryr.cz\/n\/?p=105300"},"modified":"2026-04-23T08:00:35","modified_gmt":"2026-04-23T06:00:35","slug":"david-dvorak-uz-se-mame-dobre-nebo-to-jeste-trosku-vylepsime","status":"publish","type":"post","link":"https:\/\/www.infokuryr.cz\/n\/2026\/04\/24\/david-dvorak-uz-se-mame-dobre-nebo-to-jeste-trosku-vylepsime\/","title":{"rendered":"David Dvo\u0159\u00e1k: U\u017e se m\u00e1me dob\u0159e \u2026 nebo to je\u0161t\u011b tro\u0161ku vylep\u0161\u00edme?"},"content":{"rendered":"<div id=\"fb-root\"><\/div>\n<p>Je tady generace, kter\u00e1 p\u016flku \u017eivota \u201ebudovala socialismus a byla z\u00e1\u0161titou m\u00edru\u201c a druhou p\u016flku s p\u00edsn\u00ed na rtech pozn\u00e1vala kapitalismus. Pokud by m\u011blo doj\u00edt na objektivn\u00ed hodnocen\u00ed, pak se asi nejv\u00edc hod\u00ed:\u00a0<em>\u201e \u2026 tak Ti n\u011bjak nev\u00edm, Karle \u2026\u201c<\/em><\/p>\n<p>Odmysl\u00edme-li si objektivn\u00ed technologick\u00fd pokrok (nap\u0159. v 70. letech LCD obrazovky a internet nebyl, dnes ano, proto se m\u00e1me l\u00e9pe\u00a0\ud83d\ude42\u00a0), pak m\u016f\u017eeme generalizovat, \u017ee za socialismu se ka\u017ed\u00fd rok \u017eilo o n\u011bco l\u00e9pe. Po r. 1989 bylo kr\u00e1tk\u00e9 obdob\u00ed doslova svobody, ne\u017e se nov\u00e1 moc zkonsolidovala, ale pak m\u016f\u017eeme pozorovat trend, kdy ka\u017ed\u00fd rok je v\u011bt\u0161in\u011b, mimo elit, tro\u0161ku h\u016f\u0159e.<\/p>\n<p>Dnes s naprost\u00fdm klidem m\u016f\u017eeme \u0159\u00edct, \u017ee oba re\u017eimy m\u011bly\/maj\u00ed sv\u00e9 siln\u00e9 a slab\u00e9 str\u00e1nky a je ot\u00e1zkou, kdo by dal \u010demu p\u0159ednost. Nejl\u00e9pe se vlastnosti ukazuj\u00ed na krajn\u00edch pozic\u00edch \u2013 nap\u0159. je v\u00fdhodou nem\u00edt fronty na ban\u00e1ny, m\u00edt dostupn\u00e9 spot\u0159ebn\u00ed zbo\u017e\u00ed a mo\u017enost jet kdykoliv a kamkoliv na dovolenou, ale bydlet pod mostem bez l\u00e9ka\u0159sk\u00e9 p\u00e9\u010de? \u2026 je st\u00e1t bohat\u00fd, kdy\u017e m\u00e1 miziv\u00e9 procento super-boh\u00e1\u010d\u016f, ale v\u011bt\u0161ina doslova \u017eivo\u0159\u00ed? \u2026 jak \u0159\u00edk\u00e1m, je to ot\u00e1zka priorit a nastaven\u00ed hodnot\u00edc\u00edch krit\u00e9ri\u00ed.<\/p>\n<p>Do r. 1989 jsme si zt\u011b\u017eovali na nedostupn\u00e9 bydlen\u00ed, p\u0159i\u010dem\u017e st\u00e1t masivn\u011b stav\u011bl \u201ekr\u00e1l\u00edk\u00e1rny\u201c, kter\u00e9 zadarmo p\u0159id\u011bloval sv\u00fdm ob\u010dan\u016fm. Dobr\u00e1 zpr\u00e1va dne\u0161ka je, \u017ee \u201ekr\u00e1l\u00edk\u00e1rny\u201c se u\u017e nestav\u00ed, \u0161patn\u00e1 pak \u2026 \u017ee se nestav\u00ed ani ty \u201ekr\u00e1l\u00edk\u00e1rny\u201c. S dne\u0161n\u00edmi zku\u0161enostmi m\u016f\u017eeme d\u0159\u00edv\u011bj\u0161\u00ed st\u00ed\u017enosti m\u00edrn\u011b poupravit \u2013 nest\u011b\u017eovali jsme si tenkr\u00e1t, \u017ee by nebylo dostupn\u00e9 bydlen\u00ed, ale na fakt, \u017ee nen\u00ed dostupn\u00e9 rychle. Co znamen\u00e1 \u201enedostupn\u00e9 bydlen\u00ed\u201c toti\u017e pozn\u00e1vaj\u00ed mlad\u00ed dnes.<\/p>\n<p>Za minul\u00e9ho re\u017eimu byla povinnost pracovat, v ob\u010dance musel m\u00edt ka\u017ed\u00fd raz\u00edtko podniku, kde byl zam\u011bstn\u00e1n \u2013 komu raz\u00edtko chyb\u011blo, ten \u0161el jednodu\u0161e do lochu za p\u0159\u00ed\u017eivnictv\u00ed, proto\u017ee byl bez ofici\u00e1ln\u00edho p\u0159\u00edjmu \u2026 a v \u201e\u0165urm\u011b\u201c nebyly \u017e\u00e1dn\u00e9 posilovny jako dnes, tam se t\u011blo posilovalo prac\u00ed. Dnes nen\u00ed povinnost pracovat a i dopady na spole\u010dnost jsou jin\u00e9. D\u0159\u00edve neexistovalo bezdomovectv\u00ed \u2013 kdy\u017e v\u00e1s soudruh \u201eesenb\u00e9\u201c na\u0161el v noci na lavi\u010dce nastaly v podstat\u011b dv\u011b mo\u017enosti: pokud byl \u010dlov\u011bk zam\u011bstn\u00e1n fi\u010del minim\u00e1ln\u011b na ubytovnu sv\u00e9ho zam\u011bstnavatele, pokud nem\u011bl \u201e\u0161templ\u201c tak fi\u010del do lochu. Na ulic\u00edch bylo daleko bezpe\u010dn\u011bji, \u017eeny a d\u011bti se nemusely b\u00e1t, drogov\u011b z\u00e1visl\u00ed byly opravdu v po\u010dtu men\u0161\u00edm ne\u017e mal\u00e9m.<\/p>\n<p>Dal\u0161\u00ed d\u016fle\u017eit\u00e1 v\u011bc pro \u017eivot je l\u00e9ka\u0159sk\u00e1 p\u00e9\u010de \u2013 d\u0159\u00edve m\u011bl ka\u017ed\u00fd sv\u00e9ho zuba\u0159e, ka\u017ed\u00e9 d\u00edt\u011b m\u011blo sv\u00e9ho pediatra, v\u011bt\u0161ina podnik\u016f sv\u00e9ho z\u00e1vodn\u00edho l\u00e9ka\u0159e. Dnes, v \u00fadajn\u011b lep\u0161\u00ed dob\u011b, tomu zdaleka tak nen\u00ed \u2013 i podle ofici\u00e1ln\u00edch statistik p\u0159es 1 mio ob\u010dan\u016f nem\u00e1 stomatologa a p\u0159es 300.000 d\u011bt\u00ed sv\u00e9ho pediatra. A op\u011bt \u2013 \u201em\u00e1me se l\u00e9pe\u201c, kdy\u017e miziv\u00e9 procento nejbohat\u0161\u00edch m\u00e1 leg\u00e1ln\u011b k dispozici \u0161pi\u010dkov\u00e9 l\u00e9ka\u0159sk\u00e9 o\u0161et\u0159en\u00ed, ale nar\u016fst\u00e1 po\u010det spoluob\u010dan\u016f, kte\u0159\u00ed nemaj\u00ed dostupn\u00e9 ani nejz\u00e1kladn\u011bj\u0161\u00ed l\u00e9ka\u0159skou p\u00e9\u010di? Kdysi nedostatek zuba\u0159\u016f dorovn\u00e1vali kov\u00e1\u0159i \u2013 bolel v\u00e1s zub, \u0161lo se za kov\u00e1\u0159em a ten ho vytrhl. Blb\u00fd je, \u017ee i \u0161kolstv\u00ed jsme tro\u0161ku vylep\u0161ili, p\u0159esn\u011bji \u2013 u\u010debn\u00ed \u0161kolstv\u00ed \u0159\u00e1dn\u011b zdecimovali, tak\u017ee v\u00fdsledkem je i nedostatek kov\u00e1\u0159\u016f.<\/p>\n<p>\u0160kolstv\u00ed je taky samostatn\u00e1 kapitola, kdy jsme, jako potomci A. Komensk\u00e9ho, ztratili d\u016fvod b\u00fdt hrd\u00ed na sv\u00e9 v\u00fdsledku v tomto oboru. Tak\u017ee op\u011bt \u201evylep\u0161en\u00ed\u201c.<\/p>\n<p>Kapitalismu nelze up\u0159\u00edt n\u011bco, co socialismus nem\u011bl \u2013 \u0161\u00edlen\u00fd progres. Ta motivace vp\u0159ed d\u0159\u00edve chyb\u011bla, byl to takov\u00fd \u201enucen\u00fd pokrok v mez\u00edch z\u00e1kona\u201c. Kapitalismus je v tomto jak \u0161tika v rybn\u00edku. Ale je to jak s ohn\u011bm \u2013 m\u016f\u017ee b\u00fdt dobr\u00fd sluha, ale je zl\u00fd p\u00e1n. Kapitalismus je zalo\u017een na hromad\u011bn\u00ed kapit\u00e1lu a \u00fasp\u011bchu schopn\u011bj\u0161\u00edch, co\u017e je eufemismus pro po\u017e\u00edr\u00e1n\u00ed slab\u0161\u00edch. Na konci procesu je v\u017edy jeden nebo p\u00e1r skute\u010dn\u011b (v\u0161eho)schopn\u00fdch a zbytek je obr\u00e1n. Je to jak v kas\u00ednu, kde nem\u016f\u017eete vyhr\u00e1t, proto\u017ee syst\u00e9m hry je nastaven tak, \u017ee vyhr\u00e1v\u00e1 majitel kas\u00edna \u2026 pomalu, ale jist\u011b.<\/p>\n<p>Ov\u0161em i ten progres v kapitalismu je nakonec \u0159\u00e1dn\u011b \u201eojeb\u00e1n\u201c \u2026 na za\u010d\u00e1tku m\u00e1 v\u00fdrobek snahu b\u00fdt kvalitn\u00ed a aby dlouho vydr\u017eel. Jen\u017ee to je proti logice syst\u00e9mu \u2013 m\u00e1 se prod\u00e1vat v neust\u00e1le zvy\u0161uj\u00edc\u00edch se objemech, tak\u017ee \u201ebyteln\u00e1\u201c konstrukce, zaji\u0161\u0165uj\u00edc\u00ed dlouhou \u017eivotnost a funk\u010dnost je ve v\u00fdsledku ne\u017e\u00e1douc\u00ed. A tak jsme \u010dasto sv\u011bdky, \u017ee nap\u0159. p\u016fvodn\u00ed konstrukce z plechu tl. 1mm je r\u016fzn\u00fdmi \u201evylep\u0161en\u00edmi\u201c nahrazov\u00e1na plechem 0,8mmm \u2026 pak 0,6mm \u2026 a\u017e nakonec marketingov\u00e9 odd\u011blen\u00ed v\u00fdrobce stoj\u00ed p\u0159ed r\u00e9busem, jak z\u00e1kazn\u00edkovi vysv\u011btlit, \u017ee i tvrzen\u00fd pap\u00edr je stejn\u011b dobr\u00fd \u2026 a k tomu v\u0161echny ty \u201ekurv\u00edtka\u201c. Ne \u017ee bychom neum\u011bli nebo nev\u011bd\u011bli, jak vyrobit n\u011bco kvalitn\u00edho s dlouhou \u017eivotnost\u00ed \u2026 ale z\u00e1kon kapitalismu = prod\u00e1vat = v\u00fdrobek nesm\u00ed vydr\u017eet moc dlouho.<\/p>\n<p>D\u0159\u00edve byly na v\u0161echno tzv. podnikov\u00e9 normy \u2013 pamatuji si, \u017ee d\u0159\u00edve \u010daloun\u011bn\u00e9 v\u011bci musely m\u00edt opravdu vhodnou potahovou l\u00e1tku, aby n\u011bco vydr\u017eela. Dnes? \u2026 n\u011bkdy se boj\u00edte si do seda\u010dky sednout, aby l\u00e1tka hned nepraskla. Obdobn\u011b potraviny \u2013 pamatuji si, \u017ee d\u0159\u00edve se z ml\u00e9ka ud\u011blala ky\u0161ka. Z t\u00e9 dne\u0161n\u00ed obarven\u00e9 vody ky\u0161ku nevykouzl\u00edte ani p\u0159i usilovn\u00e9m modlen\u00ed.<\/p>\n<p>Pro\u010d to p\u00ed\u0161u \u2013 \u017eijeme v dob\u011b, kdy kon\u010d\u00ed etapa t\u00e9to verze kapitalismu, kter\u00fd dosluhuje stejn\u011b, jako sv\u00e9ho \u010dasu dosluhoval feudalismus a socialismus. D\u011bjiny se v\u017edy posouvaj\u00ed v\u0159ed a nevrac\u00ed se k minul\u00e9mu. Nevr\u00e1t\u00ed se tak feudalismus, socialismus ani tento kapitalismus. Te\u010f jsme v dob\u011b, kdy sv\u00fdm jedn\u00e1n\u00edm formujeme n\u011bco, co bude \u2026 tedy z\u00e1le\u017e\u00ed opravdu i na n\u00e1s, v jak\u00e9 budoucnosti budeme vlastn\u011b \u017e\u00edt.<\/p>\n<p>A zakon\u010d\u00edm n\u00e1sledovn\u011b:\u00a0<em>\u201e\u2026 tak ti nev\u00edm, Karle, ale nem\u011bli by ti politici u\u017e za\u010d\u00edt pracovat ve prosp\u011bch sv\u00fdch ob\u010dan\u016f? \u2026 kdy\u017e n\u00e1s \u00fadajn\u011b zastupuj\u00ed a plat\u00edme si je? \u2026 dobr\u00e9 i \u0161patn\u00e9 na minul\u00fdch re\u017eimech p\u0159ece identifikovat um\u00edme nebo ne?\u201c<\/em><\/p>\n<p><a href=\"https:\/\/web.litterate.cz\/uz-se-mame-dobre-nebo-to-jeste-trosku-vylepsime\/\">David Dvo\u0159\u00e1k<\/a><\/p>\n<p>&nbsp;<\/p>\n","protected":false},"excerpt":{"rendered":"<p>Je tady generace, kter\u00e1 p\u016flku \u017eivota \u201ebudovala socialismus a byla z\u00e1\u0161titou m\u00edru\u201c a druhou p\u016flku&#8230;<\/p>\n","protected":false},"author":2,"featured_media":83898,"comment_status":"closed","ping_status":"closed","sticky":false,"template":"","format":"standard","meta":[],"categories":[6],"tags":[2838,1503,940,122,2385],"_links":{"self":[{"href":"https:\/\/www.infokuryr.cz\/n\/wp-json\/wp\/v2\/posts\/105300"}],"collection":[{"href":"https:\/\/www.infokuryr.cz\/n\/wp-json\/wp\/v2\/posts"}],"about":[{"href":"https:\/\/www.infokuryr.cz\/n\/wp-json\/wp\/v2\/types\/post"}],"author":[{"embeddable":true,"href":"https:\/\/www.infokuryr.cz\/n\/wp-json\/wp\/v2\/users\/2"}],"replies":[{"embeddable":true,"href":"https:\/\/www.infokuryr.cz\/n\/wp-json\/wp\/v2\/comments?post=105300"}],"version-history":[{"count":0,"href":"https:\/\/www.infokuryr.cz\/n\/wp-json\/wp\/v2\/posts\/105300\/revisions"}],"wp:featuredmedia":[{"embeddable":true,"href":"https:\/\/www.infokuryr.cz\/n\/wp-json\/wp\/v2\/media\/83898"}],"wp:attachment":[{"href":"https:\/\/www.infokuryr.cz\/n\/wp-json\/wp\/v2\/media?parent=105300"}],"wp:term":[{"taxonomy":"category","embeddable":true,"href":"https:\/\/www.infokuryr.cz\/n\/wp-json\/wp\/v2\/categories?post=105300"},{"taxonomy":"post_tag","embeddable":true,"href":"https:\/\/www.infokuryr.cz\/n\/wp-json\/wp\/v2\/tags?post=105300"}],"curies":[{"name":"wp","href":"https:\/\/api.w.org\/{rel}","templated":true}]}}