{"id":105297,"date":"2026-04-24T00:19:38","date_gmt":"2026-04-23T22:19:38","guid":{"rendered":"https:\/\/www.infokuryr.cz\/n\/?p=105297"},"modified":"2026-04-23T07:55:01","modified_gmt":"2026-04-23T05:55:01","slug":"jana-markova-vypada-to-ze-obchodni-zastupce-s-cinskymi-drony-zahajil-predvolebni-kampan","status":"publish","type":"post","link":"https:\/\/www.infokuryr.cz\/n\/2026\/04\/24\/jana-markova-vypada-to-ze-obchodni-zastupce-s-cinskymi-drony-zahajil-predvolebni-kampan\/","title":{"rendered":"Jana Markov\u00e1: Vypad\u00e1 to, \u017ee \u201eobchodn\u00ed z\u00e1stupce s \u010d\u00ednsk\u00fdmi drony\u201c zah\u00e1jil p\u0159edvolebn\u00ed kampa\u0148"},"content":{"rendered":"<div id=\"fb-root\"><\/div>\n<p>Posledn\u00ed dobou pomalu nem\u016f\u017eete otev\u0159\u00edt n\u011bjak\u00e9 m\u00e9dium, aby na v\u00e1s nevykoukl zat\u00edm je\u0161t\u011b po\u0159\u00e1d n\u00e1\u010deln\u00edk Gener\u00e1ln\u00edho \u0161t\u00e1bu Arm\u00e1dy \u010cesk\u00e9 republiky Karel \u0158ehka, alias dronov\u00fd Charlie. Kryc\u00ed jm\u00e9no Charlie one. Lehce zm\u011bnil r\u00e9toriku, u\u017e nen\u00ed tak \u00fato\u010dn\u00fd, sp\u00ed\u0161 takov\u00fd ta\u0165ka, kter\u00fd to s n\u00e1mi d\u011btmi mysl\u00ed dob\u0159e. Po\u0159\u00e1d stra\u0161\u00ed Ruskem, to samoz\u0159ejm\u011b ano, nicm\u00e9n\u011b je mnohem m\u00e9n\u011b agresivn\u00ed, u\u017e by n\u00e1s nehnal do mobilizace, u\u017e nechce nikomu roz\u0161lapat ksicht, u\u017e se tak n\u011bjak dr\u017e\u00ed zp\u00e1tky.<\/p>\n<p>A j\u00e1 m\u00e1m zkr\u00e1tka pocit, \u017ee se sna\u017e\u00ed je\u0161t\u011b st\u00e1le ve sv\u00e9 funkci vyt\u0159\u00edskat maximum medi\u00e1ln\u00edho prostoru u\u017e sp\u00ed\u0161e jako politik, co\u017e tedy d\u011blal tak trochu v\u017edycky, ne\u017e jako voj\u00e1k. Voj\u00e1k m\u00e1 b\u00fdt apolitick\u00fd, a to prost\u011b Charlie u\u017e ani nep\u0159edst\u00edr\u00e1. A vzhledem k tomu, \u017ee jeho dlouholetou p\u0159\u00edtelkyn\u00ed je pan\u00ed poslankyn\u011b za STAN Opltov\u00e1, kter\u00e1 z\u0159ejm\u011b v\u011bdouc v\u011bc\u00ed p\u0159\u00ed\u0161t\u00edch, zahrnula Karla u\u017e do sv\u00e9 p\u0159edvolebn\u00ed kampan\u011b, asi nen\u00ed t\u011b\u017ek\u00e9 uh\u00e1dnout, za koho \u017ee by kopal.<\/p>\n<p>Osobn\u011b mi to p\u0159ijde jako brut\u00e1ln\u00ed paradox, proto\u017ee jak se voj\u00e1k vlastenec slu\u010duje s n\u011b\u010d\u00edm takov\u00fdm, jako je cokoliv vlasteneck\u00e9ho nen\u00e1vid\u011bj\u00edc\u00ed libtard\u00ed STAN, to opravdu nech\u00e1pu. To jsou ti libtardi, kte\u0159\u00ed by nejrad\u011bji rozpliznuli \u010desk\u00fd n\u00e1rod mezi sm\u011bsici euron\u00e1rod\u016f a vytvo\u0159ili tak dokonal\u00fd masoml\u00ednek na n\u00e1rodn\u00ed sekanou. Mo\u017en\u00e1 ide\u00e1ln\u00ed do o\u010dek\u00e1van\u00fdch konflikt\u016f, nikoliv ov\u0161em v z\u00e1jmu na\u0161eho n\u00e1roda, jak se kasal voj\u00e1k \u0158ehka. V podstat\u011b by se te\u010f jal reprezentovat n\u011bco, co by se mu m\u011blo z podstaty v\u011bci hnusit.<\/p>\n<p>A\u0165 tak, \u010di tak, \u0161u\u0161k\u00e1 se, \u017ee politick\u00e9 up\u00edchnut\u00ed by m\u011blo b\u00fdt sen\u00e1torsk\u00e9 k\u0159eslo. \u0160u\u0161k\u00e1 se to velmi intenzivn\u011b a \u010d\u00edm d\u00e1l intenzivn\u011bji, a\u010dkoliv to nikdo z akt\u00e9r\u016f zat\u00edm nepotvrdil. Po\u0159\u00e1d je tu toti\u017e ten st\u0159et z\u00e1jm\u016f, kdy volby jsou u\u017e v \u0159\u00edjnu, kandid\u00e1tky se mus\u00ed odevzdat 66 dn\u00ed p\u0159edem a Karel \u0158ehka sice teoreticky ve funkci m\u016f\u017ee skon\u010dit za\u010d\u00e1tkem \u010dervna, ale arm\u00e1dn\u00ed z\u00e1vazek m\u00e1 a\u017e do konce srpna.<\/p>\n<p>Teoreticky by ho mohl nov\u00fd ministr uvolnit d\u0159\u00edve, ale to opravdu ne\u010dek\u00e1m, \u017ee by se stalo.\u00a0<img decoding=\"async\" loading=\"lazy\" src=\"https:\/\/static.xx.fbcdn.net\/images\/emoji.php\/v9\/t51\/1\/16\/1f603.png\" alt=\"\ud83d\ude03\" width=\"16\" height=\"16\" \/>\u00a0Prakticky se tak bude muset \u0158ehka pokusit zkr\u00e1tit si z\u00e1vazek s\u00e1m, ale to se p\u0159iprav\u00ed o velkou \u010d\u00e1st v\u00fdsluhy a nebo se tv\u00e1\u0159it, \u017ee kandidovat nikdy necht\u011bl. A ta v\u00fdsluha opravdu nen\u00ed mal\u00e1, m\u011bs\u00ed\u010dn\u011b je to kolem 100 tis\u00edc korun. J\u00e1 ho jako sen\u00e1tora opravdu vid\u011bt po tom v\u0161em nechci, ale jsem zv\u011bdav\u00e1, co jemu osobn\u011b bude milej\u0161\u00ed. Ka\u017edop\u00e1dn\u011b kampa\u0148 podle mne u\u017e rozjel, i kdy\u017e zat\u00edm se v\u0161ichni tv\u00e1\u0159\u00ed, \u017ee je to n\u00e1hoda.<\/p>\n<p>P.S. M\u016f\u017eete mi pros\u00edm n\u011bkdo z p\u00ed\u00e1rist\u016f vysv\u011btlit, pro\u010d se ale pan \u0158ehka za\u010dal v\u0161ude prezentovat jako polozarostl\u00fd \u201eneandrt\u00e1lec\u201c? Vypad\u00e1 to drsn\u011b? L\u00edb\u00ed se to M\u00ed\u0161e? Sakra v\u017edy\u0165 on je z Afgh\u00e1nist\u00e1nu doma u\u017e roky?\u00a0<img decoding=\"async\" loading=\"lazy\" src=\"https:\/\/static.xx.fbcdn.net\/images\/emoji.php\/v9\/t51\/1\/16\/1f603.png\" alt=\"\ud83d\ude03\" width=\"16\" height=\"16\" \/><\/p>\n<p><a href=\"https:\/\/web.litterate.cz\/vypada-to-ze-obchodni-zastupce-s-cinskymi-drony-zahajil-predvolebni-kampan\/\">Jana Markov\u00e1<\/a><\/p>\n<p><img decoding=\"async\" loading=\"lazy\" class=\"alignnone size-full wp-image-34862\" src=\"http:\/\/www.infokuryr.cz\/n\/wp-content\/uploads\/2023\/08\/jana-markova.jpg\" alt=\"\" width=\"180\" height=\"180\" srcset=\"https:\/\/www.infokuryr.cz\/n\/wp-content\/uploads\/2023\/08\/jana-markova.jpg 180w, https:\/\/www.infokuryr.cz\/n\/wp-content\/uploads\/2023\/08\/jana-markova-150x150.jpg 150w\" sizes=\"(max-width: 180px) 100vw, 180px\" \/><\/p>\n<p>&nbsp;<\/p>\n","protected":false},"excerpt":{"rendered":"<p>Posledn\u00ed dobou pomalu nem\u016f\u017eete otev\u0159\u00edt n\u011bjak\u00e9 m\u00e9dium, aby na v\u00e1s nevykoukl zat\u00edm je\u0161t\u011b po\u0159\u00e1d n\u00e1\u010deln\u00edk&#8230;<\/p>\n","protected":false},"author":2,"featured_media":29069,"comment_status":"closed","ping_status":"closed","sticky":false,"template":"","format":"standard","meta":[],"categories":[6],"tags":[30,2856,1503,4471],"_links":{"self":[{"href":"https:\/\/www.infokuryr.cz\/n\/wp-json\/wp\/v2\/posts\/105297"}],"collection":[{"href":"https:\/\/www.infokuryr.cz\/n\/wp-json\/wp\/v2\/posts"}],"about":[{"href":"https:\/\/www.infokuryr.cz\/n\/wp-json\/wp\/v2\/types\/post"}],"author":[{"embeddable":true,"href":"https:\/\/www.infokuryr.cz\/n\/wp-json\/wp\/v2\/users\/2"}],"replies":[{"embeddable":true,"href":"https:\/\/www.infokuryr.cz\/n\/wp-json\/wp\/v2\/comments?post=105297"}],"version-history":[{"count":0,"href":"https:\/\/www.infokuryr.cz\/n\/wp-json\/wp\/v2\/posts\/105297\/revisions"}],"wp:featuredmedia":[{"embeddable":true,"href":"https:\/\/www.infokuryr.cz\/n\/wp-json\/wp\/v2\/media\/29069"}],"wp:attachment":[{"href":"https:\/\/www.infokuryr.cz\/n\/wp-json\/wp\/v2\/media?parent=105297"}],"wp:term":[{"taxonomy":"category","embeddable":true,"href":"https:\/\/www.infokuryr.cz\/n\/wp-json\/wp\/v2\/categories?post=105297"},{"taxonomy":"post_tag","embeddable":true,"href":"https:\/\/www.infokuryr.cz\/n\/wp-json\/wp\/v2\/tags?post=105297"}],"curies":[{"name":"wp","href":"https:\/\/api.w.org\/{rel}","templated":true}]}}