{"id":105294,"date":"2026-04-24T00:13:35","date_gmt":"2026-04-23T22:13:35","guid":{"rendered":"https:\/\/www.infokuryr.cz\/n\/?p=105294"},"modified":"2026-04-23T07:48:21","modified_gmt":"2026-04-23T05:48:21","slug":"jindrich-kulhavy-to-jsou-ale-paradoxy","status":"publish","type":"post","link":"https:\/\/www.infokuryr.cz\/n\/2026\/04\/24\/jindrich-kulhavy-to-jsou-ale-paradoxy\/","title":{"rendered":"Jind\u0159ich Kulhav\u00fd: To jsou ale paradoxy"},"content":{"rendered":"<div id=\"fb-root\"><\/div>\n<p><span class=\"anotation\">Sou\u010dasn\u00e1 doba je skute\u010dnou uk\u00e1zkou toho, jak lze zdegenerovat. Studenti ve vyu\u010dovac\u00ed dob\u011b demonstruj\u00ed za zachov\u00e1n\u00ed koncesion\u00e1\u0159sk\u00fdch poplatk\u016f, jejich\u017e v\u00fdnos je ur\u010den m\u00e9di\u00edm, kter\u00e1 v\u011bt\u0161inou v\u016fbec nesleduj\u00ed. Nicm\u00e9n\u011b usilovn\u00e1 pr\u00e1ce politick\u00fdch neziskov\u00fdch organizac\u00ed podnikaj\u00edc\u00edch i ve \u0161kolstv\u00ed nese ovoce. Manipulace a indoktrinace dos\u00e1hla dal\u0161\u00edho \u00fasp\u011bchu.<\/span><\/p>\n<div id=\"pagetext\">\n<p>P\u0159esto\u017ee v\u00fd\u0161e uveden\u00e9 poplatky plat\u00ed jejich rodi\u010de, studenti dostali studijn\u00ed volno a vy\u0161li do ulic. Samoz\u0159ejm\u011b za podpory podobn\u00fdch spolk\u016f, jak\u00fdm je nap\u0159\u00edklad Milion chvilek. A zcela ne\u010dekan\u011b i se souhlasn\u00fdm pokynut\u00edm od opozice, kter\u00e1 m\u00e1 na \u010cT i \u010cRo dlouhodob\u00fd vliv. Aby toho nebylo m\u00e1lo, o intenzit\u011b manipulace na \u0161kol\u00e1ch ze strany neziskov\u00e9ho kolosu \u010clov\u011bk v t\u00edsni jdou u\u017e legendy. A p\u0159id\u00e1me li putov\u00e1n\u00ed prezidenta Petra Pavla po \u0161kolsk\u00fdch \u00fastavech, jako\u017eto moment\u00e1ln\u00ed tv\u00e1\u0159e namistrovan\u00e9 parlamentn\u00ed men\u0161iny, je vcelku pochopiteln\u00e9, \u017ee \u00fa\u010dast byla p\u0159esn\u011b takov\u00e1, aby toho mohla posti\u017een\u00e1 m\u00e9dia vyu\u017e\u00edt.<\/p>\n<p>Zam\u011bstnanci obou medi\u00e1ln\u00edch dom\u016f zah\u00e1jili st\u00e1vkovou pohotovost. P\u0159itom se pt\u00e1me, pro\u010d to d\u011blaj\u00ed? M\u00edsto koncesion\u00e1\u0159sk\u00fdch poplatk\u016f st\u00e1t nab\u00edz\u00ed financov\u00e1n\u00ed ze st\u00e1tn\u00edho rozpo\u010dtu, a dokonce fanatik\u016fm prezentuj\u00edc\u00edm podporu \u010cT a \u010cRo nech\u00e1vaj\u00ed mo\u017enost koncesion\u00e1\u0159sk\u00e9 poplatky d\u00e1le dobrovoln\u011b platit. M\u00e1 li tedy nap\u0159\u00edklad veden\u00ed \u010cesk\u00e9 televize pocit, \u017ee m\u00e1 dostatek v\u011brn\u00fdch div\u00e1k\u016f, kte\u0159\u00ed budou nav\u00edc ochotn\u00ed d\u00e1le v\u011bnovat n\u011bco ze sv\u00e9ho, pak p\u0159eci nen\u00ed d\u016fvod b\u00e1t se sn\u00ed\u017een\u00ed rozpo\u010dtu. Je li tomu jinak, pak jde o dotov\u00e1n\u00ed m\u00e9n\u011b kvalitn\u00edho vys\u00edl\u00e1n\u00ed, p\u0159\u00edpadn\u011b p\u0159\u00edli\u0161 drah\u00e9ho. A ano, bude m\u00e9n\u011b pen\u011bz. Jde o odraz kvality, objektivity a seri\u00f3znosti. Tyto vlastnosti \u010cT skute\u010dn\u011b chyb\u00ed, pro\u010d by tedy m\u011bla m\u00edt tak vysok\u00fd rozpo\u010det? \u010cRo je na tom podobn\u011b. Trest za neochotu b\u00fdt nestrann\u00fdmi je spr\u00e1vn\u00fd. U soukrom\u00fdch subjekt\u016f je o\u010dek\u00e1van\u00e9, \u017ee kdo plat\u00ed, ur\u010duje sm\u011br. Ve\u0159ejnopr\u00e1vn\u00ed m\u00e9dia mus\u00ed respektovat to, \u017ee je financuj\u00ed lid\u00e9 s r\u016fzn\u00fdmi n\u00e1zory. Nerespektuj\u00ed li, p\u0159ijdou o p\u0159\u00edjmy.<\/p>\n<p>Bou\u0159\u00ed se i \u010d\u00e1st um\u011bleck\u00e9 fronty. U t\u00e9 je to pochopiteln\u00e9. Platy jej\u00ed velk\u00e9 \u010d\u00e1sti z\u00e1vis\u00ed i na nab\u00eddk\u00e1ch od majitel\u016f m\u00e9di\u00ed, na popularit\u011b z\u00edskan\u00e9 d\u00edky obrazovk\u00e1m a reproduktor\u016fm \u0161\u00ed\u0159\u00edc\u00edch jej\u00ed pr\u00e1ci. I tady jde o koryto, nikoliv o demokracii. Paradoxem je, \u017ee nejhlasit\u011bji k\u0159i\u010d\u00ed ti, kter\u00fdm k \u00fasp\u011bchu pomohla \u0165ato m\u00e9dia v dob\u011b, kdy je platila KS\u010c. P\u0159edstava, \u017ee svoboda m\u00e9di\u00ed z\u00e1vis\u00ed na tom, \u017ee je budou platit koncesion\u00e1\u0159i, je myln\u00e1. Odv\u00edj\u00ed se od p\u0159\u00edstupu k informac\u00edm, jejich \u0161\u00ed\u0159en\u00ed a p\u0159ed\u00e1v\u00e1n\u00ed. Na\u0161e \u010cT i \u010cRo jsou v\u0161ak k apolitick\u00e9mu stavu vzd\u00e1len\u00fdmi mnohem v\u00edce, ne\u017e si lze jen p\u0159edstavit. P\u0159\u00edstupem daleko sp\u00ed\u0161e p\u0159ipom\u00ednaj\u00ed r\u00e9toriku z dob normalizace a propagace komunismu ne\u017e nez\u00e1vislost. Jen se zm\u011bnila strana a do pop\u0159ed\u00ed se dostaly liberalismus, eurohujerstv\u00ed a bruselsk\u00e1 zelen\u00e1 propaganda. T\u0159\u00eddn\u00edm nep\u0159\u00edtelem jsou Rusko, Putin a kdokoliv dal\u0161\u00ed maj\u00edc\u00ed v hlav\u011b pou\u017eiteln\u00fd mozek pou\u017e\u00edvan\u00fd k p\u0159em\u00fd\u0161len\u00ed, a t\u00edm i ke vzdoru v\u016f\u010di moder\u00e1tory vychvalovan\u00fdm z\u00e1padn\u00edm hodnot\u00e1m.<\/p>\n<p>Babi\u0161em veden\u00e1 vl\u00e1da pouze pln\u00ed p\u0159edvolebn\u00ed sliby. To se Fialovi a jeho P\u011btikoalici nikdy nepoda\u0159ilo. A pokud tedy ve v\u011bci zru\u0161en\u00ed koncesion\u00e1\u0159sk\u00fdch poplatk\u016f jde o slib dan\u00fd voli\u010d\u016fm a pomohlo to k v\u00edt\u011bzstv\u00ed ve volb\u00e1ch, pak si logicky v\u011bt\u0161ina ob\u010dan\u016f t\u00e9to zem\u011b platbu za televizn\u00ed a rozhlasov\u00e1 ve\u0159ejnopr\u00e1vn\u00ed m\u00e9dia nep\u0159eje. V ulic\u00edch a \u00e9teru je tak sly\u0161et jen u\u0159van\u00e1 men\u0161ina a ti, kte\u0159\u00ed by se museli nau\u010dit odv\u00e1d\u011bt dobrou novina\u0159inu. Nestrannou, kvalitn\u00ed a apolitickou. Zat\u00edm si takto toti\u017e plat\u00edme p\u0159edev\u0161\u00edm v\u0161i a cizopasn\u00edky ve vlastn\u00edm ko\u017eichu. Kdo v tom chce pokra\u010dovat, dle p\u0159ipravovan\u00e9ho z\u00e1kona m\u016f\u017ee. My o to nestoj\u00edme. Up\u0159\u00edmn\u011b? Opravdu si n\u011bkdo mysl\u00ed, \u017ee jsou \u010cT a \u010cRo pravdomluvn\u00fdmi? A pokud ne, jsou tu nav\u00edc.<\/p>\n<p><a href=\"https:\/\/www.inadhled.live\/uvaha-dne\/to-jsou-ale-paradoxy\/\">Jind\u0159ich Kulhav\u00fd<\/a><\/p>\n<p><img decoding=\"async\" loading=\"lazy\" class=\"alignnone size-full wp-image-48136\" src=\"http:\/\/www.infokuryr.cz\/n\/wp-content\/uploads\/2024\/02\/kulhavy-jindrich.jpg\" alt=\"\" width=\"219\" height=\"221\" srcset=\"https:\/\/www.infokuryr.cz\/n\/wp-content\/uploads\/2024\/02\/kulhavy-jindrich.jpg 219w, https:\/\/www.infokuryr.cz\/n\/wp-content\/uploads\/2024\/02\/kulhavy-jindrich-150x150.jpg 150w\" sizes=\"(max-width: 219px) 100vw, 219px\" \/><\/p>\n<p>&nbsp;<\/p>\n<\/div>\n","protected":false},"excerpt":{"rendered":"<p>Sou\u010dasn\u00e1 doba je skute\u010dnou uk\u00e1zkou toho, jak lze zdegenerovat. Studenti ve vyu\u010dovac\u00ed dob\u011b demonstruj\u00ed za&#8230;<\/p>\n","protected":false},"author":2,"featured_media":105295,"comment_status":"closed","ping_status":"closed","sticky":false,"template":"","format":"standard","meta":[],"categories":[6],"tags":[5930,1025,1503,1738],"_links":{"self":[{"href":"https:\/\/www.infokuryr.cz\/n\/wp-json\/wp\/v2\/posts\/105294"}],"collection":[{"href":"https:\/\/www.infokuryr.cz\/n\/wp-json\/wp\/v2\/posts"}],"about":[{"href":"https:\/\/www.infokuryr.cz\/n\/wp-json\/wp\/v2\/types\/post"}],"author":[{"embeddable":true,"href":"https:\/\/www.infokuryr.cz\/n\/wp-json\/wp\/v2\/users\/2"}],"replies":[{"embeddable":true,"href":"https:\/\/www.infokuryr.cz\/n\/wp-json\/wp\/v2\/comments?post=105294"}],"version-history":[{"count":0,"href":"https:\/\/www.infokuryr.cz\/n\/wp-json\/wp\/v2\/posts\/105294\/revisions"}],"wp:featuredmedia":[{"embeddable":true,"href":"https:\/\/www.infokuryr.cz\/n\/wp-json\/wp\/v2\/media\/105295"}],"wp:attachment":[{"href":"https:\/\/www.infokuryr.cz\/n\/wp-json\/wp\/v2\/media?parent=105294"}],"wp:term":[{"taxonomy":"category","embeddable":true,"href":"https:\/\/www.infokuryr.cz\/n\/wp-json\/wp\/v2\/categories?post=105294"},{"taxonomy":"post_tag","embeddable":true,"href":"https:\/\/www.infokuryr.cz\/n\/wp-json\/wp\/v2\/tags?post=105294"}],"curies":[{"name":"wp","href":"https:\/\/api.w.org\/{rel}","templated":true}]}}