{"id":105292,"date":"2026-04-24T00:20:38","date_gmt":"2026-04-23T22:20:38","guid":{"rendered":"https:\/\/www.infokuryr.cz\/n\/?p=105292"},"modified":"2026-04-23T07:45:57","modified_gmt":"2026-04-23T05:45:57","slug":"trump-tvrdi-ze-zachranoval-iranske-zeny-coz-islamska-republika-popira","status":"publish","type":"post","link":"https:\/\/www.infokuryr.cz\/n\/2026\/04\/24\/trump-tvrdi-ze-zachranoval-iranske-zeny-coz-islamska-republika-popira\/","title":{"rendered":"Trump tvrd\u00ed, \u017ee zachra\u0148oval \u00edr\u00e1nsk\u00e9 \u017eeny, co\u017e Isl\u00e1msk\u00e1 republika pop\u00edr\u00e1"},"content":{"rendered":"<div id=\"fb-root\"><\/div>\n<p><strong><span dir=\"auto\">Prezident Spojen\u00fdch st\u00e1t\u016f Donald Trump 22. dubna pod\u011bkoval \u00cdr\u00e1nu za to, \u017ee na jeho \u017e\u00e1dost \u00fadajn\u011b zru\u0161il popravy osmi ob\u010danek.<\/span><\/strong><\/p>\n<p><span dir=\"auto\">O den d\u0159\u00edve Trump prohl\u00e1sil, \u017ee Isl\u00e1msk\u00e1 republika pl\u00e1nuje ob\u011bsit osm \u017een, s odkazem na neov\u011b\u0159en\u00fd p\u0159\u00edsp\u011bvek proizraelsk\u00e9ho aktivisty.<\/span><\/p>\n<p><span dir=\"auto\">Organizace Iran Human Rights se s\u00eddlem v Oslu v\u0161ak uvedla, \u017ee nejm\u00e9n\u011b dv\u011b z osmi \u017een ji\u017e byly propu\u0161t\u011bny, kdy\u017e Trump vydal \u017e\u00e1dost. \u00cdr\u00e1nsk\u00e1 justice nav\u00edc uvedla, \u017ee \u017e\u00e1dn\u00e9 z nich nehroz\u00ed trest smrti.<\/span><\/p>\n<p><em><span dir=\"auto\">\u201eVelmi dobr\u00e1 zpr\u00e1va! Pr\u00e1v\u011b jsem se dozv\u011bd\u011bl, \u017ee osm protestuj\u00edc\u00edch \u017een, kter\u00e9 m\u011bly b\u00fdt dnes ve\u010der v \u00cdr\u00e1nu popraveny, ji\u017e nebude zabito,\u201c uvedl Trump ve sv\u00e9m nejnov\u011bj\u0161\u00edm p\u0159\u00edsp\u011bvku na Truth Social. \u201e\u010cty\u0159i budou okam\u017eit\u011b propu\u0161t\u011bny a \u010dty\u0159i budou odsouzeny k jednomu m\u011bs\u00edci v\u011bzen\u00ed.\u201c<\/span><\/em><\/p>\n<p><em><span dir=\"auto\">\u201eVelmi si v\u00e1\u017e\u00edm toho, \u017ee \u00cdr\u00e1n a jeho p\u0159edstavitel\u00e9 respektovali mou \u017e\u00e1dost jako prezidenta Spojen\u00fdch st\u00e1t\u016f a ukon\u010dili pl\u00e1novanou popravu,\u201c dodal.<\/span><\/em><\/p>\n<p><span dir=\"auto\">\u00cdr\u00e1nsk\u00e1 justice rychle reagovala, ozna\u010dila Trumpovy v\u00fdroky za \u201efale\u0161n\u00e9 zpr\u00e1vy\u201c a pop\u0159ela, \u017ee by \u017eeny m\u011bly b\u00fdt popraveny.<\/span><\/p>\n<p><em><span dir=\"auto\">\u201eTrumpova pr\u00e1zdn\u00e1 ruka v ter\u00e9nu ho vedla k tomu, aby si vym\u00fd\u0161lel \u00fasp\u011bchy na z\u00e1klad\u011b fale\u0161n\u00fdch zpr\u00e1v,\u201c uvedla zpr\u00e1va v reakci na v\u00fdroky americk\u00e9ho prezidenta.<\/span><\/em><\/p>\n<p><span dir=\"auto\">Tento kousek byl jedn\u00edm z mnoha ned\u00e1vn\u00fdch p\u0159ekvapiv\u00fdch krok\u016f Trumpa, kter\u00fd ozn\u00e1mil prodlou\u017een\u00ed dvout\u00fddenn\u00edho p\u0159\u00edm\u011b\u0159\u00ed s \u00cdr\u00e1nem jen n\u011bkolik hodin p\u0159ed jeho uplynut\u00edm, ani\u017e by specifikoval \u010dasov\u00fd harmonogram. Trump v\u0161ak na\u0159\u00eddil americk\u00e9 arm\u00e1d\u011b, aby blok\u00e1du \u00edr\u00e1nsk\u00fdch p\u0159\u00edstav\u016f zachovala.<\/span><\/p>\n<p><span dir=\"auto\">Zd\u00e1 se, \u017ee Trump pou\u017e\u00edv\u00e1 \u0159adu metod k vyv\u00edjen\u00ed v\u011bt\u0161\u00edho tlaku na \u00cdr\u00e1n uprost\u0159ed p\u00e1kist\u00e1nsk\u00e9ho \u00fasil\u00ed o uspo\u0159\u00e1d\u00e1n\u00ed druh\u00e9ho kola rozhovor\u016f.<\/span><\/p>\n<p><span dir=\"auto\">Ve skute\u010dnosti se USA a \u00cdr\u00e1n ve v\u011bt\u0161in\u011b ot\u00e1zek, v\u010detn\u011b osudu obohacen\u00e9ho uranu \u00cdr\u00e1nu, st\u00e1le li\u0161\u00ed. Dohoda je st\u00e1le velmi nepravd\u011bpodobn\u00e1 a n\u00e1vrat k v\u00e1lce by mohl b\u00fdt pro USA n\u00e1kladn\u00fd, co\u017e vysv\u011btluje, pro\u010d se Trump sna\u017e\u00ed ze v\u0161ech sil p\u0159im\u011bt Isl\u00e1mskou republiku k pod\u0159\u00edzen\u00ed.<\/span><\/p>\n<p><img decoding=\"async\" loading=\"lazy\" class=\"alignnone size-full wp-image-1185\" src=\"http:\/\/www.infokuryr.cz\/n\/wp-content\/uploads\/2021\/04\/kuryr-podpis.png\" alt=\"\" width=\"84\" height=\"24\" \/><\/p>\n<p>&nbsp;<\/p>\n","protected":false},"excerpt":{"rendered":"<p>Prezident Spojen\u00fdch st\u00e1t\u016f Donald Trump 22. dubna pod\u011bkoval \u00cdr\u00e1nu za to, \u017ee na jeho \u017e\u00e1dost&#8230;<\/p>\n","protected":false},"author":2,"featured_media":105293,"comment_status":"closed","ping_status":"closed","sticky":false,"template":"","format":"standard","meta":[],"categories":[7],"tags":[38,452,742],"_links":{"self":[{"href":"https:\/\/www.infokuryr.cz\/n\/wp-json\/wp\/v2\/posts\/105292"}],"collection":[{"href":"https:\/\/www.infokuryr.cz\/n\/wp-json\/wp\/v2\/posts"}],"about":[{"href":"https:\/\/www.infokuryr.cz\/n\/wp-json\/wp\/v2\/types\/post"}],"author":[{"embeddable":true,"href":"https:\/\/www.infokuryr.cz\/n\/wp-json\/wp\/v2\/users\/2"}],"replies":[{"embeddable":true,"href":"https:\/\/www.infokuryr.cz\/n\/wp-json\/wp\/v2\/comments?post=105292"}],"version-history":[{"count":0,"href":"https:\/\/www.infokuryr.cz\/n\/wp-json\/wp\/v2\/posts\/105292\/revisions"}],"wp:featuredmedia":[{"embeddable":true,"href":"https:\/\/www.infokuryr.cz\/n\/wp-json\/wp\/v2\/media\/105293"}],"wp:attachment":[{"href":"https:\/\/www.infokuryr.cz\/n\/wp-json\/wp\/v2\/media?parent=105292"}],"wp:term":[{"taxonomy":"category","embeddable":true,"href":"https:\/\/www.infokuryr.cz\/n\/wp-json\/wp\/v2\/categories?post=105292"},{"taxonomy":"post_tag","embeddable":true,"href":"https:\/\/www.infokuryr.cz\/n\/wp-json\/wp\/v2\/tags?post=105292"}],"curies":[{"name":"wp","href":"https:\/\/api.w.org\/{rel}","templated":true}]}}