{"id":105290,"date":"2026-04-24T00:19:34","date_gmt":"2026-04-23T22:19:34","guid":{"rendered":"https:\/\/www.infokuryr.cz\/n\/?p=105290"},"modified":"2026-04-23T07:43:49","modified_gmt":"2026-04-23T05:43:49","slug":"hizballah-v-reakci-na-porusovani-pravidel-zautocil-na-izraelske-jednotky-a-sestrelil-drony","status":"publish","type":"post","link":"https:\/\/www.infokuryr.cz\/n\/2026\/04\/24\/hizballah-v-reakci-na-porusovani-pravidel-zautocil-na-izraelske-jednotky-a-sestrelil-drony\/","title":{"rendered":"Hizball\u00e1h v reakci na poru\u0161ov\u00e1n\u00ed pravidel za\u00fato\u010dil na izraelsk\u00e9 jednotky a sest\u0159elil drony"},"content":{"rendered":"<div id=\"fb-root\"><\/div>\n<p><strong><span dir=\"auto\">Hizball\u00e1h provedl 22. dubna s\u00e9rii \u00fatok\u016f v reakci na poru\u0161ov\u00e1n\u00ed p\u0159\u00edm\u011b\u0159\u00ed Izraelsk\u00fdmi obrann\u00fdmi silami (IDF), mezi nimi\u017e byl i zavra\u017ed\u011bn novin\u00e1\u0159 v ji\u017en\u00edm Libanonu.<\/span><\/strong><\/p>\n<p><span dir=\"auto\">Ve \u010dty\u0159ech samostatn\u00fdch prohl\u00e1\u0161en\u00edch skupina uvedla, \u017ee jej\u00ed bojovn\u00edci zam\u011b\u0159ili dronem d\u011blost\u0159eleckou z\u00e1kladnu IDF pobl\u00ed\u017e m\u011bsta Bayadah, vypustili dal\u0161\u00ed dva drony na obrn\u011bn\u00e9 vozidlo Humvee pou\u017e\u00edvan\u00e9 izraelsk\u00fdmi d\u016fstojn\u00edky a shrom\u00e1\u017ed\u011bn\u00ed izraelsk\u00fdch voj\u00e1k\u016f pobl\u00ed\u017e m\u011bsta al-Qantara a sest\u0159elili \u010dty\u0159i drony IDF nad m\u011bstem al-Mansouri.<\/span><\/p>\n<p><span dir=\"auto\">Skupina ve sv\u00fdch prohl\u00e1\u0161en\u00edch zm\u00ednila \u0159adu poru\u0161en\u00ed p\u0159\u00edm\u011b\u0159\u00ed od Izraele, v\u010detn\u011b \u00fatoku na m\u011bsto al-Tiri, p\u0159i kter\u00e9m byla smrteln\u011b zran\u011bna novin\u00e1\u0159ka z Al-Akhbaru Amal Khalil. IDF br\u00e1nila z\u00e1chran\u00e1\u0159\u016fm v p\u0159\u00edstupu k novin\u00e1\u0159ce a dal\u0161\u00edm zran\u011bn\u00fdm lidem cel\u00e9 hodiny.<\/span><\/p>\n<p><span dir=\"auto\">Libanonsk\u00e1 m\u00e9dia informovala, \u017ee p\u0159i izraelsk\u00e9m \u00fatoku na okraji m\u011bsta al-D\u017eb\u00far ve v\u00fdchodn\u00edm \u00fadol\u00ed Bek\u00e1a byl zabit tak\u00e9 mu\u017e.<\/span><\/p>\n<p><span dir=\"auto\">IDF ze sv\u00e9 strany potvrdila, \u017ee Hizball\u00e1h na jej\u00ed jednotky vypustil nejm\u00e9n\u011b jeden dron, a \u00fatok ozna\u010dila za \u201ezjevn\u00e9 poru\u0161en\u00ed dohody o p\u0159\u00edm\u011b\u0159\u00ed\u201c.<\/span><\/p>\n<p><span dir=\"auto\">Arm\u00e1da rovn\u011b\u017e ozn\u00e1mila, \u017ee izraelsk\u00e9 letectvo (IAF) za\u00fato\u010dilo a zabilo dva bojovn\u00edky Hizball\u00e1hu, kte\u0159\u00ed p\u0159ekro\u010dili linii p\u0159\u00edm\u011b\u0159\u00ed v ji\u017en\u00edm Libanonu.<\/span><\/p>\n<p><span dir=\"auto\">Dva st\u00edha\u010dky spat\u0159ely jednotky 7. obrn\u011bn\u00e9 brig\u00e1dy pobl\u00ed\u017e potoka Wadi Saluki, uvedla izraelsk\u00e1 arm\u00e1da. Dodala, \u017ee agenti \u201ep\u0159ekro\u010dili p\u0159edn\u00ed obrannou linii a p\u0159ibl\u00ed\u017eili se k jednotk\u00e1m zp\u016fsobem, kter\u00fd p\u0159edstavoval bezprost\u0159edn\u00ed hrozbu\u201c. Izraelsk\u00e9 ozbrojen\u00e9 s\u00edly pot\u00e9 \u201eteroristy zlikvidovaly, aby hrozbu odstranily\u201c.<\/span><\/p>\n<p><span dir=\"auto\">Desetidenn\u00ed p\u0159\u00edm\u011b\u0159\u00ed, kter\u00e9 vyhl\u00e1sil prezident Spojen\u00fdch st\u00e1t\u016f Donald Trump, vstoupilo v platnost o p\u016flnoci mezi 16. a 17. dubnem a z velk\u00e9 \u010d\u00e1sti zastavilo zhruba \u0161est t\u00fddn\u016f trvaj\u00edc\u00ed boje mezi Izraelem a Hizball\u00e1hem, kter\u00e9 vyplynuly z americko-izraelsk\u00e9 v\u00e1lky proti \u00cdr\u00e1nu.<\/span><\/p>\n<p><span dir=\"auto\">Libanon, kter\u00fd se tento t\u00fdden chyst\u00e1 uspo\u0159\u00e1dat druh\u00e9 kolo rozhovor\u016f s Izraelem na \u00farovni velvyslanc\u016f, \u00fadajn\u011b prosazuje prodlou\u017een\u00ed p\u0159\u00edm\u011b\u0159\u00ed o m\u011bs\u00edc. Vzhledem k ned\u00e1vn\u00e9 eskalaci ze strany IDF i Hizball\u00e1hu je nepravd\u011bpodobn\u00e9, \u017ee by k tomu do\u0161lo, pokud USA a \u00cdr\u00e1n nedos\u00e1hnou n\u011bjak\u00e9 dohody.<\/span><\/p>\n<p><img decoding=\"async\" loading=\"lazy\" class=\"alignnone size-full wp-image-1185\" src=\"http:\/\/www.infokuryr.cz\/n\/wp-content\/uploads\/2021\/04\/kuryr-podpis.png\" alt=\"\" width=\"84\" height=\"24\" \/><\/p>\n<p>&nbsp;<\/p>\n","protected":false},"excerpt":{"rendered":"<p>Hizball\u00e1h provedl 22. dubna s\u00e9rii \u00fatok\u016f v reakci na poru\u0161ov\u00e1n\u00ed p\u0159\u00edm\u011b\u0159\u00ed Izraelsk\u00fdmi obrann\u00fdmi silami (IDF),&#8230;<\/p>\n","protected":false},"author":2,"featured_media":105291,"comment_status":"closed","ping_status":"closed","sticky":false,"template":"","format":"standard","meta":[],"categories":[7],"tags":[2856,6772,723],"_links":{"self":[{"href":"https:\/\/www.infokuryr.cz\/n\/wp-json\/wp\/v2\/posts\/105290"}],"collection":[{"href":"https:\/\/www.infokuryr.cz\/n\/wp-json\/wp\/v2\/posts"}],"about":[{"href":"https:\/\/www.infokuryr.cz\/n\/wp-json\/wp\/v2\/types\/post"}],"author":[{"embeddable":true,"href":"https:\/\/www.infokuryr.cz\/n\/wp-json\/wp\/v2\/users\/2"}],"replies":[{"embeddable":true,"href":"https:\/\/www.infokuryr.cz\/n\/wp-json\/wp\/v2\/comments?post=105290"}],"version-history":[{"count":0,"href":"https:\/\/www.infokuryr.cz\/n\/wp-json\/wp\/v2\/posts\/105290\/revisions"}],"wp:featuredmedia":[{"embeddable":true,"href":"https:\/\/www.infokuryr.cz\/n\/wp-json\/wp\/v2\/media\/105291"}],"wp:attachment":[{"href":"https:\/\/www.infokuryr.cz\/n\/wp-json\/wp\/v2\/media?parent=105290"}],"wp:term":[{"taxonomy":"category","embeddable":true,"href":"https:\/\/www.infokuryr.cz\/n\/wp-json\/wp\/v2\/categories?post=105290"},{"taxonomy":"post_tag","embeddable":true,"href":"https:\/\/www.infokuryr.cz\/n\/wp-json\/wp\/v2\/tags?post=105290"}],"curies":[{"name":"wp","href":"https:\/\/api.w.org\/{rel}","templated":true}]}}