{"id":105278,"date":"2026-04-24T00:12:40","date_gmt":"2026-04-23T22:12:40","guid":{"rendered":"https:\/\/www.infokuryr.cz\/n\/?p=105278"},"modified":"2026-04-23T07:48:42","modified_gmt":"2026-04-23T05:48:42","slug":"polsko-ukrajinskemu-teenagerovi-odsouzenemu-za-pokus-o-vrazdu-dvanactilete-divky-byl-potvrzen-trest","status":"publish","type":"post","link":"https:\/\/www.infokuryr.cz\/n\/2026\/04\/24\/polsko-ukrajinskemu-teenagerovi-odsouzenemu-za-pokus-o-vrazdu-dvanactilete-divky-byl-potvrzen-trest\/","title":{"rendered":"Polsko: Ukrajinsk\u00e9mu teenagerovi odsouzen\u00e9mu za pokus o vra\u017edu dvan\u00e1ctilet\u00e9 d\u00edvky byl potvrzen trest"},"content":{"rendered":"<div id=\"fb-root\"><\/div>\n<h3 class=\"s-tagline fw-tagline\"><span dir=\"auto\">\u0160estn\u00e1ctilet\u00fd mlad\u00edk si za sv\u016fj zlo\u010din odpyk\u00e1 11 let, ale probl\u00e9mem je rostouc\u00ed probl\u00e9m zlo\u010din\u016f p\u00e1chan\u00fdch Ukrajinci, a to nejen v Polsku<\/span><\/h3>\n<p><span dir=\"auto\">Ukrajinsk\u00fd teenager odsouzen\u00fd za pokus o vra\u017edu dvan\u00e1ctilet\u00e9 d\u00edvky v Polsku si odpyk\u00e1 trest, kter\u00fd mu byl ulo\u017een v \u010dervnu lo\u0148sk\u00e9ho roku: 11 let.<\/span><\/p>\n<p><span dir=\"auto\">Polsk\u00fd odvolac\u00ed soud v Rzesz\u00f3w\u011b potvrdil jeden\u00e1ctilet\u00fd trest odn\u011bt\u00ed svobody pro Kyryla H. pot\u00e9, co se obh\u00e1jce ob\u017ealovan\u00e9ho odvolal proti rozsudku soudu prvn\u00edho stupn\u011b.<\/span><\/p>\n<p><span dir=\"auto\">Jak uvedl\u00a0<\/span><a href=\"https:\/\/radio.rzeszow.pl\/313098\/prawomocny-wyrok-w-sprawie-ataku-na-12-latke-w-rzeszowie-11-lat-wiezienia\/\"><span dir=\"auto\">Polsk\u00fd rozhlas Rzesz\u00f3w<\/span><\/a><span dir=\"auto\"> , \u0161estn\u00e1ctilet\u00fd ukrajinsk\u00fd ob\u010dan n\u011bkolikr\u00e1t bodl ukrajinskou d\u00edvku do oblasti hlavy a krku. \u00datok vedl k rozs\u00e1hl\u00e9 operaci ob\u011bti a ztr\u00e1t\u011b zraku na lev\u00e9 oko.<\/span><\/p>\n<p><span dir=\"auto\">K incidentu do\u0161lo 13. listopadu 2023 v \u0159e\u0161ovsk\u00e9 \u010dtvrti Baran\u00f3wka. Mlad\u00e9 d\u00edvce se poda\u0159ilo zavolat matce, kter\u00e1 pot\u00e9 zavolala policii, kter\u00e1 po razii Kyryla H. zadr\u017eela.<\/span><\/p>\n<p><span dir=\"auto\">Ukrajinsk\u00fd pachatel m\u00e1 tak\u00e9 zak\u00e1z\u00e1no se k ob\u011bti p\u0159ibl\u00ed\u017eit na m\u00e9n\u011b ne\u017e 50 metr\u016f po dobu osmi let. Mus\u00ed tak\u00e9 zaplatit od\u0161kodn\u011bn\u00ed ve v\u00fd\u0161i 60 000 zlot\u00fdch. Rozsudek je nyn\u00ed pravomocn\u00fd.<\/span><\/p>\n<p><span dir=\"auto\">Polsko se stalo domovem pro zhruba milion uprchl\u00edk\u016f z prob\u00edhaj\u00edc\u00ed v\u00e1lky na Ukrajin\u011b a mnoho lid\u00ed v Polsku nyn\u00ed zpochyb\u0148uje pokra\u010duj\u00edc\u00ed pomoc a d\u00e1vky.\u00a0<\/span><a href=\"https:\/\/rmx.news\/article\/poland-is-for-poles-no-privileges-for-temporary-guests-in-our-polish-home-polish-president-praised-after-vetoing-aid-bill-for-ukrainians\/\"><span dir=\"auto\">Prezident Nawrocki loni vetoval n\u00e1vrh z\u00e1kona,<\/span><\/a><span dir=\"auto\">\u00a0o kter\u00e9m se domn\u00edval, \u017ee vede k lep\u0161\u00edmu zach\u00e1zen\u00ed s Ukrajinci ne\u017e s Pol\u00e1ky v nouzi. \u201eD\u00e1vka 800+ by m\u011bla b\u00fdt poskytov\u00e1na pouze Ukrajinc\u016fm, kte\u0159\u00ed se sna\u017e\u00ed pracovat. Tot\u00e9\u017e plat\u00ed pro zdravotn\u00ed p\u00e9\u010di,\u201c poznamenal tehdy.<\/span><\/p>\n<p><span dir=\"auto\">Server Remix News loni v \u0159\u00edjnu informoval, \u017ee Polsko i N\u011bmecko (kam st\u00e1le m\u00ed\u0159\u00ed mnoho uprchl\u00edk\u016f) jsou \u010d\u00edm d\u00e1l v\u00edce znepokojeny proudem Ukrajinc\u016f, kte\u0159\u00ed do jejich zem\u00ed vstupuj\u00ed a pot\u0159ebuj\u00ed pomoc. Pr\u016fzkumy tento n\u00e1zor odr\u00e1\u017eely, p\u0159i\u010dem\u017e jeden z pr\u016fzkum\u016f den\u00edku Bild uk\u00e1zal, \u017ee pouze 17 procent respondent\u016f si p\u0159\u00e1lo financovat d\u00e1vky. Odhady z konce roku 2025 uv\u00e1d\u011bj\u00ed, \u017ee N\u011bmecko poskytlo Ukrajinc\u016fm prchaj\u00edc\u00edm p\u0159ed v\u00e1lkou podporu ve v\u00fd\u0161i v\u00edce ne\u017e 36,5 miliardy eur.<\/span><\/p>\n<p><span dir=\"auto\">V Polsku celkov\u00e9 n\u00e1klady na bezplatnou pomoc Ukrajinc\u016fm, v\u010detn\u011b v\u00fdcviku, logistiky, oprav a l\u00e9ka\u0159sk\u00e9 podpory, do b\u0159ezna 2025 p\u0159ekro\u010dily 4 miliardy dolar\u016f. V roce 2022 dos\u00e1hly 1,6 miliardy dolar\u016f a v letech 2023\u20132024 1,3 miliardy dolar\u016f. Polsko tak\u00e9 darovalo front\u011b p\u0159es 19 500 termin\u00e1l\u016f Starlink.<\/span><\/p>\n<p><span dir=\"auto\">Celkov\u00e1 pomoc pro Ukrajinu p\u0159edstavovala 3,83 procenta polsk\u00e9ho HDP.\u00a0<\/span><\/p>\n<p><span dir=\"auto\">Mezit\u00edm se titulky novin objevuj\u00ed v rostouc\u00edm po\u010dtu trestn\u00fdch \u010din\u016f sp\u00e1chan\u00fdch Ukrajinci po cel\u00e9 Evrop\u011b, od\u00a0<\/span><a href=\"https:\/\/rmx.news\/article\/ukrainian-woman-wanted-by-interpol-arrested-at-polish-border-for-trafficking-human-kidneys\/\"><span dir=\"auto\">obchodov\u00e1n\u00ed s org\u00e1ny<\/span><\/a><span dir=\"auto\">\u00a0p\u0159es\u00a0<\/span><a href=\"https:\/\/rmx.news\/migration\/ukrainian-arrested-for-attempting-to-smuggle-migrants-through-poland-into-germany\/\"><span dir=\"auto\">pa\u0161ov\u00e1n\u00ed lid\u00ed<\/span><\/a><span dir=\"auto\">\u00a0a\u017e po\u00a0<\/span><a href=\"https:\/\/rmx.news\/czech-republic\/ukrainian-arrested-in-dnipro-over-school-bomb-threats-in-czechia-and-slovakia\/\"><span dir=\"auto\">bombov\u00e9 hrozby<\/span><\/a><span dir=\"auto\">\u00a0. A\u017e v Indii byla ned\u00e1vno zat\u010dena skupina Ukrajinc\u016f podez\u0159el\u00fdch z\u00a0<\/span><a href=\"https:\/\/rmx.news\/india\/ukrainians-arrested-in-india-suspected-of-aiding-terrorist-insurgents-with-drone-tech\/\"><span dir=\"auto\">pomoci teroristick\u00fdm povstalc\u016fm<\/span><\/a><span dir=\"auto\"> s technologi\u00ed dron\u016f.<\/span><\/p>\n<p><a href=\"https:\/\/tvpworld.com\/90930621\/fewer-poles-than-ever-support-taking-in-ukrainian-refugees\" target=\"_blank\" rel=\"noreferrer noopener\"><span dir=\"auto\">Server CBOS<\/span><\/a><span dir=\"auto\">\u00a0uv\u00e1d\u00ed, \u017ee na za\u010d\u00e1tku roku 2026 klesla polsk\u00e1 podpora p\u0159ijet\u00ed ukrajinsk\u00fdch uprchl\u00edk\u016f na nejni\u017e\u0161\u00ed \u00farove\u0148 od roku 2014, kdy 48 % dot\u00e1zan\u00fdch p\u0159ijet\u00ed podporuje a 46 % je proti\u00a0\u00a0. P\u0159esto v\u011bt\u0161ina Pol\u00e1k\u016f, kte\u0159\u00ed jsou ochotni se integrovat, pracovat a platit dan\u011b \u2013 a dodr\u017eovat z\u00e1kony \u2013 p\u0159ijet\u00ed Ukrajinc\u016f do sv\u00e9 spole\u010dnosti podporuje.<\/span><\/p>\n<p><img decoding=\"async\" loading=\"lazy\" class=\"alignnone size-full wp-image-1185\" src=\"http:\/\/www.infokuryr.cz\/n\/wp-content\/uploads\/2021\/04\/kuryr-podpis.png\" alt=\"\" width=\"84\" height=\"24\" \/><\/p>\n<p>&nbsp;<\/p>\n","protected":false},"excerpt":{"rendered":"<p>\u0160estn\u00e1ctilet\u00fd mlad\u00edk si za sv\u016fj zlo\u010din odpyk\u00e1 11 let, ale probl\u00e9mem je rostouc\u00ed probl\u00e9m zlo\u010din\u016f&#8230;<\/p>\n","protected":false},"author":2,"featured_media":105279,"comment_status":"closed","ping_status":"closed","sticky":false,"template":"","format":"standard","meta":[],"categories":[7],"tags":[31,858,10927],"_links":{"self":[{"href":"https:\/\/www.infokuryr.cz\/n\/wp-json\/wp\/v2\/posts\/105278"}],"collection":[{"href":"https:\/\/www.infokuryr.cz\/n\/wp-json\/wp\/v2\/posts"}],"about":[{"href":"https:\/\/www.infokuryr.cz\/n\/wp-json\/wp\/v2\/types\/post"}],"author":[{"embeddable":true,"href":"https:\/\/www.infokuryr.cz\/n\/wp-json\/wp\/v2\/users\/2"}],"replies":[{"embeddable":true,"href":"https:\/\/www.infokuryr.cz\/n\/wp-json\/wp\/v2\/comments?post=105278"}],"version-history":[{"count":0,"href":"https:\/\/www.infokuryr.cz\/n\/wp-json\/wp\/v2\/posts\/105278\/revisions"}],"wp:featuredmedia":[{"embeddable":true,"href":"https:\/\/www.infokuryr.cz\/n\/wp-json\/wp\/v2\/media\/105279"}],"wp:attachment":[{"href":"https:\/\/www.infokuryr.cz\/n\/wp-json\/wp\/v2\/media?parent=105278"}],"wp:term":[{"taxonomy":"category","embeddable":true,"href":"https:\/\/www.infokuryr.cz\/n\/wp-json\/wp\/v2\/categories?post=105278"},{"taxonomy":"post_tag","embeddable":true,"href":"https:\/\/www.infokuryr.cz\/n\/wp-json\/wp\/v2\/tags?post=105278"}],"curies":[{"name":"wp","href":"https:\/\/api.w.org\/{rel}","templated":true}]}}