{"id":105276,"date":"2026-04-24T00:12:28","date_gmt":"2026-04-23T22:12:28","guid":{"rendered":"https:\/\/www.infokuryr.cz\/n\/?p=105276"},"modified":"2026-04-23T07:25:39","modified_gmt":"2026-04-23T05:25:39","slug":"izraelske-velvyslanectvi-vyzyva-k-odvolani-polskeho-poslance-z-parlamentu-pote-co-na-izraelske-vlajce-ukazal-svastiku-a-oznacil-izraelske-ciny-v-gaze-za-genocidu","status":"publish","type":"post","link":"https:\/\/www.infokuryr.cz\/n\/2026\/04\/24\/izraelske-velvyslanectvi-vyzyva-k-odvolani-polskeho-poslance-z-parlamentu-pote-co-na-izraelske-vlajce-ukazal-svastiku-a-oznacil-izraelske-ciny-v-gaze-za-genocidu\/","title":{"rendered":"Izraelsk\u00e9 velvyslanectv\u00ed vyz\u00fdv\u00e1 k odvol\u00e1n\u00ed polsk\u00e9ho poslance z parlamentu pot\u00e9, co na izraelsk\u00e9 vlajce uk\u00e1zal svastiku a ozna\u010dil izraelsk\u00e9 \u010diny v Gaze za genocidu"},"content":{"rendered":"<div id=\"fb-root\"><\/div>\n<h3 class=\"s-tagline fw-tagline\"><span dir=\"auto\">Izrael dlouhodob\u011b tvrd\u00ed, \u017ee jak\u00e9koli srovn\u00e1n\u00ed jeho agresivn\u00edch vojensk\u00fdch akc\u00ed proti civilist\u016fm s nacisty je pouh\u00fdm antisemitismem<\/span><\/h3>\n<div class=\"e-ct-outer\">\n<div class=\"entry-content rbct clearfix is-highlight-shares\">\n<p><span dir=\"auto\">V n\u00e1vaznosti na ostrou v\u00fdm\u011bnu n\u00e1zor\u016f mezi polsk\u00fdm ministrem zahrani\u010d\u00ed Radoslawem Sikorskim a jeho izraelsk\u00fdm prot\u011bj\u0161kem Gideonem Sa&#8217;arem ohledn\u011b voj\u00e1ka IDF, kter\u00fd v Libanonu h\u00e1zel kladivem sochu Je\u017e\u00ed\u0161e, si ob\u011b zem\u011b na\u0161ly dal\u0161\u00ed t\u00e9ma k p\u0159e\u0159e.<\/span><\/p>\n<p><span dir=\"auto\">Izraelsk\u00e9 velvyslanectv\u00ed v Polsku nyn\u00ed zve\u0159ejnilo v pol\u0161tin\u011b zpr\u00e1vu izraelsk\u00e9ho ministerstva zahrani\u010d\u00ed, v n\u00ed\u017e vyz\u00fdv\u00e1 polsk\u00e9 \u00fa\u0159ady k odvol\u00e1n\u00ed poslance Konfederace z polsk\u00e9ho Sejmu za jeho \u010diny, kdy kritizoval izraelsk\u00e9 vojensk\u00e9 kampan\u011b proti civilist\u016fm v Gaze, p\u0159i\u010dem\u017e dr\u017eel izraelskou vlajku se svastikou uprost\u0159ed.<\/span><\/p>\n<p><span dir=\"auto\">B\u011bhem incidentu pronesl poslanec Konrad Berkowicz projev, v n\u011bm\u017e ost\u0159e kritizoval Izrael a jeho ozbrojen\u00e9 s\u00edly, a dokonce zm\u00ednil pou\u017e\u00edv\u00e1n\u00ed zak\u00e1zan\u00fdch zbran\u00ed Izraelem, jako jsou fosforov\u00e9 bomby, a utrpen\u00ed civilist\u016f, v\u010detn\u011b \u017een a d\u011bt\u00ed.<\/span><\/p>\n<p><span dir=\"auto\">Berkowicz b\u011bhem sv\u00e9ho projevu zd\u016fraznil, \u017ee zem\u0159elo des\u00edtkykr\u00e1t v\u00edce d\u011bt\u00ed ne\u017e za celou dobu v\u00e1lky na Ukrajin\u011b, poznamen\u00e1v\u00e1\u00a0<\/span><a href=\"https:\/\/dorzeczy.pl\/opinie\/876655\/zdumiewajace-zadanie-ambasady-izraela-ws-flagi-i-berkowicza.html\"><span dir=\"auto\">Do Rzeczy<\/span><\/a><span dir=\"auto\">\u00a0.<\/span><\/p>\n<p><span dir=\"auto\">\u201eIzrael se p\u0159ed na\u0161ima o\u010dima dopou\u0161t\u00ed genocidy s obzvl\u00e1\u0161t\u011b krutou povahou,\u201c prohl\u00e1sil otev\u0159en\u011b poslanec Konfederace. Na konci sv\u00e9ho projevu, b\u011bhem form\u00e1ln\u00edho n\u00e1vrhu, poslanec vzty\u010dil izraelskou vlajku, na kter\u00e9 byla m\u00edsto Davidovy hv\u011bzdy zobrazena svastika.<\/span><\/p>\n<p><span dir=\"auto\">Izraelsk\u00e9 ministerstvo\u00a0<\/span><a href=\"https:\/\/x.com\/IsraelinPoland\/status\/2046661641987842557?ref_src=twsrc%5Etfw%7Ctwcamp%5Etweetembed%7Ctwterm%5E2046661641987842557%7Ctwgr%5Ec38928c825576df82ade4524a4750f06fbc3a8a1%7Ctwcon%5Es1_&amp;ref_url=https%3A%2F%2Fdorzeczy.pl%2Fopinie%2F876655%2Fzdumiewajace-zadanie-ambasady-izraela-ws-flagi-i-berkowicza.html\"><span dir=\"auto\">reagovalo na dotazy agentury X<\/span><\/a><span dir=\"auto\">\u00a0: \u201ePolsk\u00fd poslanec Konrad Berkowicz m\u00e1 pochybnou minulost, v\u010detn\u011b ve\u0159ejn\u00e9 podpory nacismu. Historie uk\u00e1zala, kam vede rasismus a antisemitismus, jak Polsko a\u017e p\u0159\u00edli\u0161 dob\u0159e v\u00ed. Takov\u00fd \u010dlov\u011bk nem\u00e1 v parlamentu demokratick\u00e9ho Polska m\u00edsto. O\u010dek\u00e1v\u00e1me, \u017ee polsk\u00e9 \u00fa\u0159ady budou jednat rozhodn\u011b a rychle.\u201c<\/span><\/p>\n<p><span dir=\"auto\">Berkowicz na tento p\u0159\u00edsp\u011bvek tak\u00e9 reagoval a na X uvedl:<\/span><\/p>\n<p><span dir=\"auto\">Tomu neuv\u011b\u0159\u00edte. Je\u0161t\u011b p\u0159ed chv\u00edl\u00ed izraelsk\u00e9 ministerstvo zahrani\u010dn\u00edch v\u011bc\u00ed a izraelsk\u00e9 velvyslanectv\u00ed v Polsku po\u017eadovaly, aby polsk\u00e9 \u00fa\u0159ady reagovaly na m\u016fj ned\u00e1vn\u00fd projev. Navrhly mi odebrat poslaneck\u00fd mand\u00e1t. Rozum\u00edte? Izraelsk\u00e9 ministerstvo zahrani\u010dn\u00edch v\u011bc\u00ed po\u017eaduje, aby polsk\u00e9 \u00fa\u0159ady n\u011bco ud\u011blaly, aby mi zabr\u00e1nily zasedat v polsk\u00e9m parlamentu.<\/span><\/p>\n<p><span dir=\"auto\">Izrael nebude rozhodovat o tom, kdo m\u016f\u017ee v polsk\u00e9m parlamentu zasedat a kdo ne. Historie uk\u00e1zala, k \u010demu nacismus vede \u2013 Polsko to a\u017e p\u0159\u00edli\u0161 dob\u0159e v\u00ed. Proto nejsme a nez\u016fstaneme lhostejn\u00ed k opakov\u00e1n\u00ed historie, kter\u00e1 se v sou\u010dasn\u00e9 dob\u011b odehr\u00e1v\u00e1 na Bl\u00edzk\u00e9m v\u00fdchod\u011b. Douf\u00e1m,<\/span><\/p>\n<p><span dir=\"auto\">\u017ee nestoudn\u00e1 le\u017e o m\u00e9 \u00fadajn\u00e9 \u201eve\u0159ejn\u00e9 podpo\u0159e nacismu\u201c se setk\u00e1 s odpov\u00eddaj\u00edc\u00ed reakc\u00ed polsk\u00fdch \u00fa\u0159ad\u016f a justice. A Izraeli rad\u00edm, aby se vypo\u0159\u00e1dal se skute\u010dn\u00fdmi nacisty, kter\u00e9 m\u00e1 ve sv\u00e9 vlastn\u00ed vl\u00e1d\u011b v \u010dele s premi\u00e9rem \u2013 zlo\u010dincem a genocidn\u00edm vrahem Benjaminem Netanjahuem.<\/span><\/p>\n<div class=\"twitter-tweet twitter-tweet-rendered\"><iframe id=\"twitter-widget-0\" class=\"\" title=\"X P\u0159\u00edsp\u011bvek\" src=\"https:\/\/platform.twitter.com\/embed\/Tweet.html?creatorScreenName=RMXnews&amp;dnt=false&amp;embedId=twitter-widget-0&amp;features=eyJ0ZndfdGltZWxpbmVfbGlzdCI6eyJidWNrZXQiOltdLCJ2ZXJzaW9uIjpudWxsfSwidGZ3X2ZvbGxvd2VyX2NvdW50X3N1bnNldCI6eyJidWNrZXQiOnRydWUsInZlcnNpb24iOm51bGx9LCJ0ZndfdHdlZXRfZWRpdF9iYWNrZW5kIjp7ImJ1Y2tldCI6Im9uIiwidmVyc2lvbiI6bnVsbH0sInRmd19yZWZzcmNfc2Vzc2lvbiI6eyJidWNrZXQiOiJvbiIsInZlcnNpb24iOm51bGx9LCJ0ZndfZm9zbnJfc29mdF9pbnRlcnZlbnRpb25zX2VuYWJsZWQiOnsiYnVja2V0Ijoib24iLCJ2ZXJzaW9uIjpudWxsfSwidGZ3X21peGVkX21lZGlhXzE1ODk3Ijp7ImJ1Y2tldCI6InRyZWF0bWVudCIsInZlcnNpb24iOm51bGx9LCJ0ZndfZXhwZXJpbWVudHNfY29va2llX2V4cGlyYXRpb24iOnsiYnVja2V0IjoxMjA5NjAwLCJ2ZXJzaW9uIjpudWxsfSwidGZ3X3Nob3dfYmlyZHdhdGNoX3Bpdm90c19lbmFibGVkIjp7ImJ1Y2tldCI6Im9uIiwidmVyc2lvbiI6bnVsbH0sInRmd19kdXBsaWNhdGVfc2NyaWJlc190b19zZXR0aW5ncyI6eyJidWNrZXQiOiJvbiIsInZlcnNpb24iOm51bGx9LCJ0ZndfdXNlX3Byb2ZpbGVfaW1hZ2Vfc2hhcGVfZW5hYmxlZCI6eyJidWNrZXQiOiJvbiIsInZlcnNpb24iOm51bGx9LCJ0ZndfdmlkZW9faGxzX2R5bmFtaWNfbWFuaWZlc3RzXzE1MDgyIjp7ImJ1Y2tldCI6InRydWVfYml0cmF0ZSIsInZlcnNpb24iOm51bGx9LCJ0ZndfbGVnYWN5X3RpbWVsaW5lX3N1bnNldCI6eyJidWNrZXQiOnRydWUsInZlcnNpb24iOm51bGx9LCJ0ZndfdHdlZXRfZWRpdF9mcm9udGVuZCI6eyJidWNrZXQiOiJvbiIsInZlcnNpb24iOm51bGx9fQ%3D%3D&amp;frame=false&amp;hideCard=false&amp;hideThread=false&amp;id=2046693519247507461&amp;lang=cs&amp;origin=https%3A%2F%2Frmx.news%2Farticle%2Fisraeli-embassy-calls-polish-mp-to-be-removed-from-parliament-after-he-displayed-swastika-on-israeli-flag-while-calling-israels-actions-in-gaza-genocide%2F&amp;sessionId=5646f49b88d80cd21335041ee612f17bfbacaf92&amp;theme=light&amp;widgetsVersion=2615f7e52b7e0%3A1702314776716&amp;width=550px\" frameborder=\"0\" scrolling=\"no\" allowfullscreen=\"allowfullscreen\" data-tweet-id=\"2046693519247507461\" data-mce-fragment=\"1\"><\/iframe><\/div>\n<p><span dir=\"auto\">Mluv\u010d\u00ed vl\u00e1dy Maciej Wewi\u00f3r zve\u0159ejnil svou reakci na situaci, kterou zve\u0159ejnil i ministr zahrani\u010d\u00ed Sikorski: \u201ePoslanec\u00a0<\/span><a href=\"https:\/\/x.com\/KonradBerkowicz\"><span dir=\"auto\">@KonradBerkowicz<\/span><\/a><span dir=\"auto\"> \u010del\u00ed d\u016fsledk\u016fm sv\u00e9ho chov\u00e1n\u00ed. Zaplatil pokutu 500 zlot\u00fdch a nyn\u00ed mu Sejm ulo\u017eil nejvy\u0161\u0161\u00ed mo\u017en\u00fd trest. Jeho prohl\u00e1\u0161en\u00ed pro\u0161et\u0159uje st\u00e1tn\u00ed zastupitelstv\u00ed. Pokud jde o jeho pokutu \u2013 sv\u00e9 poslance vol\u00ed Pol\u00e1ci, ne zahrani\u010dn\u00ed ambas\u00e1dy.\u201c<\/span><\/p>\n<p><span dir=\"auto\">Poslanec bude \u00fadajn\u011b po dobu p\u0159\u00ed\u0161t\u00edch t\u0159\u00ed m\u011bs\u00edc\u016f dost\u00e1vat pouze polovinu sv\u00e9ho platu kv\u016fli \u201edo o\u010d\u00ed bij\u00edc\u00edmu naru\u0161en\u00ed d\u016fstojnosti Sejmu\u201c. Berkowiczovo poru\u0161en\u00ed se v\u0161ak nezd\u00e1 b\u00fdt jeho kritikou Izraele a jeho arm\u00e1dy, ale sp\u00ed\u0161e jeho pou\u017eit\u00edm fa\u0161istick\u00fdch symbol\u016f, tj. svastiky na izraelsk\u00e9 vlajce.<\/span><\/p>\n<p><span dir=\"auto\">Podle polsk\u00e9ho pr\u00e1va je ve\u0159ejn\u00e9 pou\u017e\u00edv\u00e1n\u00ed a vystavov\u00e1n\u00ed svastiky jako symbolu nacistick\u00e9 ideologie p\u0159\u00edsn\u011b zak\u00e1z\u00e1no.\u00a0<\/span><\/p>\n<p><span dir=\"auto\">Izrael a \u017eidovsk\u00e9 skupiny v cel\u00e9 Evrop\u011b dlouhodob\u011b tvrd\u00ed, \u017ee jak\u00e9koli paralely mezi holocaustem a t\u00edm, co kritici ozna\u010duj\u00ed za genocidu Palestinc\u016f v Gaze (a zach\u00e1zen\u00ed s nimi na Z\u00e1padn\u00edm b\u0159ehu Jord\u00e1nu), jsou striktn\u00ed formou antisemitismu.\u00a0<\/span><a href=\"https:\/\/rmx.news\/article\/german-student-group-to-boycott-any-partnerships-with-israeli-universities-saying-they-promote-and-profit-from-genocide\/\"><span dir=\"auto\">Kritici Izraele<\/span><\/a><span dir=\"auto\">\u00a0, mnoz\u00ed z levice, ale i n\u011bkte\u0159\u00ed z pravice, v\u0161ak tvrd\u00ed, \u017ee takov\u00e9 paralely zd\u016fraz\u0148uj\u00ed izraelsk\u00e9 \u010diny v jejich sousedstv\u00ed.<\/span><\/p>\n<p><span dir=\"auto\">V ned\u00e1vn\u00e9m p\u0159\u00edsp\u011bvku na X, v n\u011bm\u017e kritizuje Facebook za z\u00e1kaz jeho p\u0159\u00edsp\u011bvku, Berkowicz nab\u00edz\u00ed \u00fadajn\u00e9 podrobnosti o zbrani, kterou podle n\u011bj\u00a0<\/span><a href=\"https:\/\/x.com\/KonradBerkowicz\"><span dir=\"auto\">Izraelci pou\u017e\u00edvaj\u00ed proti obyvatel\u016fm Gazy<\/span><\/a><span dir=\"auto\">\u00a0. \u201e\u017did\u00e9 pou\u017e\u00edvaj\u00ed zak\u00e1zanou fosforovou bombu, kter\u00e1 spot\u0159ebov\u00e1v\u00e1 kysl\u00edk ze vzduchu a vede k jejich smrti udu\u0161en\u00edm. A co v\u00edc. Kou\u0159 z t\u00e9to bomby se dost\u00e1v\u00e1 do plic a spaluje je zevnit\u0159. Dus\u00ed se a ho\u0159\u00ed zevnit\u0159 z\u00e1rove\u0148. Des\u00edtky tis\u00edc \u017een a d\u011bt\u00ed. Ale pokud bude m\u00edt n\u011bjak\u00e9 d\u00edt\u011b \u0161t\u011bst\u00ed a neudus\u00ed se, b\u00edl\u00fd fosfor se mu p\u0159ilep\u00ed na tv\u00e1\u0159, na malou ru\u010di\u010dku a prop\u00e1l\u00ed tk\u00e1n\u011b a\u017e ke kosti. Nelze ho uhasit, tak\u017ee mu u\u0159\u00edznou tv\u00e1\u0159, amputuj\u00ed ruku.\u201c<\/span><\/p>\n<p><span dir=\"auto\">Pou\u017e\u00edv\u00e1n\u00ed b\u00edl\u00e9ho fosforu Izraelem zdokumentovalo n\u011bkolik organizac\u00ed, v\u010detn\u011b OSN, Amnesty International a Human Rights Watch.<\/span><\/p>\n<p><img decoding=\"async\" loading=\"lazy\" class=\"alignnone size-full wp-image-1185\" src=\"http:\/\/www.infokuryr.cz\/n\/wp-content\/uploads\/2021\/04\/kuryr-podpis.png\" alt=\"\" width=\"84\" height=\"24\" \/><\/p>\n<p>&nbsp;<\/p>\n<\/div>\n<\/div>\n","protected":false},"excerpt":{"rendered":"<p>Izrael dlouhodob\u011b tvrd\u00ed, \u017ee jak\u00e9koli srovn\u00e1n\u00ed jeho agresivn\u00edch vojensk\u00fdch akc\u00ed proti civilist\u016fm s nacisty je&#8230;<\/p>\n","protected":false},"author":2,"featured_media":105277,"comment_status":"closed","ping_status":"closed","sticky":false,"template":"","format":"standard","meta":[],"categories":[7],"tags":[178,107,31,428,815],"_links":{"self":[{"href":"https:\/\/www.infokuryr.cz\/n\/wp-json\/wp\/v2\/posts\/105276"}],"collection":[{"href":"https:\/\/www.infokuryr.cz\/n\/wp-json\/wp\/v2\/posts"}],"about":[{"href":"https:\/\/www.infokuryr.cz\/n\/wp-json\/wp\/v2\/types\/post"}],"author":[{"embeddable":true,"href":"https:\/\/www.infokuryr.cz\/n\/wp-json\/wp\/v2\/users\/2"}],"replies":[{"embeddable":true,"href":"https:\/\/www.infokuryr.cz\/n\/wp-json\/wp\/v2\/comments?post=105276"}],"version-history":[{"count":0,"href":"https:\/\/www.infokuryr.cz\/n\/wp-json\/wp\/v2\/posts\/105276\/revisions"}],"wp:featuredmedia":[{"embeddable":true,"href":"https:\/\/www.infokuryr.cz\/n\/wp-json\/wp\/v2\/media\/105277"}],"wp:attachment":[{"href":"https:\/\/www.infokuryr.cz\/n\/wp-json\/wp\/v2\/media?parent=105276"}],"wp:term":[{"taxonomy":"category","embeddable":true,"href":"https:\/\/www.infokuryr.cz\/n\/wp-json\/wp\/v2\/categories?post=105276"},{"taxonomy":"post_tag","embeddable":true,"href":"https:\/\/www.infokuryr.cz\/n\/wp-json\/wp\/v2\/tags?post=105276"}],"curies":[{"name":"wp","href":"https:\/\/api.w.org\/{rel}","templated":true}]}}