{"id":105275,"date":"2026-04-24T00:11:16","date_gmt":"2026-04-23T22:11:16","guid":{"rendered":"https:\/\/www.infokuryr.cz\/n\/?p=105275"},"modified":"2026-04-23T07:22:55","modified_gmt":"2026-04-23T05:22:55","slug":"pravnik-tobias-ulbrich-upozornuje-na-kontroverzni-rozhodnuti-ze-svycarska-ve-veci-x","status":"publish","type":"post","link":"https:\/\/www.infokuryr.cz\/n\/2026\/04\/24\/pravnik-tobias-ulbrich-upozornuje-na-kontroverzni-rozhodnuti-ze-svycarska-ve-veci-x\/","title":{"rendered":"Pr\u00e1vn\u00edk Tobias Ulbrich upozor\u0148uje na kontroverzn\u00ed rozhodnut\u00ed ze \u0160v\u00fdcarska ve v\u011bci X"},"content":{"rendered":"<div id=\"fb-root\"><\/div>\n<h3 class=\"elementor-heading-title elementor-size-default\"><span dir=\"auto\">P\u011bt let utajen\u00ed, t\u0159i \u017ealobci \u2013 a spole\u010dnost Pfizer z\u016fst\u00e1v\u00e1 v tajnosti<\/span><\/h3>\n<p><span dir=\"auto\">D\u016fvodem je rozhodnut\u00ed \u0160v\u00fdcarsk\u00e9ho feder\u00e1ln\u00edho spr\u00e1vn\u00edho soudu z \u00fanora 2026 (A-488\/2024, A-514\/2024, A-619\/2024). Teprve v d\u016fsledku tohoto rozhodnut\u00ed byl Feder\u00e1ln\u00ed \u00fa\u0159ad ve\u0159ejn\u00e9ho zdrav\u00ed (FOPH) nucen poprv\u00e9 zve\u0159ejnit \u010d\u00e1sti smluv o vakc\u00edn\u00e1ch proti COVID-19, a to 16. dubna 2026.<\/span><\/p>\n<p><span dir=\"auto\">To se nestalo dobrovoln\u011b.<\/span><\/p>\n<p><span dir=\"auto\">Nebyli to politici, kdo vynucoval transparentnost, ale t\u0159i soukrom\u00e9 osoby: R\u00e9my Wyssmann, pr\u00e1vn\u00edk ze Solothurn a \u010dlen \u0160v\u00fdcarsk\u00e9 lidov\u00e9 strany (SVP) v N\u00e1rodn\u00ed rad\u011b, \u010dasopis Beobachter a dal\u0161\u00ed novin\u00e1\u0159. Museli se l\u00e9ta soudit, aby kone\u010dn\u011b z\u00edskali p\u0159\u00edstup ke smlouv\u00e1m financovan\u00fdm z pen\u011bz da\u0148ov\u00fdch poplatn\u00edk\u016f.<\/span><\/p>\n<div class=\"twitter-tweet twitter-tweet-rendered\"><iframe id=\"twitter-widget-0\" class=\"\" title=\"X Post\" src=\"https:\/\/platform.twitter.com\/embed\/Tweet.html?dnt=false&amp;embedId=twitter-widget-0&amp;features=eyJ0ZndfdGltZWxpbmVfbGlzdCI6eyJidWNrZXQiOltdLCJ2ZXJzaW9uIjpudWxsfSwidGZ3X2ZvbGxvd2VyX2NvdW50X3N1bnNldCI6eyJidWNrZXQiOnRydWUsInZlcnNpb24iOm51bGx9LCJ0ZndfdHdlZXRfZWRpdF9iYWNrZW5kIjp7ImJ1Y2tldCI6Im9uIiwidmVyc2lvbiI6bnVsbH0sInRmd19yZWZzcmNfc2Vzc2lvbiI6eyJidWNrZXQiOiJvbiIsInZlcnNpb24iOm51bGx9LCJ0ZndfZm9zbnJfc29mdF9pbnRlcnZlbnRpb25zX2VuYWJsZWQiOnsiYnVja2V0Ijoib24iLCJ2ZXJzaW9uIjpudWxsfSwidGZ3X21peGVkX21lZGlhXzE1ODk3Ijp7ImJ1Y2tldCI6InRyZWF0bWVudCIsInZlcnNpb24iOm51bGx9LCJ0ZndfZXhwZXJpbWVudHNfY29va2llX2V4cGlyYXRpb24iOnsiYnVja2V0IjoxMjA5NjAwLCJ2ZXJzaW9uIjpudWxsfSwidGZ3X3Nob3dfYmlyZHdhdGNoX3Bpdm90c19lbmFibGVkIjp7ImJ1Y2tldCI6Im9uIiwidmVyc2lvbiI6bnVsbH0sInRmd19kdXBsaWNhdGVfc2NyaWJlc190b19zZXR0aW5ncyI6eyJidWNrZXQiOiJvbiIsInZlcnNpb24iOm51bGx9LCJ0ZndfdXNlX3Byb2ZpbGVfaW1hZ2Vfc2hhcGVfZW5hYmxlZCI6eyJidWNrZXQiOiJvbiIsInZlcnNpb24iOm51bGx9LCJ0ZndfdmlkZW9faGxzX2R5bmFtaWNfbWFuaWZlc3RzXzE1MDgyIjp7ImJ1Y2tldCI6InRydWVfYml0cmF0ZSIsInZlcnNpb24iOm51bGx9LCJ0ZndfbGVnYWN5X3RpbWVsaW5lX3N1bnNldCI6eyJidWNrZXQiOnRydWUsInZlcnNpb24iOm51bGx9LCJ0ZndfdHdlZXRfZWRpdF9mcm9udGVuZCI6eyJidWNrZXQiOiJvbiIsInZlcnNpb24iOm51bGx9fQ%3D%3D&amp;frame=false&amp;hideCard=false&amp;hideThread=false&amp;id=2045975741016281113&amp;lang=cs&amp;origin=https%3A%2F%2Funcutnews.ch%2Fanwalt-tobias-ulbrich-macht-auf-x-auf-ein-brisantes-urteil-aus-der-schweiz-aufmerksam-fuenf-jahre-geheimhaltung-drei-klaeger-und-pfizer-bleibt-weiter-geschwaerzt%2F&amp;sessionId=420deccb6191785ba257ff02efb03831fa226caa&amp;theme=light&amp;widgetsVersion=2615f7e52b7e0%3A1702314776716&amp;width=550px\" frameborder=\"0\" scrolling=\"no\" allowfullscreen=\"allowfullscreen\" data-tweet-id=\"2045975741016281113\" data-mce-fragment=\"1\"><\/iframe><\/div>\n<h2 class=\"wp-block-heading\"><span dir=\"auto\">V\u00fdsledek:<\/span><\/h2>\n<p><strong><span dir=\"auto\">Smlouvy spole\u010dnost\u00ed Moderna a Novavax byly zve\u0159ejn\u011bny. Smlouva o vakc\u00edn\u011b Pfizer z\u016fst\u00e1v\u00e1 z velk\u00e9 \u010d\u00e1sti utajen\u00e1.<\/span><\/strong><\/p>\n<p><span dir=\"auto\">Feder\u00e1ln\u00ed pracovn\u00ed soud (BAG) argumentuje, \u017ee se rozhodnut\u00ed vztahovalo konkr\u00e9tn\u011b pouze na spole\u010dnosti Moderna a Novavax. Ka\u017ed\u00fd, kdo by cht\u011bl m\u00edt pln\u00fd p\u0159\u00edstup k dokument\u016fm spole\u010dnosti Pfizer, by musel podat novou \u017ealobu.<\/span><\/p>\n<p><span dir=\"auto\">Obzvl\u00e1\u0161t\u011b v\u00fdbu\u0161n\u00e9:<\/span><\/p>\n<ul>\n<li><span dir=\"auto\">Str\u00e1nky 35 a\u017e 61 dokumentu spole\u010dnosti Pfizer jsou kompletn\u011b redigov\u00e1ny.<\/span><\/li>\n<li><span dir=\"auto\">PDF soubory byly publikov\u00e1ny pouze v naskenovan\u00e9 podob\u011b, nikoli ve strojov\u011b \u010diteln\u00e9m form\u00e1tu.<\/span><\/li>\n<li><span dir=\"auto\">Chyb\u00ed d\u016fle\u017eit\u00e9 pas\u00e1\u017ee t\u00fdkaj\u00edc\u00ed se cen, odpov\u011bdnosti a doby trv\u00e1n\u00ed smluv.<\/span><\/li>\n<\/ul>\n<h2 class=\"wp-block-heading\"><span dir=\"auto\">Co je v\u0161ak z\u0159ejm\u00e9:<\/span><\/h2>\n<h3 class=\"wp-block-heading\"><span dir=\"auto\">Ceny:<\/span><\/h3>\n<p><span dir=\"auto\">Konkr\u00e9tn\u00ed ceny z\u016fst\u00e1vaj\u00ed zatajen\u00e9. Z\u0159ejm\u011b se tak\u00e9 \u00fa\u010dtovaly rezerva\u010dn\u00ed poplatky.<\/span><\/p>\n<h3 class=\"wp-block-heading\"><span dir=\"auto\">Odpov\u011bdnost:<\/span><\/h3>\n<p><span dir=\"auto\">Ve smlouv\u011b se uv\u00e1d\u00ed, \u017ee st\u00e1t od\u0161kodn\u00ed v\u00fdrobce. P\u0159\u00edslu\u0161n\u00e1 pas\u00e1\u017e je k dispozici:<\/span><\/p>\n<p><em><span dir=\"auto\">\u201eVl\u00e1da se t\u00edmto zavazuje v\u016f\u010di spole\u010dnostem Pfizer a BioNTech\u2026\u201c<\/span><\/em><\/p>\n<p><span dir=\"auto\">Rozsah t\u00e9to odpov\u011bdnosti z\u016fst\u00e1v\u00e1 zatajen.<\/span><\/p>\n<h3 class=\"wp-block-heading\"><span dir=\"auto\">Dodac\u00ed povinnost:<\/span><\/h3>\n<p><span dir=\"auto\">Z\u0159ejm\u011b neexistuj\u00ed \u017e\u00e1dn\u00e9 jasn\u00e9 sankce za nedod\u00e1n\u00ed.<\/span><\/p>\n<h3 class=\"wp-block-heading\"><span dir=\"auto\">M\u00edsto soudn\u00ed p\u0159\u00edslu\u0161nosti:<\/span><\/h3>\n<p><span dir=\"auto\">A\u010dkoli se v podstat\u011b uplat\u0148uje \u0161v\u00fdcarsk\u00e9 pr\u00e1vo, ot\u00e1zky jurisdikce se \u0159\u00edd\u00ed americk\u00fdm feder\u00e1ln\u00edm z\u00e1konem o arbitr\u00e1\u017ei.<\/span><\/p>\n<h3 class=\"wp-block-heading\"><span dir=\"auto\">Sledovatelnost:<\/span><\/h3>\n<p><span dir=\"auto\">Podle smlouvy nebyly d\u00e1vky serializov\u00e1ny. Proto je zn\u00e1mo, kter\u00e1 l\u00e9k\u00e1rna obdr\u017eela kterou \u0161ar\u017ei \u2013 ale ne kdo obdr\u017eel kterou jednotlivou d\u00e1vku.<\/span><\/p>\n<h3 class=\"wp-block-heading\"><span dir=\"auto\">Povinnost ml\u010denlivosti:<\/span><\/h3>\n<p><span dir=\"auto\">Ve\u0159ejn\u00e1 prohl\u00e1\u0161en\u00ed jsou z\u0159ejm\u011b povolena pouze s p\u00edsemn\u00fdm souhlasem v\u00fdrobce. Doba trv\u00e1n\u00ed dohody o ml\u010denlivosti z\u016fst\u00e1v\u00e1 zatajena.<\/span><\/p>\n<h2 class=\"wp-block-heading\"><span dir=\"auto\">J\u00e1dro kritiky:<\/span><\/h2>\n<p><span dir=\"auto\">V krizov\u00e9 situaci st\u00e1t uzav\u00edr\u00e1 smlouvy, p\u0159eb\u00edr\u00e1 pravd\u011bpodobn\u011b dalekos\u00e1hl\u00e1 rizika odpov\u011bdnosti, p\u0159ij\u00edm\u00e1 dolo\u017eky o ml\u010denlivosti \u2013 a pot\u00e9 tyto smlouvy po l\u00e9ta taj\u00ed p\u0159ed vlastn\u00edm obyvatelstvem.<\/span><\/p>\n<p><span dir=\"auto\">Teprve prost\u0159ednictv\u00edm \u017ealob podan\u00fdch jednotliv\u00fdmi ob\u010dany nyn\u00ed vych\u00e1z\u00ed najevo \u010d\u00e1st pravdy.<\/span><\/p>\n<h2 class=\"wp-block-heading\"><span dir=\"auto\">Z\u00e1v\u011br:<\/span><\/h2>\n<p><span dir=\"auto\">Tobias Ulbrich ve sv\u00e9m \u010dl\u00e1nku X-Post nastoluje \u00fast\u0159edn\u00ed ot\u00e1zku:<\/span><\/p>\n<p><strong><span dir=\"auto\">Jak transparentn\u00ed jsou vl\u00e1dy, kdy\u017e uzav\u00edraj\u00ed s farmaceutick\u00fdmi spole\u010dnostmi smlouvy v hodnot\u011b mnoha miliard dolar\u016f \u2013 a pro\u010d se ob\u010dan\u00e9 mus\u00ed l\u00e9ta obracet na soudy, aby z\u00edskali informace?<\/span><\/strong><\/p>\n<p><img decoding=\"async\" loading=\"lazy\" class=\"alignnone size-full wp-image-1185\" src=\"http:\/\/www.infokuryr.cz\/n\/wp-content\/uploads\/2021\/04\/kuryr-podpis.png\" alt=\"\" width=\"84\" height=\"24\" \/><\/p>\n<p>&nbsp;<\/p>\n","protected":false},"excerpt":{"rendered":"<p>P\u011bt let utajen\u00ed, t\u0159i \u017ealobci \u2013 a spole\u010dnost Pfizer z\u016fst\u00e1v\u00e1 v tajnosti D\u016fvodem je rozhodnut\u00ed&#8230;<\/p>\n","protected":false},"author":2,"featured_media":104811,"comment_status":"closed","ping_status":"closed","sticky":false,"template":"","format":"standard","meta":[],"categories":[7],"tags":[1845,1288,467,651],"_links":{"self":[{"href":"https:\/\/www.infokuryr.cz\/n\/wp-json\/wp\/v2\/posts\/105275"}],"collection":[{"href":"https:\/\/www.infokuryr.cz\/n\/wp-json\/wp\/v2\/posts"}],"about":[{"href":"https:\/\/www.infokuryr.cz\/n\/wp-json\/wp\/v2\/types\/post"}],"author":[{"embeddable":true,"href":"https:\/\/www.infokuryr.cz\/n\/wp-json\/wp\/v2\/users\/2"}],"replies":[{"embeddable":true,"href":"https:\/\/www.infokuryr.cz\/n\/wp-json\/wp\/v2\/comments?post=105275"}],"version-history":[{"count":0,"href":"https:\/\/www.infokuryr.cz\/n\/wp-json\/wp\/v2\/posts\/105275\/revisions"}],"wp:featuredmedia":[{"embeddable":true,"href":"https:\/\/www.infokuryr.cz\/n\/wp-json\/wp\/v2\/media\/104811"}],"wp:attachment":[{"href":"https:\/\/www.infokuryr.cz\/n\/wp-json\/wp\/v2\/media?parent=105275"}],"wp:term":[{"taxonomy":"category","embeddable":true,"href":"https:\/\/www.infokuryr.cz\/n\/wp-json\/wp\/v2\/categories?post=105275"},{"taxonomy":"post_tag","embeddable":true,"href":"https:\/\/www.infokuryr.cz\/n\/wp-json\/wp\/v2\/tags?post=105275"}],"curies":[{"name":"wp","href":"https:\/\/api.w.org\/{rel}","templated":true}]}}