{"id":105256,"date":"2026-04-23T05:30:45","date_gmt":"2026-04-23T03:30:45","guid":{"rendered":"https:\/\/www.infokuryr.cz\/n\/?p=105256"},"modified":"2026-04-23T05:30:45","modified_gmt":"2026-04-23T03:30:45","slug":"tatinek-trump-vytvoril-seznam-zlobivych-clenu-nato","status":"publish","type":"post","link":"https:\/\/www.infokuryr.cz\/n\/2026\/04\/23\/tatinek-trump-vytvoril-seznam-zlobivych-clenu-nato\/","title":{"rendered":"Tat\u00ednek Trump vytvo\u0159il seznam \u201ezlobiv\u00fdch\u201c \u010dlen\u016f NATO"},"content":{"rendered":"<div id=\"fb-root\"><\/div>\n<h3>B\u00edl\u00fd d\u016fm \u00fadajn\u011b zva\u017euje odm\u011bny pro \u201evzorov\u00e9 spojence\u201c a tresty pro ty, kte\u0159\u00ed odm\u00edtli podpo\u0159it v\u00e1lku s \u00cdr\u00e1nem<\/h3>\n<p data-start=\"33\" data-end=\"91\"><span dir=\"auto\">B\u00edl\u00fd d\u016fm \u00fadajn\u011b sestavil seznam\u00a0<\/span><em><span dir=\"auto\">\u201ezlobiv\u00fdch a hodn\u00fdch\u201c<\/span><\/em><span dir=\"auto\">\u00a0\u010dlen\u016f NATO , v n\u011bm\u017e rozt\u0159\u00edd\u00ed \u010dlensk\u00e9 st\u00e1ty do \u00farovn\u00ed. Zva\u017euje, jak odm\u011bnit zem\u011b, kter\u00e9 podporovaly v\u00e1lku USA proti \u00cdr\u00e1nu, a potrestat ty, kter\u00e9 tak neu\u010dinily.<\/span><\/p>\n<p data-start=\"881\" data-end=\"1190\"><span dir=\"auto\">Podle serveru Politico byl intern\u00ed dokument p\u0159ipraven p\u0159ed ned\u00e1vnou cestou gener\u00e1ln\u00edho tajemn\u00edka NATO Marka Rutteho do Washingtonu. \u00dadajn\u011b popisuje p\u0159\u00edsp\u011bvky \u010dlen\u016f bloku a z\u0159ejm\u011b odr\u00e1\u017e\u00ed r\u00e9toriku Pentagonu o\u00a0<\/span><em><span dir=\"auto\">\u201evzorov\u00fdch spojenc\u00edch\u201c,<\/span><\/em><span dir=\"auto\">\u00a0kte\u0159\u00ed si zaslou\u017e\u00ed\u00a0<\/span><em><span dir=\"auto\">\u201ezvl\u00e1\u0161tn\u00ed p\u0159\u00edze\u0148\u201c,<\/span><\/em><span dir=\"auto\">\u00a0zat\u00edmco jin\u00ed \u010del\u00ed\u00a0<\/span><em><span dir=\"auto\">\u201ed\u016fsledk\u016fm\u201c.<\/span><\/em><\/p>\n<p data-start=\"1192\" data-end=\"1467\"><span dir=\"auto\">Administrativa ve\u0159ejn\u011b neuvedla, jak\u00e9 tresty jsou na stole. \u00da\u0159edn\u00edci citovan\u00ed serverem Politico v\u0161ak uvedli, \u017ee mezi mo\u017enosti by mohl pat\u0159it p\u0159esun vojsk, omezen\u00ed cvi\u010den\u00ed nebo p\u0159esm\u011brov\u00e1n\u00ed vojensk\u00e9 spolupr\u00e1ce od\u00a0<\/span><em><span dir=\"auto\">\u201e\u0161patn\u00fdch\u201c<\/span><\/em><span dir=\"auto\">\u00a0\u010dlen\u016f sm\u011brem k poslu\u0161n\u011bj\u0161\u00edm.<\/span><\/p>\n<p data-start=\"1469\" data-end=\"1747\"><span dir=\"auto\">To by mohlo prosp\u011bt zem\u00edm, jako je Polsko a Rumunsko, kter\u00e9 jsou vn\u00edm\u00e1ny jako zem\u011b, je\u017e se t\u011b\u0161\u00ed Trumpov\u011b p\u0159\u00edzni. Polsko ji\u017e host\u00ed p\u0159ibli\u017en\u011b 10 000 americk\u00fdch voj\u00e1k\u016f, zat\u00edmco roz\u0161\u00ed\u0159en\u00e1 rumunsk\u00e1 leteck\u00e1 z\u00e1kladna Mihail Kogalniceanu byla ozna\u010dena za potenci\u00e1ln\u00ed m\u00edsto, kter\u00e9 by mohlo p\u0159ijmout v\u00edce americk\u00fdch sil.<\/span><\/p>\n<p data-start=\"1749\" data-end=\"2192\"><span dir=\"auto\">Trump l\u00e9ta kritizoval evropsk\u00e9 \u010dleny NATO za to, \u017ee \u00fadajn\u011b neplat\u00ed dost na svou vlastn\u00ed\u00a0<\/span><em><span dir=\"auto\">\u201eobranu\u201c,<\/span><\/em><span dir=\"auto\">\u00a0p\u0159esto\u017ee ty samy investovaly miliardy a miliardy do vyzbrojov\u00e1n\u00ed, financov\u00e1n\u00ed a udr\u017eov\u00e1n\u00ed Kyjeva v jeho konfliktu s Ruskem. Z\u00e1rove\u0148 mnoho z t\u011bchto vl\u00e1d poukazuje na hroz\u00edc\u00ed ruskou hrozbu, aby ospravedlnily novou militarizaci a v\u011bt\u0161\u00ed vojensk\u00e9 rozpo\u010dty.<\/span><\/p>\n<p data-start=\"2194\" data-end=\"2467\"><span dir=\"auto\">Nyn\u00ed se rozkol v ot\u00e1zce \u00cdr\u00e1nu prohloubil. \u0160pan\u011blsko pat\u0159ilo k nejz\u0159eteln\u011bj\u0161\u00edm odporc\u016fm, zat\u00edmco Brit\u00e1nie a Francie \u00fadajn\u011b tak\u00e9 odm\u00edtly nebo zastavily \u017e\u00e1dosti USA o podporu. Jin\u00e9 st\u00e1ty, v\u010detn\u011b Rumunska a Bulharska, byly prezentov\u00e1ny jako vst\u0159\u00edcn\u011bj\u0161\u00ed, pokud jde o um\u00edst\u011bn\u00ed z\u00e1kladen nebo logistiku.<\/span><\/p>\n<p data-start=\"2469\" data-end=\"2652\"><span dir=\"auto\">V praxi by \u00fadajn\u00fd\u00a0<\/span><em><span dir=\"auto\">\u201eseznam zlobiv\u00fdch\u201c<\/span><\/em><span dir=\"auto\">\u00a0mohl Trumpovi poskytnout dal\u0161\u00ed zp\u016fsob, jak vypr\u00e1zdnit NATO, ani\u017e by z n\u011bj form\u00e1ln\u011b vystoupil, a prom\u011bnit smlouvu v otev\u0159en\u011bji transak\u010dn\u00ed uspo\u0159\u00e1d\u00e1n\u00ed.<\/span><\/p>\n<p data-start=\"2654\" data-end=\"2943\"><span dir=\"auto\">Trump se netaj\u00ed sv\u00fdm opovr\u017een\u00edm v\u016f\u010di \u010dlen\u016fm, kter\u00e9 pova\u017euje za darmotn\u00edky nebo zbab\u011blce. Za\u010d\u00e1tkem tohoto m\u011bs\u00edce ost\u0159e kritizoval NATO za jeho neochotu zapojit se do boje s \u00cdr\u00e1nem, zat\u00edmco Rutte se op\u011bt sna\u017eil situaci uhladit pot\u00e9, co se mu ji\u017e posm\u00edvali za to, \u017ee Trumpa nazval\u00a0<\/span><em><span dir=\"auto\">\u201e\u00a0<\/span><a href=\"https:\/\/swentr.site\/news\/637816-daddy-trump-slams-nato-rutte\/\" target=\"_blank\" rel=\"noopener noreferrer\"><span dir=\"auto\">tat\u00ednkem<\/span><\/a><span dir=\"auto\">\u00a0\u201c.<\/span><\/em><\/p>\n<p data-start=\"2654\" data-end=\"2943\"><img decoding=\"async\" loading=\"lazy\" class=\"alignnone size-full wp-image-1185\" src=\"http:\/\/www.infokuryr.cz\/n\/wp-content\/uploads\/2021\/04\/kuryr-podpis.png\" alt=\"\" width=\"84\" height=\"24\" \/><\/p>\n<p data-start=\"2654\" data-end=\"2943\">\n","protected":false},"excerpt":{"rendered":"<p>B\u00edl\u00fd d\u016fm \u00fadajn\u011b zva\u017euje odm\u011bny pro \u201evzorov\u00e9 spojence\u201c a tresty pro ty, kte\u0159\u00ed odm\u00edtli podpo\u0159it&#8230;<\/p>\n","protected":false},"author":2,"featured_media":105257,"comment_status":"closed","ping_status":"closed","sticky":false,"template":"","format":"standard","meta":[],"categories":[7],"tags":[39,280,452],"_links":{"self":[{"href":"https:\/\/www.infokuryr.cz\/n\/wp-json\/wp\/v2\/posts\/105256"}],"collection":[{"href":"https:\/\/www.infokuryr.cz\/n\/wp-json\/wp\/v2\/posts"}],"about":[{"href":"https:\/\/www.infokuryr.cz\/n\/wp-json\/wp\/v2\/types\/post"}],"author":[{"embeddable":true,"href":"https:\/\/www.infokuryr.cz\/n\/wp-json\/wp\/v2\/users\/2"}],"replies":[{"embeddable":true,"href":"https:\/\/www.infokuryr.cz\/n\/wp-json\/wp\/v2\/comments?post=105256"}],"version-history":[{"count":0,"href":"https:\/\/www.infokuryr.cz\/n\/wp-json\/wp\/v2\/posts\/105256\/revisions"}],"wp:featuredmedia":[{"embeddable":true,"href":"https:\/\/www.infokuryr.cz\/n\/wp-json\/wp\/v2\/media\/105257"}],"wp:attachment":[{"href":"https:\/\/www.infokuryr.cz\/n\/wp-json\/wp\/v2\/media?parent=105256"}],"wp:term":[{"taxonomy":"category","embeddable":true,"href":"https:\/\/www.infokuryr.cz\/n\/wp-json\/wp\/v2\/categories?post=105256"},{"taxonomy":"post_tag","embeddable":true,"href":"https:\/\/www.infokuryr.cz\/n\/wp-json\/wp\/v2\/tags?post=105256"}],"curies":[{"name":"wp","href":"https:\/\/api.w.org\/{rel}","templated":true}]}}