{"id":105248,"date":"2026-04-23T05:24:20","date_gmt":"2026-04-23T03:24:20","guid":{"rendered":"https:\/\/www.infokuryr.cz\/n\/?p=105248"},"modified":"2026-04-23T05:24:20","modified_gmt":"2026-04-23T03:24:20","slug":"nemecko-se-oficialne-zacalo-pripravovat-na-valku-s-ruskem","status":"publish","type":"post","link":"https:\/\/www.infokuryr.cz\/n\/2026\/04\/23\/nemecko-se-oficialne-zacalo-pripravovat-na-valku-s-ruskem\/","title":{"rendered":"N\u011bmecko se ofici\u00e1ln\u011b za\u010dalo p\u0159ipravovat na v\u00e1lku s Ruskem&#8230;"},"content":{"rendered":"<div id=\"fb-root\"><\/div>\n<h4>N\u011bmecko se ofici\u00e1ln\u011b za\u010dalo p\u0159ipravovat na v\u00e1lku s Ruskem a ministr obrany prohl\u00e1sil, \u017ee ambic\u00ed N\u011bmecka je st\u00e1t se nejsiln\u011bj\u0161\u00ed konven\u010dn\u00ed arm\u00e1dou v Evrop\u011b! Bundeswehr m\u00e1 m\u00edt nov\u011b 460 000 voj\u00e1k\u016f! Slovensk\u00fd europoslanec v moskevsk\u00e9m studiu Ricka Sancheze varoval p\u0159ed militarizac\u00ed N\u011bmecka a jeho p\u0159\u00edpravou na v\u00e1le\u010dn\u00fd st\u0159et s Ruskem!<\/h4>\n<p>Skopov\u00e1 hlava v B\u00edl\u00e9m dom\u011b pracuje v \u00fakolu Chabadu a odv\u00e1d\u00ed p\u0159esn\u011b zadanou pr\u00e1ci, kterou je likvidace glob\u00e1ln\u00ed moci Pax Americana v cel\u00e9m sv\u011bt\u011b. Zat\u00edmco m\u00e9dia jsou up\u0159ena na Persk\u00fd z\u00e1liv a krach m\u00edrov\u00fdch jedn\u00e1n\u00ed, v N\u011bmecku se mezit\u00edm d\u011bji v\u011bci, kter\u00e9 se tu ned\u011bly od roku 1945.<\/p>\n<p>Pr\u00e1v\u011b ve st\u0159edu do\u0161lo k historick\u00e9mu okam\u017eiku, kdy\u017e Bundeswehr poprv\u00e9 od konce II. sv. v\u00e1lky a poprv\u00e9 bez souhlasu americk\u00e9 okupa\u010dn\u00ed spr\u00e1vy tady ve Frankfurtu\u00a0<strong>ozn\u00e1mil v televizn\u00edm vystoupen\u00ed novou strategii n\u011bmeck\u00e9 arm\u00e1dy, jej\u00edm\u017e c\u00edlem je zbavit se z\u00e1vislosti na americk\u00e9 okupa\u010dn\u00ed arm\u00e1d\u011b.<\/strong>\u00a0Strategii ozn\u00e1mil\u00a0<strong>[<a href=\"https:\/\/href.li\/?https:\/\/www.youtube.com\/watch?v=gIpmX-wOc5A\" target=\"_blank\" rel=\"nofollow noopener\">1<\/a>]<\/strong>\u00a0ministr obrany Boris Pistorius a jej\u00ed obsah je jedn\u00edm slovem p\u0159erodem Bundeswehru v p\u0159\u00edprav\u011b na v\u00e1lku s Ruskem.<\/p>\n<p>&nbsp;<\/p>\n<div id=\"rumble_v76p058\">\n<div id=\"vid_v76p058\" class=\"rumble_v76p058-Rumble-cls\" tabindex=\"-1\">\n<div>\n<div class=\"bigPlayUI ctp\">\n<div class=\"bigPlayUIInner ctp\"><div class='videoWrapper'>\r\n\t            <iframe src='https:\/\/rumble.com\/embed\/pj.v76p058\/' frameborder='0' allowfullscreen><\/iframe>\r\n\t        <\/div><\/div>\n<\/div>\n<\/div>\n<\/div>\n<\/div>\n<p>&nbsp;<\/p>\n<p>Bundeswehr podle strategie m\u00e1 nar\u016fst na 460 000 aktivn\u00edch voj\u00e1k\u016f a podle ministra je ambic\u00ed N\u011bmecka, aby se stalo nejsiln\u011bj\u0161\u00ed konven\u010dn\u00ed arm\u00e1dou v Evrop\u011b. Podle n\u011bmeck\u00fdch novin\u00e1\u0159\u016f nejde o nic jin\u00e9ho, ne\u017e na p\u0159erod Bundeswehru na \u00fapln\u011b nov\u00e9 bojov\u00e9 t\u011bleso, kter\u00e9 naposledy N\u011bmecko za\u017eilo koncem dubna 1945. Jedn\u00e1 se o proces remilitarizace N\u011bmecka v p\u0159\u00edprav\u011b na p\u0159\u00edm\u00fd konflikt s Ruskem, p\u0159i\u010dem\u017e N\u011bmecko m\u00e1 m\u00edt op\u011bt vedouc\u00ed \u00falohu, kterou nechce p\u0159enechat Ukrajin\u011b.<\/p>\n<p>Obavy z Ukrajiny mezi gener\u00e1ly Bundeswehru neust\u00e1le rostou, p\u0159i\u010dem\u017e konec v\u00e1lky na Ukrajin\u011b spust\u00ed obrovsk\u00fd exodus ukrajinsk\u00fdch demilitarizovan\u00fdch bojovn\u00edk\u016f sem na z\u00e1pad. A v o\u010dek\u00e1v\u00e1n\u00ed obnoven\u00ed konfliktu s Ruskem se Bundeswehr chyst\u00e1 na p\u0159evzet\u00ed sv\u00e9 star\u00e9 role, tedy veden\u00ed a velen\u00ed arm\u00e1d cel\u00e9 Evropy k \u00fatoku na Rusko.<\/p>\n<h3>Lubo\u0161 Blaha varoval z Moskvy p\u0159ed militarizac\u00ed N\u011bmecka<\/h3>\n<p>P\u0159esn\u011b p\u0159ed t\u00edmto varoval i europoslanec slovensk\u00e9ho SMERu Lubo\u0161 Blaha v po\u0159adu\u00a0<strong>[<a href=\"https:\/\/href.li\/?https:\/\/odysee.com\/@RT:fd\/SE_Lubos_Blaha:2\" target=\"_blank\" rel=\"nofollow noopener\">2<\/a>]<\/strong>\u00a0Ricka Sancheze b\u011bhem n\u00e1v\u0161t\u011bvy v Moskv\u011b. V moskevsk\u00e9m studiu kub\u00e1nsko-americk\u00e9ho moder\u00e1tora a analytika se mluvilo o mnoha v\u011bcech, ale dostalo se pr\u00e1v\u011b i na militarizaci N\u011bmecka.<\/p>\n<p>Zdej\u0161\u00ed zbrojn\u00ed pr\u016fmysl ji\u017e za\u010dal transformovat i civiln\u00ed fabriky krachuj\u00edc\u00edho koncerne VW, kter\u00e9mu prodeje automobil\u016f jdou ke dnu tak rychl\u00fdm tempem, \u017ee u\u017e se dokonce p\u00ed\u0161e o bankrotu a\u00a0<strong>automobilka VW vstoupila do jedn\u00e1n\u00ed se zbroja\u0159i [<a href=\"https:\/\/href.li\/?https:\/\/www.france24.com\/en\/live-news\/20260327-volkswagen-in-talks-with-defence-firms-on-use-of-germany-plant-ceo\" target=\"_blank\" rel=\"nofollow noopener\">3<\/a>], aby se v tov\u00e1rn\u00e1ch automobilky vyr\u00e1b\u011bly zbran\u011b<\/strong>\u00a0nam\u00edsto neprodejn\u00fdch elektrick\u00fdch aut, kter\u00e9 nikdo nechce a nekupuje.<\/p>\n<p>&nbsp;<\/p>\n<div id=\"rumble_v76okcs\">\n<div id=\"vid_v76okcs\" class=\"rumble_v76okcs-Rumble-cls\" tabindex=\"-1\">\n<div>\n<div class=\"bigPlayUI ctp\">\n<div class=\"bigPlayUIInner ctp\"><div class='videoWrapper'>\r\n\t            <iframe src='https:\/\/rumble.com\/embed\/pj.v76okcs\/' frameborder='0' allowfullscreen><\/iframe>\r\n\t        <\/div><\/div>\n<\/div>\n<\/div>\n<\/div>\n<\/div>\n<p>&nbsp;<\/p>\n<p>Tohle je d\u016fsledek zhroucen\u00e9 n\u011bmeck\u00e9 ekonomiky 4 roky po vypuknut\u00ed v\u00e1lky na Ukrajin\u011b a 4 roky po odst\u0159ihnut\u00ed N\u011bmecka od rusk\u00fdch energi\u00ed a surovin. Nejv\u011bt\u0161\u00ed pr\u016fmyslov\u00e9 klenoty N\u011bmecka jsou na kolenou. A tak zb\u00fdv\u00e1 jen jedin\u00e9 \u0159e\u0161en\u00ed, kter\u00e9 vymyslel v roce 1933 u\u017e jist\u00fd Adolf Hitler a jeho ekonomick\u00fd guru a stavebn\u00ed architekt Albert Speer.<\/p>\n<p>Kdy\u017e nikdo nekupuje civiln\u00ed produkci n\u011bmeck\u00e9ho pr\u016fmyslu, p\u0159evedeme pr\u016fmysly na zbrojn\u00ed v\u00fdrobu a p\u0159ichyst\u00e1me velkou v\u00e1lku, kter\u00e1 potom to zbrojen\u00ed a ty obrovsk\u00e9 mamut\u00ed \u00fav\u011bry na zbrojen\u00ed zp\u011btn\u011b i s \u00faroky zaplat\u00ed, pokud\u2026 pokud v\u00e1lku vyhrajeme. A pokud ji nevyhrajeme, \u010dek\u00e1 n\u00e1s bankrot a se\u0161krt\u00e1n\u00ed dluh\u016f.<\/p>\n<h3>N\u011bmecko m\u00ed\u0159\u00ed k vojensk\u00e9mu obratu. Pistorius p\u0159edstavil strategii pro nejsiln\u011bj\u0161\u00ed konven\u010dn\u00ed arm\u00e1du Evropy<\/h3>\n<p>Pistorius tak p\u0159edstavil novou vojenskou strategii Spolkov\u00e9 republiky a vyslal t\u00edm jeden z nejv\u00fdrazn\u011bj\u0161\u00edch sign\u00e1l\u016f o prom\u011bn\u011b n\u011bmeck\u00e9 bezpe\u010dnostn\u00ed politiky za posledn\u00ed desetilet\u00ed. Ve vystoupen\u00ed ozn\u00e1mil rozs\u00e1hl\u00e9 p\u0159ebudov\u00e1n\u00ed Bundeswehru, r\u016fst person\u00e1ln\u00edch kapacit, d\u016fraz na modern\u00ed technologie a tak\u00e9 ambici, kter\u00e1 je\u0161t\u011b p\u0159ed n\u011bkolika lety zn\u011bla v Berl\u00edn\u011b t\u00e9m\u011b\u0159 nep\u0159edstaviteln\u011b:\u00a0<strong>N\u011bmecko chce m\u00edt nejsiln\u011bj\u0161\u00ed konven\u010dn\u00ed arm\u00e1du v Evrop\u011b.<\/strong>\u00a0Pistorius hned v \u00favodu zd\u016fraznil, \u017ee sou\u010dasn\u00e1 bezpe\u010dnostn\u00ed situace si vynucuje z\u00e1sadn\u00ed zm\u011bny.<\/p>\n<div class=\"twitter-tweet twitter-tweet-rendered\"><a href=\"https:\/\/x.com\/War_Monitoring\/status\/2047030726953222279?ref_src=twsrc%5Etfw%7Ctwcamp%5Etweetembed%7Ctwterm%5E2047030726953222279%7Ctwgr%5E42ffa89d239cc6bb6975136794c2555e4ee2da5e%7Ctwcon%5Es1_&amp;ref_url=https%3A%2F%2Faeronet.news%2Fnemecko-se-oficialne-zacalo-pripravovat-na-valku-s-ruskem-a-ministr-obrany-prohlasil-ze-ambici-nemecka-je-stat-se-nejsilnejsi-konvencni-armadou-v-evrope-bundeswehr-ma-mit-nove-460-000-vojaku%2F\"><img decoding=\"async\" loading=\"lazy\" class=\"wp-image-105249 aligncenter\" src=\"http:\/\/www.infokuryr.cz\/n\/wp-content\/uploads\/2026\/04\/x-12-198x300.jpg\" alt=\"\" width=\"470\" height=\"712\" srcset=\"https:\/\/www.infokuryr.cz\/n\/wp-content\/uploads\/2026\/04\/x-12-198x300.jpg 198w, https:\/\/www.infokuryr.cz\/n\/wp-content\/uploads\/2026\/04\/x-12.jpg 602w\" sizes=\"(max-width: 470px) 100vw, 470px\" \/><\/a><\/div>\n<p>Podle n\u011bj u\u017e Evropa nem\u016f\u017ee spol\u00e9hat na star\u00e9 jistoty a mus\u00ed reagovat na dramaticky zm\u011bn\u011bn\u00fd sv\u011bt. \u201e<em>Sou\u010dasn\u00e1 bezpe\u010dnostn\u00ed situace toti\u017e vy\u017eaduje jasnost<\/em>,\u201c uvedl ministr obrany. Dodal, \u017ee sv\u011bt se stal \u201enep\u0159edv\u00eddateln\u011bj\u0161\u00edm a nebezpe\u010dn\u011bj\u0161\u00edm\u201c.<\/p>\n<p>Ve sv\u00e9m projevu p\u0159ipomn\u011bl ruskou v\u00e1lku proti Ukrajin\u011b, nap\u011bt\u00ed na Bl\u00edzk\u00e9m v\u00fdchod\u011b i \u0161ir\u0161\u00ed erozi mezin\u00e1rodn\u00edho \u0159\u00e1du. Podle n\u011bj N\u011bmecko stoj\u00ed p\u0159ed obdob\u00edm, kdy se mus\u00ed nau\u010dit znovu uva\u017eovat v kategori\u00edch obrany, odstra\u0161en\u00ed a p\u0159ipravenosti. Berl\u00edn podle n\u011bj mus\u00ed jednat s v\u011bdom\u00edm, \u017ee bezpe\u010dnostn\u00ed prost\u0159ed\u00ed u\u017e nen\u00ed stabiln\u00ed, ale podl\u00e9h\u00e1 rychl\u00fdm a \u010dasto nep\u0159edv\u00eddateln\u00fdm zm\u011bn\u00e1m.<\/p>\n<h3>Prvn\u00ed vojensk\u00e1 strategie v historii Bundeswehru, kter\u00fd chce b\u00fdt nejsiln\u011bj\u0161\u00ed konven\u010dn\u00ed arm\u00e1dou v Evrop\u011b<\/h3>\n<p>Pistorius ozn\u00e1mil, \u017ee N\u011bmecko poprv\u00e9 v historii Bundeswehru p\u0159ij\u00edm\u00e1 ucelenou vojenskou strategii. Dokument nese n\u00e1zev \u201e<em>Odpov\u011bdnost za Evropu<\/em>\u201c a m\u00e1 ur\u010dovat sm\u011br arm\u00e1dy na dal\u0161\u00ed roky. \u201e<em>Poprv\u00e9 v historii Bundeswehru si stanovujeme vojenskou strategii<\/em>,\u201c prohl\u00e1sil ministr. Sou\u010dasn\u011b zd\u016fraznil, \u017ee nejde o jednor\u00e1zov\u00fd materi\u00e1l, kter\u00fd by m\u011bl z\u016fstat nem\u011bnn\u00fd po dv\u011b desetilet\u00ed.<\/p>\n<p>Nov\u00e1 strategie m\u00e1 b\u00fdt \u017eiv\u00fdm dokumentem, do n\u011bho\u017e bude n\u011bmeck\u00e9 veden\u00ed arm\u00e1dy pr\u016fb\u011b\u017en\u011b zasahovat podle v\u00fdvoje hrozeb, technologick\u00e9ho pokroku i zm\u011bn na boji\u0161ti.\u00a0<strong>\u201e<em>Nem\u016f\u017eeme si dovolit zastavit se a v\u011b\u0159it, \u017ee je to konec pracovn\u00edho procesu<\/em>,\u201c \u0159ekl.<\/strong>\u00a0T\u00edm Berl\u00edn d\u00e1v\u00e1 najevo, \u017ee u\u017e nechce reagovat improvizovan\u011b a opo\u017ed\u011bn\u011b, ale chce svou vojenskou roli v Evrop\u011b definovat dlouhodob\u011b, soustavn\u011b a s p\u0159edstihem.<\/p>\n<p><a href=\"https:\/\/x.com\/zeitonline\/status\/2047054124529655899?ref_src=twsrc%5Etfw%7Ctwcamp%5Etweetembed%7Ctwterm%5E2047054124529655899%7Ctwgr%5E42ffa89d239cc6bb6975136794c2555e4ee2da5e%7Ctwcon%5Es1_&amp;ref_url=https%3A%2F%2Faeronet.news%2Fnemecko-se-oficialne-zacalo-pripravovat-na-valku-s-ruskem-a-ministr-obrany-prohlasil-ze-ambici-nemecka-je-stat-se-nejsilnejsi-konvencni-armadou-v-evrope-bundeswehr-ma-mit-nove-460-000-vojaku%2F\"><img decoding=\"async\" loading=\"lazy\" class=\"wp-image-105250 aligncenter\" src=\"http:\/\/www.infokuryr.cz\/n\/wp-content\/uploads\/2026\/04\/x1-15-243x300.jpg\" alt=\"\" width=\"452\" height=\"558\" srcset=\"https:\/\/www.infokuryr.cz\/n\/wp-content\/uploads\/2026\/04\/x1-15-243x300.jpg 243w, https:\/\/www.infokuryr.cz\/n\/wp-content\/uploads\/2026\/04\/x1-15.jpg 592w\" sizes=\"(max-width: 452px) 100vw, 452px\" \/><\/a><\/p>\n<p>Nejsiln\u011bj\u0161\u00ed odezvu vyvolala pas\u00e1\u017e, v n\u00ed\u017e Pistorius otev\u0159en\u011b formuloval novou n\u011bmeckou ambici. \u201e<em>Na\u0161\u00ed ambic\u00ed je a mus\u00ed b\u00fdt \u2013 a to je tak\u00e9 prohl\u00e1\u0161en\u00ed spolkov\u00e9ho kancl\u00e9\u0159e i moje vlastn\u00ed \u2013 \u017ee chceme b\u00fdt nejsiln\u011bj\u0161\u00ed konven\u010dn\u00ed arm\u00e1dou v Evrop\u011b<\/em>.\u201c Jde o v\u00fdrok mimo\u0159\u00e1dn\u00e9ho v\u00fdznamu. N\u011bmecko po desetilet\u00ed vystupovalo sp\u00ed\u0161e zdr\u017eenliv\u011b a vojenskou s\u00edlu stav\u011blo do pozad\u00ed.<\/p>\n<p>Nyn\u00ed v\u0161ak samo hovo\u0159\u00ed o vedouc\u00ed pozici v evropsk\u00e9 vojensk\u00e9 architektu\u0159e. Formulace nav\u00edc ukazuje, \u017ee nejde pouze o osobn\u00ed n\u00e1zor ministra obrany, ale o postoj cel\u00e9 vl\u00e1dy. Pokud byla je\u0161t\u011b ned\u00e1vno podobn\u00e1 slova v n\u011bmeck\u00e9m prostoru politicky v\u00fdbu\u0161n\u00e1, dnes jsou prezentov\u00e1na jako p\u0159irozen\u00fd d\u016fsledek nov\u00e9 reality.<\/p>\n<h3>Bundeswehr m\u00e1 r\u016fst v n\u011bkolika vln\u00e1ch a bude p\u0159ij\u00edmat nadpo\u010detn\u00ed stavy rekrut\u016f<\/h3>\n<p>Pistorius p\u0159edstavil i v\u00edcelet\u00fd pl\u00e1n person\u00e1ln\u00edho roz\u0161\u00ed\u0159en\u00ed arm\u00e1dy. Pos\u00edlen\u00ed m\u00e1 prob\u011bhnout ve t\u0159ech etap\u00e1ch. V prvn\u00ed f\u00e1zi, kter\u00e1 m\u00e1 trvat do roku 2029, chce N\u011bmecko rychle zv\u00fd\u0161it person\u00e1ln\u00ed kapacity a dos\u00e1hnout co nejvy\u0161\u0161\u00ed obranyschopnosti.<\/p>\n<p>\u201e<em>V prvn\u00edch letech pot\u0159ebujeme rychl\u00e9 pos\u00edlen\u00ed person\u00e1lu, abychom byli maxim\u00e1ln\u011b odoln\u00ed a schopn\u00ed se br\u00e1nit<\/em>,\u201c \u0159ekl ministr.\u00a0<strong>Sou\u010dasn\u011b ozn\u00e1mil, \u017ee\u00a0N\u011bmecko bude nov\u011b p\u0159ij\u00edmat v\u00edce uchaze\u010d\u016f, ne\u017e kolik je moment\u00e1ln\u011b systemizovan\u00fdch m\u00edst, aby nepromarnilo n\u00e1borov\u00fd potenci\u00e1l.<\/strong>\u00a0Tento krok m\u00e1 zabr\u00e1nit tomu, aby arm\u00e1da p\u0159ich\u00e1zela o z\u00e1jemce jen proto, \u017ee administrativn\u00ed a organiza\u010dn\u00ed struktura nest\u00edh\u00e1 reagovat na popt\u00e1vku.<\/p>\n<figure id=\"attachment_26454\" class=\"wp-caption aligncenter\" style=\"width: 748px;\"><a href=\"https:\/\/aeronet.news\/wp-content\/uploads\/bundeswehr-serie-die-rekruten-100_v-img__16__9__xl_-d31c35f8186ebeb80b0cd843a7c267a0e0c81647.jpg\"><img decoding=\"async\" loading=\"lazy\" class=\"wp-image-26454 \" src=\"https:\/\/aeronet.news\/wp-content\/uploads\/bundeswehr-serie-die-rekruten-100_v-img__16__9__xl_-d31c35f8186ebeb80b0cd843a7c267a0e0c81647.jpg\" sizes=\"(max-width: 994px) 100vw, 994px\" srcset=\"https:\/\/aeronet.news\/wp-content\/uploads\/bundeswehr-serie-die-rekruten-100_v-img__16__9__xl_-d31c35f8186ebeb80b0cd843a7c267a0e0c81647.jpg 994w, https:\/\/aeronet.news\/wp-content\/uploads\/bundeswehr-serie-die-rekruten-100_v-img__16__9__xl_-d31c35f8186ebeb80b0cd843a7c267a0e0c81647-300x168.jpg 300w, https:\/\/aeronet.news\/wp-content\/uploads\/bundeswehr-serie-die-rekruten-100_v-img__16__9__xl_-d31c35f8186ebeb80b0cd843a7c267a0e0c81647-768x431.jpg 768w, https:\/\/aeronet.news\/wp-content\/uploads\/bundeswehr-serie-die-rekruten-100_v-img__16__9__xl_-d31c35f8186ebeb80b0cd843a7c267a0e0c81647-700x393.jpg 700w, https:\/\/aeronet.news\/wp-content\/uploads\/bundeswehr-serie-die-rekruten-100_v-img__16__9__xl_-d31c35f8186ebeb80b0cd843a7c267a0e0c81647-636x357.jpg 636w, https:\/\/aeronet.news\/wp-content\/uploads\/bundeswehr-serie-die-rekruten-100_v-img__16__9__xl_-d31c35f8186ebeb80b0cd843a7c267a0e0c81647-860x483.jpg 860w\" alt=\"\" width=\"748\" height=\"420\" \/><\/a><figcaption class=\"wp-caption-text\">Voj\u00e1ci Bundeswehru<\/figcaption><\/figure>\n<p>Druh\u00e1 etapa m\u00e1 prob\u00edhat do roku 2035 a bude \u00fazce propojena s p\u0159\u00edchodem nov\u00fdch zbra\u0148ov\u00fdch syst\u00e9m\u016f a po\u017eadavky NATO. \u201e<em>Roky 2029 a\u017e 2035 budou poznamen\u00e1ny p\u0159\u00edlivem nov\u00fdch zbra\u0148ov\u00fdch syst\u00e9m\u016f a ty budou ur\u010dovat person\u00e1ln\u00ed pot\u0159eby<\/em>,\u201c uvedl Pistorius. Jin\u00fdmi slovy, person\u00e1ln\u00ed r\u016fst nebude prob\u00edhat odd\u011blen\u011b od p\u0159ezbrojov\u00e1n\u00ed, ale bude se odv\u00edjet od toho, jak\u00e9 schopnosti bude Bundeswehr v dan\u00e9m obdob\u00ed skute\u010dn\u011b budovat.<\/p>\n<p>T\u0159et\u00ed etapa, sm\u011b\u0159uj\u00edc\u00ed do roku 2039 a d\u00e1le, se m\u00e1 soust\u0159edit na dopady automatizace, robotizace a um\u011bl\u00e9 inteligence. \u201e<em>Je jasn\u00e9, \u017ee automatizace a um\u011bl\u00e1 inteligence budou m\u00edt pr\u016fb\u011b\u017en\u011b zp\u011btn\u00fd vliv na na\u0161e pl\u00e1nov\u00e1n\u00ed,<\/em>\u201c \u0159ekl ministr. To znamen\u00e1, \u017ee arm\u00e1da budoucnosti nebude posuzov\u00e1na jen podle po\u010dtu voj\u00e1k\u016f, ale podle kombinace lidsk\u00fdch kapacit, automatizovan\u00fdch syst\u00e9m\u016f a digit\u00e1ln\u00edch technologi\u00ed.<\/p>\n<h3>U\u017e ne po\u010dty tank\u016f, ale vojensk\u00fd \u00fa\u010dinek.\u00a0N\u011bmecko se u\u010d\u00ed z Ukrajiny<\/h3>\n<p>Jedn\u00edm z kl\u00ed\u010dov\u00fdch motiv\u016f projevu byla zm\u011bna vojensk\u00e9ho my\u0161len\u00ed. Pistorius odm\u00edtl tradi\u010dn\u00ed model, kdy se arm\u00e1da pl\u00e1nuje podle po\u010dtu tank\u016f, lod\u00ed nebo letadel. \u201e<em>Nejde o p\u0159esn\u00fd po\u010det tank\u016f, letadel a lod\u00ed na p\u0159\u00ed\u0161t\u00edch deset nebo dvacet let. Rozhoduj\u00edc\u00ed jsou schopnosti<\/em>,\u201c prohl\u00e1sil. Podle ministra se Bundeswehr mus\u00ed soust\u0159edit p\u0159edev\u0161\u00edm na to, jak\u00fd \u00fa\u010dinek dok\u00e1\u017ee v boji vyvolat. To zahrnuje zejm\u00e9na d\u00e1lkov\u00e9 \u00fadery, protivzdu\u0161nou obranu, drony, rychlou logistiku, digit\u00e1ln\u00ed velen\u00ed, datov\u011b \u0159\u00edzen\u00e9 operace a interoperabilitu v r\u00e1mci NATO.<\/p>\n<p>Jde tedy o posun od statick\u00e9 arm\u00e1dy zalo\u017een\u00e9 na tabulk\u00e1ch a struktur\u00e1ch k flexibiln\u00ed s\u00edle, kter\u00e1 je schopna reagovat na prom\u011bnliv\u00e9 boji\u0161t\u011b a nov\u00e9 typy konflikt\u016f.\u00a0<strong>Tento d\u016fraz na \u201e<em>\u00fa\u010dinek<\/em>\u201c m\u00edsto pouh\u00fdch stavov\u00fdch tabulek z\u00e1rove\u0148 ukazuje, jak siln\u011b N\u011bmecko vn\u00edm\u00e1 prom\u011bnu v\u00e1lky na Ukrajin\u011b.<\/strong>\u00a0V modern\u00edm konfliktu toti\u017e nerozhoduje jen po\u010det zbran\u00ed, ale schopnost propojit senzory, data, zpravodajstv\u00ed, logistiku a p\u0159esn\u00e9 \u00fadery do jednoho funk\u010dn\u00edho syst\u00e9mu.<\/p>\n<figure id=\"attachment_22520\" class=\"wp-caption aligncenter\" style=\"width: 676px;\"><a href=\"https:\/\/aeronet.news\/wp-content\/uploads\/BundeswehrShipsHeavyWeaponryLithuaniaEpd0gfw0EPjx.jpg\"><img decoding=\"async\" loading=\"lazy\" class=\"wp-image-22520 \" src=\"https:\/\/aeronet.news\/wp-content\/uploads\/BundeswehrShipsHeavyWeaponryLithuaniaEpd0gfw0EPjx-1024x629.jpg\" sizes=\"(max-width: 700px) 100vw, 700px\" srcset=\"https:\/\/aeronet.news\/wp-content\/uploads\/BundeswehrShipsHeavyWeaponryLithuaniaEpd0gfw0EPjx.jpg 1024w, https:\/\/aeronet.news\/wp-content\/uploads\/BundeswehrShipsHeavyWeaponryLithuaniaEpd0gfw0EPjx-300x184.jpg 300w, https:\/\/aeronet.news\/wp-content\/uploads\/BundeswehrShipsHeavyWeaponryLithuaniaEpd0gfw0EPjx-768x472.jpg 768w, https:\/\/aeronet.news\/wp-content\/uploads\/BundeswehrShipsHeavyWeaponryLithuaniaEpd0gfw0EPjx-700x430.jpg 700w, https:\/\/aeronet.news\/wp-content\/uploads\/BundeswehrShipsHeavyWeaponryLithuaniaEpd0gfw0EPjx-581x357.jpg 581w, https:\/\/aeronet.news\/wp-content\/uploads\/BundeswehrShipsHeavyWeaponryLithuaniaEpd0gfw0EPjx-786x483.jpg 786w\" alt=\"\" width=\"676\" height=\"415\" \/><\/a><figcaption class=\"wp-caption-text\">Obrn\u011bn\u00e1 technika Bundeswehru v Litv\u011b<\/figcaption><\/figure>\n<p>Pistorius otev\u0159en\u011b p\u0159iznal, \u017ee v\u00fdznamnou roli p\u0159i tvorb\u011b nov\u00e9 n\u011bmeck\u00e9 strategie hraj\u00ed zku\u0161enosti z ukrajinsk\u00e9ho boji\u0161t\u011b. \u201eJsme nejv\u011bt\u0161\u00edm podporovatelem Ukrajiny, z \u010deho\u017e t\u011b\u017e\u00edme i my sami, proto\u017ee se u\u010d\u00edme ze zku\u0161enost\u00ed Ukrajinc\u016f na boji\u0161ti,\u201c uvedl. Dodal, \u017ee n\u011bme\u010dt\u00ed voj\u00e1ci budou cvi\u010deni tak\u00e9 ukrajinsk\u00fdmi silami a N\u011bmecko z\u00edsk\u00e1v\u00e1 cenn\u00e1 data o fungov\u00e1n\u00ed modern\u00edch zbra\u0148ov\u00fdch syst\u00e9m\u016f v re\u00e1ln\u00e9m konfliktu.<\/p>\n<p>Tato \u010d\u00e1st projevu byla mimo\u0159\u00e1dn\u011b d\u016fle\u017eit\u00e1, proto\u017ee ukazuje, \u017ee Berl\u00edn ch\u00e1pe v\u00e1lku na Ukrajin\u011b nejen jako geopolitickou konfrontaci s Ruskem, ale i jako zdroj praktick\u00fdch poznatk\u016f pro vlastn\u00ed arm\u00e1du. Ukrajinsk\u00e1 fronta se v n\u011bmeck\u00e9m pohledu st\u00e1v\u00e1 laborato\u0159\u00ed modern\u00ed v\u00e1lky. To, co se tam dnes osv\u011bd\u010duje nebo naopak selh\u00e1v\u00e1, m\u00e1 p\u0159\u00edm\u00fd dopad na podobu budouc\u00edho Bundeswehru.<\/p>\n<h3>Rezervy maj\u00ed b\u00fdt rovnocennou silou<\/h3>\n<p>V\u00fdznamnou zm\u011bnou je tak\u00e9 nov\u00fd p\u0159\u00edstup k rezerv\u00e1m. Pistorius zd\u016fraznil, \u017ee rezervist\u00e9 u\u017e nemaj\u00ed b\u00fdt jen dopl\u0148kem profesion\u00e1ln\u00ed arm\u00e1dy. \u201e<em>Novou rezervu vid\u00edme v\u00fdslovn\u011b na stejn\u00e9 \u00farovni jako aktivn\u00ed jednotky,<\/em>\u201c \u0159ekl. N\u011bmecko podle n\u011bj pot\u0159ebuje silnou rezervu zejm\u00e9na proto, \u017ee je logistick\u00fdm centrem Evropy pro p\u0159\u00edpadn\u00fd p\u0159esun vojsk a materi\u00e1lu.<\/p>\n<p><strong>\u201e<em>Pot\u0159ebujeme rezervu, aby v p\u0159\u00edpad\u011b krize a obrann\u00e9ho stavu bylo zaru\u010deno, \u017ee N\u011bmecko bude fungovat jako logistick\u00fd uzel,<\/em>\u201c uvedl ministr.<\/strong>\u00a0Tato slova ukazuj\u00ed, \u017ee Berl\u00edn po\u010d\u00edt\u00e1 s rol\u00ed N\u011bmecka nejen jako zem\u011b, kter\u00e1 bude br\u00e1nit vlastn\u00ed \u00fazem\u00ed, ale tak\u00e9 jako prostoru, p\u0159es n\u011bj\u017e se budou v p\u0159\u00edpad\u011b v\u011bt\u0161\u00edho konfliktu p\u0159esouvat alian\u010dn\u00ed s\u00edly, technika a z\u00e1soby. Rezerva m\u00e1 b\u00fdt v tomto modelu spojovac\u00edm \u010dl\u00e1nkem mezi arm\u00e1dou a civiln\u00ed spole\u010dnost\u00ed.<\/p>\n<div class=\"twitter-tweet twitter-tweet-rendered\"><a href=\"https:\/\/x.com\/trtworld\/status\/2046946798766334285?ref_src=twsrc%5Etfw%7Ctwcamp%5Etweetembed%7Ctwterm%5E2046946798766334285%7Ctwgr%5E42ffa89d239cc6bb6975136794c2555e4ee2da5e%7Ctwcon%5Es1_&amp;ref_url=https%3A%2F%2Faeronet.news%2Fnemecko-se-oficialne-zacalo-pripravovat-na-valku-s-ruskem-a-ministr-obrany-prohlasil-ze-ambici-nemecka-je-stat-se-nejsilnejsi-konvencni-armadou-v-evrope-bundeswehr-ma-mit-nove-460-000-vojaku%2F\"><img decoding=\"async\" loading=\"lazy\" class=\"wp-image-105251 aligncenter\" src=\"http:\/\/www.infokuryr.cz\/n\/wp-content\/uploads\/2026\/04\/x2-10-254x300.jpg\" alt=\"\" width=\"480\" height=\"567\" srcset=\"https:\/\/www.infokuryr.cz\/n\/wp-content\/uploads\/2026\/04\/x2-10-254x300.jpg 254w, https:\/\/www.infokuryr.cz\/n\/wp-content\/uploads\/2026\/04\/x2-10.jpg 599w\" sizes=\"(max-width: 480px) 100vw, 480px\" \/><\/a><\/div>\n<p>Pistorius se v\u011bnoval i slabin\u00e1m n\u011bmeck\u00e9ho syst\u00e9mu, kter\u00e9 Bundeswehr dlouhodob\u011b brzdily. Ozn\u00e1mil rozs\u00e1hl\u00fd pl\u00e1n odbour\u00e1n\u00ed byrokracie. \u201e<em>T\u00fdm identifikoval 153 konkr\u00e9tn\u00edch opat\u0159en\u00ed a vypracoval 580 konkr\u00e9tn\u00edch krok\u016f k jejich realizaci,<\/em>\u201c \u0159ekl. Podle ministra se chyst\u00e1 rychlej\u0161\u00ed zad\u00e1v\u00e1n\u00ed zak\u00e1zek, v\u011bt\u0161\u00ed digitalizace, vyu\u017eit\u00ed um\u011bl\u00e9 inteligence a zjednodu\u0161en\u00ed vnit\u0159n\u00edch proces\u016f.<\/p>\n<p>Zm\u00ednil tak\u00e9 digit\u00e1ln\u00ed pen\u011b\u017eenku\u00a0<em>Bundeswehr Wallet<\/em>\u00a0a modernizaci aplikac\u00ed pro rezervisty. To je pro Bundeswehr z\u00e1sadn\u00ed t\u00e9ma, proto\u017ee pr\u00e1v\u011b pomal\u00e9 n\u00e1kupy, administrativn\u00ed pr\u016ftahy a nehybn\u00e9 procedury byly v minul\u00fdch letech jedn\u00edm z hlavn\u00edch d\u016fvod\u016f, pro\u010d n\u011bmeck\u00e1 arm\u00e1da zaost\u00e1vala za tempem bezpe\u010dnostn\u00edch zm\u011bn.<\/p>\n<h3>Obrana zem\u011b a aliance je pr\u00fd prioritou \u010d\u00edslo jedna<\/h3>\n<p>V navazuj\u00edc\u00ed diskusi po hlavn\u00edm projevu Pistorius znovu potvrdil, \u017ee hlavn\u00ed prioritou nov\u00e9 strategie je obrana vlastn\u00edho \u00fazem\u00ed a pln\u011bn\u00ed alian\u010dn\u00edch z\u00e1vazk\u016f. Bundeswehr se podle n\u011bj mus\u00ed soust\u0159edit p\u0159edev\u0161\u00edm na obranu N\u011bmecka a NATO, a teprve pot\u00e9 na dal\u0161\u00ed zahrani\u010dn\u00ed mise.<\/p>\n<p>To je d\u016fle\u017eit\u00fd posun oproti obdob\u00ed, kdy byla n\u011bmeck\u00e1 arm\u00e1da po l\u00e9ta spojov\u00e1na hlavn\u011b s expedi\u010dn\u00edmi operacemi a zahrani\u010dn\u00edmi z\u00e1sahy.\u00a0<strong>Nov\u00e1 n\u011bmeck\u00e1 doktr\u00edna se vrac\u00ed k z\u00e1kladn\u00edmu \u00fakolu: b\u00fdt p\u0159ipravena na vysokointenzivn\u00ed konflikt v Evrop\u011b a na ochranu alian\u010dn\u00edho prostoru \u2013 rozum\u011bj na chystanou v\u00e1lku s Ruskem.<\/strong><\/p>\n<figure id=\"attachment_22441\" class=\"wp-caption aligncenter\" style=\"width: 705px;\"><a href=\"https:\/\/aeronet.news\/wp-content\/uploads\/BundeswehrShipsMilitaryEquipmentLithuaniaq28kDS4cZp3l.jpg\"><img decoding=\"async\" loading=\"lazy\" class=\"wp-image-22441\" src=\"https:\/\/aeronet.news\/wp-content\/uploads\/BundeswehrShipsMilitaryEquipmentLithuaniaq28kDS4cZp3l.jpg\" sizes=\"(max-width: 700px) 100vw, 700px\" srcset=\"https:\/\/aeronet.news\/wp-content\/uploads\/BundeswehrShipsMilitaryEquipmentLithuaniaq28kDS4cZp3l.jpg 600w, https:\/\/aeronet.news\/wp-content\/uploads\/BundeswehrShipsMilitaryEquipmentLithuaniaq28kDS4cZp3l-300x194.jpg 300w, https:\/\/aeronet.news\/wp-content\/uploads\/BundeswehrShipsMilitaryEquipmentLithuaniaq28kDS4cZp3l-100x65.jpg 100w, https:\/\/aeronet.news\/wp-content\/uploads\/BundeswehrShipsMilitaryEquipmentLithuaniaq28kDS4cZp3l-552x357.jpg 552w\" alt=\"\" width=\"705\" height=\"456\" \/><\/a><figcaption class=\"wp-caption-text\">\u017denijn\u00ed vozidlo Bundeswehru<\/figcaption><\/figure>\n<p>Na konci projevu Pistorius shrnul, \u017ee N\u011bmecko u\u017e nem\u016f\u017ee spol\u00e9hat na p\u0159edstavu trval\u00e9ho m\u00edru. \u201e<em>V\u0161ichni se mus\u00edme sm\u00ed\u0159it s t\u00edm, \u017ee m\u00edr a svoboda, prosperita a tolerance ji\u017e nejsou samoz\u0159ejmost\u00ed, ale \u017ee je t\u0159eba je br\u00e1nit<\/em>,\u201c prohl\u00e1sil. Jeho vystoupen\u00ed lze \u010d\u00edst jako jasn\u00e9 ozn\u00e1men\u00ed nov\u00e9 \u00e9ry.<\/p>\n<p>N\u011bmecko se z ekonomick\u00e9 mocnosti postupn\u011b m\u011bn\u00ed na mocnost vojenskou, s \u010d\u00edm\u017e m\u00e1 historicky nechvaln\u011b zn\u00e1mou zku\u0161enost ze 30. let minul\u00e9ho stolet\u00ed. Pokud budou dne\u0161n\u00ed pl\u00e1ny skute\u010dn\u011b napln\u011bny, m\u016f\u017ee j\u00edt o nejv\u011bt\u0161\u00ed transformaci n\u011bmeck\u00e9 arm\u00e1dy od konce studen\u00e9 v\u00e1lky a o nejv\u011bt\u0161\u00ed ohro\u017een\u00ed m\u00edru v Evrop\u011b od konce II. sv. v\u00e1lky.<\/p>\n<h3>Duch \u010dasu znovu \u00fa\u0159aduje<\/h3>\n<p>Z projevu je z\u0159ejm\u00e9, \u017ee Berl\u00edn u\u017e nep\u0159em\u00fd\u0161l\u00ed o obran\u011b jako o omezen\u00e9 technick\u00e9 ot\u00e1zce, ale jako o kl\u00ed\u010dov\u00e9m politick\u00e9m projektu, kter\u00fd m\u00e1 p\u0159etvo\u0159it postaven\u00ed N\u011bmecka v Evrop\u011b na dlouh\u00e1 l\u00e9ta dop\u0159edu a hlavn\u011b p\u0159ipravit N\u011bmce a Evropu na dal\u0161\u00ed v\u00e1lku cel\u00e9 Evropy s Ruskem.<\/p>\n<p><strong>Amerika v Evrop\u011b kon\u010d\u00ed a Evropa se vrac\u00ed do obdob\u00ed jako kdysi p\u0159ed II. sv. v\u00e1lkou.<\/strong>\u00a0Znovu je to Evropa, kter\u00e1 proch\u00e1z\u00ed m\u00e9dii indoktrinovanou rusofobi\u00ed a obrovsk\u00fdm zbrojen\u00edm v p\u0159\u00edprav\u011b na dal\u0161\u00ed ta\u017een\u00ed na v\u00fdchod. A znovu N\u011bmecko chce b\u00fdt nejsiln\u011bj\u0161\u00ed a v\u00e9st Evropu. A znovu jako po\u010d\u00e1tkem 30. let minul\u00e9ho stolet\u00ed je n\u011bmeck\u00fd pr\u016fmysl v trosk\u00e1ch.<\/p>\n<figure id=\"attachment_49510\" class=\"wp-caption aligncenter\" style=\"width: 705px;\"><a href=\"https:\/\/aeronet.news\/wp-content\/uploads\/TorchlightMarchBundeswehr.jpg\"><img decoding=\"async\" loading=\"lazy\" class=\"wp-image-49510 \" src=\"https:\/\/aeronet.news\/wp-content\/uploads\/TorchlightMarchBundeswehr-1024x576.jpg\" sizes=\"(max-width: 700px) 100vw, 700px\" srcset=\"https:\/\/aeronet.news\/wp-content\/uploads\/TorchlightMarchBundeswehr-1024x576.jpg 1024w, https:\/\/aeronet.news\/wp-content\/uploads\/TorchlightMarchBundeswehr-300x169.jpg 300w, https:\/\/aeronet.news\/wp-content\/uploads\/TorchlightMarchBundeswehr-768x432.jpg 768w, https:\/\/aeronet.news\/wp-content\/uploads\/TorchlightMarchBundeswehr-700x394.jpg 700w, https:\/\/aeronet.news\/wp-content\/uploads\/TorchlightMarchBundeswehr-635x357.jpg 635w, https:\/\/aeronet.news\/wp-content\/uploads\/TorchlightMarchBundeswehr-859x483.jpg 859w, https:\/\/aeronet.news\/wp-content\/uploads\/TorchlightMarchBundeswehr.jpg 1280w\" alt=\"\" width=\"705\" height=\"397\" \/><\/a><figcaption class=\"wp-caption-text\">Pochod\u0148ov\u00fd mar\u0161 Bundeswehru p\u0159i slavnostn\u00ed rozlu\u010dce s Angelou Merkel p\u0159i jej\u00edm odchodu z funkce kancl\u00e9\u0159ky<\/figcaption><\/figure>\n<p>A znovu jako tehdy tou z\u00e1chranou pr\u016fmyslu bude zbrojen\u00ed na v\u00e1lku. A znovu ta v\u00e1lka bude proti Rusku. Doslova to p\u016fsob\u00ed jako koloto\u010d. Konceptu\u00e1ln\u00ed koloto\u010d zn\u00e1m\u00fd i pod n\u00e1zvem\u00a0<em>Zeitgeist<\/em>, proto\u017ee Duch \u010dasu odsuzuje n\u00e1rody k opakov\u00e1n\u00ed sv\u00e9 historie, pokud se z n\u00ed nepou\u010dily. Evropa je znovu hn\u011bd\u00e1.<\/p>\n<p>Znovu se hajluje, u\u017e to nevad\u00ed. Ale jakmile si d\u00e1te na bundu svatoji\u0159skou stu\u017eku nebo n\u011bjak\u00e9 z\u00e1vadn\u00e9 p\u00edsmenko, u\u017e po v\u00e1s euron\u00e1ckov\u00e9 p\u016fjdou. Nezbroj\u00ed\u0161 s n\u00e1mi? Potom zbroj\u00ed\u0161 proti n\u00e1m! Takhle je to nastaven\u00e9. Neexistuje nic jako mocensk\u00e9 vakuum. Jakmile jedna mocnost (USA) za\u010dne opou\u0161t\u011bt Evropu, jin\u00e1 mocnost (N\u011bmecko) ji okam\u017eit\u011b za\u010dne nahrazovat. Takov\u00e1 je konceptu\u00e1ln\u00ed realita proces\u016f \u0159\u00edzen\u00ed.<\/p>\n<p><a href=\"https:\/\/aeronet.news\/nemecko-se-oficialne-zacalo-pripravovat-na-valku-s-ruskem-a-ministr-obrany-prohlasil-ze-ambici-nemecka-je-stat-se-nejsilnejsi-konvencni-armadou-v-evrope-bundeswehr-ma-mit-nove-460-000-vojaku\/\"><em>-VK-<\/em><\/a><\/p>\n<p>&nbsp;<\/p>\n","protected":false},"excerpt":{"rendered":"<p>N\u011bmecko se ofici\u00e1ln\u011b za\u010dalo p\u0159ipravovat na v\u00e1lku s Ruskem a ministr obrany prohl\u00e1sil, \u017ee ambic\u00ed&#8230;<\/p>\n","protected":false},"author":2,"featured_media":105252,"comment_status":"closed","ping_status":"closed","sticky":false,"template":"","format":"standard","meta":[],"categories":[6],"tags":[1042,84,3769,22,40],"_links":{"self":[{"href":"https:\/\/www.infokuryr.cz\/n\/wp-json\/wp\/v2\/posts\/105248"}],"collection":[{"href":"https:\/\/www.infokuryr.cz\/n\/wp-json\/wp\/v2\/posts"}],"about":[{"href":"https:\/\/www.infokuryr.cz\/n\/wp-json\/wp\/v2\/types\/post"}],"author":[{"embeddable":true,"href":"https:\/\/www.infokuryr.cz\/n\/wp-json\/wp\/v2\/users\/2"}],"replies":[{"embeddable":true,"href":"https:\/\/www.infokuryr.cz\/n\/wp-json\/wp\/v2\/comments?post=105248"}],"version-history":[{"count":0,"href":"https:\/\/www.infokuryr.cz\/n\/wp-json\/wp\/v2\/posts\/105248\/revisions"}],"wp:featuredmedia":[{"embeddable":true,"href":"https:\/\/www.infokuryr.cz\/n\/wp-json\/wp\/v2\/media\/105252"}],"wp:attachment":[{"href":"https:\/\/www.infokuryr.cz\/n\/wp-json\/wp\/v2\/media?parent=105248"}],"wp:term":[{"taxonomy":"category","embeddable":true,"href":"https:\/\/www.infokuryr.cz\/n\/wp-json\/wp\/v2\/categories?post=105248"},{"taxonomy":"post_tag","embeddable":true,"href":"https:\/\/www.infokuryr.cz\/n\/wp-json\/wp\/v2\/tags?post=105248"}],"curies":[{"name":"wp","href":"https:\/\/api.w.org\/{rel}","templated":true}]}}