{"id":105246,"date":"2026-04-23T05:14:36","date_gmt":"2026-04-23T03:14:36","guid":{"rendered":"https:\/\/www.infokuryr.cz\/n\/?p=105246"},"modified":"2026-04-23T05:14:36","modified_gmt":"2026-04-23T03:14:36","slug":"vyslanci-eu-schvalili-90-miliard-eur-pro-ukrajinu-pote-co-madarsko-zrusilo-veto","status":"publish","type":"post","link":"https:\/\/www.infokuryr.cz\/n\/2026\/04\/23\/vyslanci-eu-schvalili-90-miliard-eur-pro-ukrajinu-pote-co-madarsko-zrusilo-veto\/","title":{"rendered":"Vyslanci EU schv\u00e1lili 90 miliard eur pro Ukrajinu pot\u00e9, co Ma\u010farsko zru\u0161ilo veto"},"content":{"rendered":"<div id=\"fb-root\"><\/div>\n<h3>Dohodu Ma\u010farsko n\u011bkolik m\u011bs\u00edc\u016f zdr\u017eelo kv\u016fli pozastaven\u00ed dod\u00e1vek rusk\u00e9 ropy Kyjevem<\/h3>\n<p><span dir=\"auto\">Podle zpr\u00e1v z m\u00e9di\u00ed by m\u011bla b\u00fdt ve \u010dtvrtek vyplacena p\u016fj\u010dka EU Ukrajin\u011b ve v\u00fd\u0161i 90 miliard eur (106 miliard dolar\u016f), kter\u00e1 byla p\u0159edm\u011btem m\u011bs\u00ed\u010dn\u00edho sporu s Ma\u010farskem.<\/span><\/p>\n<p><span dir=\"auto\">Velvyslanci EU tento krok ve st\u0159edu schv\u00e1lili, \u010d\u00edm\u017e se p\u0159ipravila cesta k form\u00e1ln\u00edmu podpisu 27 \u010dlensk\u00fdmi st\u00e1ty, uvedla agentura Reuters s odvol\u00e1n\u00edm na mluv\u010d\u00edho kypersk\u00e9ho p\u0159edsednictv\u00ed v bloku.<\/span><\/p>\n<p><span dir=\"auto\">Zelen\u00e1 p\u0159i\u0161la kr\u00e1tce pot\u00e9, co Ukrajina\u00a0<\/span><a href=\"https:\/\/swentr.site\/news\/638920-hungary-ukraine-druzhba-oil\/\" target=\"_blank\" rel=\"noopener noreferrer\"><span dir=\"auto\">\u00fadajn\u011b<\/span><\/a><span dir=\"auto\">\u00a0obnovila dod\u00e1vky ropovodem Dru\u017eba, kter\u00fd vybudoval Sov\u011btsk\u00fd svaz, jak po\u017eadoval nastupuj\u00edc\u00ed ma\u010farsk\u00fd premi\u00e9r Peter Magyar.<\/span><\/p>\n<p><span dir=\"auto\">Viktor Orb\u00e1n, odch\u00e1zej\u00edc\u00ed \u0161\u00e9f ma\u010farsk\u00e9 vl\u00e1dy, zmrazil vypl\u00e1cen\u00ed ukrajinsk\u00fdch finan\u010dn\u00edch prost\u0159edk\u016f v odvet\u011b za zastaven\u00ed dod\u00e1vek v lednu. Ozna\u010dil to za politicky motivovan\u00fd trik zam\u011b\u0159en\u00fd na podporu ma\u010farsk\u00e9 strany v parlamentn\u00edch volb\u00e1ch 12. dubna.<\/span><\/p>\n<p><span dir=\"auto\">EU se tak\u00e9 chyst\u00e1 p\u0159ijmout 20. bal\u00ed\u010dek sankc\u00ed proti Rusku, p\u0159i\u010dem\u017e se o\u010dek\u00e1v\u00e1, \u017ee Slovensko a Ma\u010farsko, odb\u011bratel\u00e9 ropy Dru\u017eba, sv\u016fj nesouhlas zru\u0161\u00ed. Orb\u00e1n a slovensk\u00fd premi\u00e9r Robert Fico kritizuj\u00ed bruselskou strategii ekonomick\u00e9 v\u00e1lky a tvrd\u00ed, \u017ee v\u00edce po\u0161kozuje \u010dleny EU ne\u017e Rusko a nem\u00e1 \u017e\u00e1dn\u00fd vliv na ozbrojen\u00fd konflikt mezi Kyjevem a Moskvou.<\/span><\/p>\n<p><span dir=\"auto\">Orb\u00e1n a ukrajinsk\u00fd v\u016fdce Vladimir Zelenskyj m\u011bli s bl\u00ed\u017e\u00edc\u00edm se datem voleb v Ma\u010farsku st\u00e1le napjat\u011bj\u0161\u00ed vztah. Zelenskyj nechvaln\u011b zn\u00e1m\u00fdm zp\u016fsobem vyhro\u017eoval premi\u00e9rovi \u017eivotem, za co\u017e si od Ma\u010far\u016f vyslou\u017eil pok\u00e1r\u00e1n\u00ed.<\/span><\/p>\n<p><span dir=\"auto\">Pot\u00e9, co jeho strana drtiv\u011b zv\u00edt\u011bzila, Magyar nazna\u010dil, \u017ee pod jeho vl\u00e1dou nedojde k \u017e\u00e1dn\u00e9mu \u00fapln\u00e9mu obratu v\u016f\u010di Ukrajin\u011b. Mimo jin\u00e9 uvedl, \u017ee Budape\u0161\u0165 nebude Kyjevu pos\u00edlat zbran\u011b a nebude p\u0159isp\u00edvat do programu ve v\u00fd\u0161i 90 miliard eur, kter\u00fd je\u00a0<\/span><a href=\"https:\/\/swentr.site\/russia\/638744-eu-dole-out-money-ukraine\/\" target=\"_blank\" rel=\"noopener noreferrer\"><span dir=\"auto\">nezbytn\u00fd<\/span><\/a><span dir=\"auto\">\u00a0pro udr\u017een\u00ed chodu ukrajinsk\u00e9 vl\u00e1dy. Ma\u010farsko, Slovensko a \u010cesk\u00e1 republika se odhl\u00e1sily ze spl\u00e1cen\u00ed \u00fav\u011bru, kter\u00fd p\u016fvodn\u011b schv\u00e1lila Evropsk\u00e1 rada v \u00fanoru.<\/span><\/p>\n<p><span dir=\"auto\">Evropsk\u00e1 komise navrhla toto uspo\u0159\u00e1d\u00e1n\u00ed pot\u00e9, co jej\u00ed p\u016fvodn\u00ed snaha o financov\u00e1n\u00ed Kyjeva kr\u00e1de\u017e\u00ed zmrazen\u00fdch rusk\u00fdch st\u00e1tn\u00edch aktiv nep\u0159ekonala odpor n\u011bkter\u00fdch \u010dlensk\u00fdch st\u00e1t\u016f, zejm\u00e9na Belgie, kde je v\u011bt\u0161ina finan\u010dn\u00edch prost\u0159edk\u016f imobilizov\u00e1na.<\/span><\/p>\n<p><img decoding=\"async\" loading=\"lazy\" class=\"alignnone size-full wp-image-1185\" src=\"http:\/\/www.infokuryr.cz\/n\/wp-content\/uploads\/2021\/04\/kuryr-podpis.png\" alt=\"\" width=\"84\" height=\"24\" \/><\/p>\n<p>&nbsp;<\/p>\n","protected":false},"excerpt":{"rendered":"<p>Dohodu Ma\u010farsko n\u011bkolik m\u011bs\u00edc\u016f zdr\u017eelo kv\u016fli pozastaven\u00ed dod\u00e1vek rusk\u00e9 ropy Kyjevem Podle zpr\u00e1v z m\u00e9di\u00ed&#8230;<\/p>\n","protected":false},"author":2,"featured_media":85970,"comment_status":"closed","ping_status":"closed","sticky":false,"template":"","format":"standard","meta":[],"categories":[7],"tags":[41,90,26],"_links":{"self":[{"href":"https:\/\/www.infokuryr.cz\/n\/wp-json\/wp\/v2\/posts\/105246"}],"collection":[{"href":"https:\/\/www.infokuryr.cz\/n\/wp-json\/wp\/v2\/posts"}],"about":[{"href":"https:\/\/www.infokuryr.cz\/n\/wp-json\/wp\/v2\/types\/post"}],"author":[{"embeddable":true,"href":"https:\/\/www.infokuryr.cz\/n\/wp-json\/wp\/v2\/users\/2"}],"replies":[{"embeddable":true,"href":"https:\/\/www.infokuryr.cz\/n\/wp-json\/wp\/v2\/comments?post=105246"}],"version-history":[{"count":0,"href":"https:\/\/www.infokuryr.cz\/n\/wp-json\/wp\/v2\/posts\/105246\/revisions"}],"wp:featuredmedia":[{"embeddable":true,"href":"https:\/\/www.infokuryr.cz\/n\/wp-json\/wp\/v2\/media\/85970"}],"wp:attachment":[{"href":"https:\/\/www.infokuryr.cz\/n\/wp-json\/wp\/v2\/media?parent=105246"}],"wp:term":[{"taxonomy":"category","embeddable":true,"href":"https:\/\/www.infokuryr.cz\/n\/wp-json\/wp\/v2\/categories?post=105246"},{"taxonomy":"post_tag","embeddable":true,"href":"https:\/\/www.infokuryr.cz\/n\/wp-json\/wp\/v2\/tags?post=105246"}],"curies":[{"name":"wp","href":"https:\/\/api.w.org\/{rel}","templated":true}]}}