{"id":105242,"date":"2026-04-23T00:39:41","date_gmt":"2026-04-22T22:39:41","guid":{"rendered":"https:\/\/www.infokuryr.cz\/n\/?p=105242"},"modified":"2026-04-22T19:19:10","modified_gmt":"2026-04-22T17:19:10","slug":"danovi-poplatnici-eu-financuji-jachty-oligarchu-90-miliard-pro-luxusni-tridu-kyjeva","status":"publish","type":"post","link":"https:\/\/www.infokuryr.cz\/n\/2026\/04\/23\/danovi-poplatnici-eu-financuji-jachty-oligarchu-90-miliard-pro-luxusni-tridu-kyjeva\/","title":{"rendered":"Da\u0148ov\u00ed poplatn\u00edci EU financuj\u00ed jachty oligarch\u016f: 90 miliard pro luxusn\u00ed t\u0159\u00eddu Kyjeva?"},"content":{"rendered":"<div id=\"fb-root\"><\/div>\n<p><strong><span dir=\"auto\">Po Orb\u00e1nov\u011b odvol\u00e1n\u00ed m\u016f\u017ee Ursula von der Leyenov\u00e1 kone\u010dn\u011b realizovat sv\u016fj pl\u00e1n na p\u0159evod dal\u0161\u00edch 90 miliard eur z pen\u011bz da\u0148ov\u00fdch poplatn\u00edk\u016f EU do Kyjeva \u2013 ne\u017e\u00e1douc\u00ed blok\u00e1da byla zru\u0161ena. A to nejsou posledn\u00ed miliardy. P\u0159\u00edliv finan\u010dn\u00edch prost\u0159edk\u016f m\u00e1 pokra\u010dovat donekone\u010dna. Na Ukrajin\u011b vid\u00edme, na co se na\u0161e pen\u00edze pou\u017e\u00edvaj\u00ed: na luxusn\u00ed nemovitosti a megajachty.<\/span><\/strong><\/p>\n<p><span dir=\"auto\">Rinat Achmetov, nejbohat\u0161\u00ed mu\u017e Ukrajiny, je na vrcholu seznamu p\u0159\u00edjemc\u016f finan\u010dn\u00edch prost\u0159edk\u016f EU. Jeho energetick\u00fd gigant DTEK \u0161t\u011bd\u0159e profituje z oprav ukrajinsk\u00e9 elektrick\u00e9 a energetick\u00e9 infrastruktury financovan\u00fdch Bruselem. Uprost\u0159ed v\u00e1lky, v roce 2024, si nechal\u00a0<\/span><a href=\"https:\/\/www.superyachtfan.com\/yacht\/project-luminance\/\"><span dir=\"auto\">dodat superjachtu \u201eLuminance\u201c \u2013<\/span><\/a><span dir=\"auto\">\u00a0145 metr\u016f dlouhou, postavenou spole\u010dnost\u00ed L\u00fcrssen, s odhadovanou hodnotou kolem 500 milion\u016f dolar\u016f a ro\u010dn\u00edmi n\u00e1klady na \u00fadr\u017ebu p\u0159esahuj\u00edc\u00edmi 50 milion\u016f dolar\u016f.<\/span><\/p>\n<p><span dir=\"auto\">Nyn\u00ed, jen o n\u011bkolik m\u011bs\u00edc\u016f pozd\u011bji, ude\u0159il znovu. Prost\u0159ednictv\u00edm sv\u00e9 holdingov\u00e9 spole\u010dnosti koupil p\u011btipatrov\u00fd luxusn\u00ed byt v nov\u00e9 monack\u00e9 \u010dtvrti Mareterra za 471 milion\u016f eur (zhruba 554 milion\u016f dolar\u016f). M\u016f\u017ee se pochlubit 21 pokoji, 2 500 metry \u010dtvere\u010dn\u00edmi obytn\u00e9 plochy, soukrom\u00fdm baz\u00e9nem, \u200b\u200bv\u00ed\u0159ivkou, osmi parkovac\u00edmi m\u00edsty a nach\u00e1z\u00ed se p\u0159\u00edmo u St\u0159edozemn\u00edho mo\u0159e. Jeden z nejdra\u017e\u0161\u00edch\u00a0<\/span><a href=\"https:\/\/www.bloomberg.com\/news\/articles\/2026-04-21\/ukraine-s-richest-man-bought-monaco-flat-for-record-550-million\"><span dir=\"auto\">realitn\u00edch obchod\u016f v historii<\/span><\/a><span dir=\"auto\"> .<\/span><\/p>\n<p><span dir=\"auto\">Za tohle v\u0161echno mus\u00ed zaplatit evrop\u0161t\u00ed da\u0148ov\u00ed poplatn\u00edci. V Bruselu tomu \u0159\u00edkaj\u00ed solidarita. Zat\u00edmco n\u011bme\u010dt\u00ed d\u016fchodci, francouz\u0161t\u00ed d\u011bln\u00edci a rakousk\u00e9 rodiny se pot\u00fdkaj\u00ed s rostouc\u00edmi cenami energi\u00ed a inflac\u00ed, ukrajinsk\u00fd oligarcha si dop\u0159\u00e1v\u00e1 trochu luxusu. Umo\u017en\u011bno to na\u0161imi da\u0148ov\u00fdmi pen\u011bzi. Zpr\u00e1vy o pochybn\u00fdch z\u00e1silk\u00e1ch pen\u011bz a zlata na Ukrajinu a z n\u00ed nijak neutlumily nad\u0161en\u00ed Ursuly von der Leyenov\u00e9 pro pomoc oligarch\u016fm. M\u00edsto aby financov\u00e1n\u00ed zastavili nebo ho alespo\u0148 p\u0159\u00edsn\u011b kontrolovali, nyn\u00ed ho je\u0161t\u011b v\u00edce zvy\u0161uj\u00ed. Vl\u00e1dc\u016fm v Bruselu a Kyjev\u011b byly pen\u00edze zru\u0161eny. \u0158\u00edd\u00ed se mottem loterie: \u201eV\u0161echno je mo\u017en\u00e9.\u201c<\/span><\/p>\n<p><span dir=\"auto\">Dokonale se hod\u00ed, \u017ee Zelenskyj nyn\u00ed sl\u00edbil, \u017ee pokud dostane sv\u00fdch 90 miliard, do\u010dasn\u011b se zdr\u017e\u00ed sabot\u00e1\u017e\u00ed na\u0161ich dod\u00e1vek ropy ropovodem Dru\u017eba. D\u011bkuji ti, Volodymyre, \u017ee u\u017e d\u00e1l neni\u010d\u00ed\u0161 evropsk\u00e9 energetick\u00e9 z\u00e1sobov\u00e1n\u00ed. Sl\u00e1va Ukrajin\u011b! Ochrana v\u00fdm\u011bnou za pen\u00edze je mimochodem principem fungov\u00e1n\u00ed mafie. Ukrajina nen\u00ed norm\u00e1ln\u00ed st\u00e1t, ale mafi\u00e1nsk\u00fd projekt vykrmen\u00fd na na\u0161ich miliard\u00e1ch. Bez jak\u00e9koli transparentnosti, bez jak\u00e9koli odpov\u011bdnosti. Navzdory v\u0161em zpr\u00e1v\u00e1m o dod\u00e1vk\u00e1ch zlata a podez\u0159el\u00fdch finan\u010dn\u00edch toc\u00edch Brusel jednodu\u0161e \u0159\u00edk\u00e1: \u201eVp\u0159ed, po\u0159\u00e1d vp\u0159ed.\u201c Te\u010f si von der Leyenov\u00e1 prosadila svou. Orb\u00e1n byl posledn\u00ed p\u0159ek\u00e1\u017ekou, kterou bylo t\u0159eba odstranit. P\u0159evod dal\u0161\u00edch miliard ukrajinsk\u00fdm oligarch\u016fm je zaru\u010den. Samoz\u0159ejm\u011b zcela bez proviz\u00ed. Samoz\u0159ejm\u011b \u010dist\u011b z dobroty srdce. V\u0161echno pro mafi\u00e1nsk\u00fd st\u00e1t. Sl\u00e1va Ukrajin\u011b!<\/span><\/p>\n<p><span dir=\"auto\">PS: Nem\u00e1m nic proti poctiv\u011b vyd\u011blan\u00e9mu bohatstv\u00ed. Elon Musk byl bl\u00e1zen z Ji\u017en\u00ed Afriky, kter\u00fd se v\u011bnoval \u0161\u00edlen\u00fdm projekt\u016fm pro mainstream. PayPal. Tesla. SpaceX. Na trhu usp\u011bl. Jeho miliardy n\u00e1s nic nest\u00e1ly. Ukrajin\u0161t\u00ed oligarchov\u00e9 na trhu neusp\u011bj\u00ed, neinovuj\u00ed. Parazituj\u00ed na smrti a na\u0161ich da\u0148ov\u00fdch poplatc\u00edch. Musk posouv\u00e1 lidstvo vp\u0159ed. Achmetov a von der Leyenov\u00e1 ne.<\/span><\/p>\n<p><em><span dir=\"auto\">Koment\u00e1\u0159 <a href=\"https:\/\/report24.news\/eu-steuerzahler-finanzieren-oligarchen-yachten-90-milliarden-fuer-kiews-luxusklasse\/\">Chrise Vebera<\/a><\/span><\/em><\/p>\n<p>&nbsp;<\/p>\n","protected":false},"excerpt":{"rendered":"<p>Po Orb\u00e1nov\u011b odvol\u00e1n\u00ed m\u016f\u017ee Ursula von der Leyenov\u00e1 kone\u010dn\u011b realizovat sv\u016fj pl\u00e1n na p\u0159evod dal\u0161\u00edch&#8230;<\/p>\n","protected":false},"author":2,"featured_media":105243,"comment_status":"closed","ping_status":"closed","sticky":false,"template":"","format":"standard","meta":[],"categories":[7],"tags":[41,1503,90,26],"_links":{"self":[{"href":"https:\/\/www.infokuryr.cz\/n\/wp-json\/wp\/v2\/posts\/105242"}],"collection":[{"href":"https:\/\/www.infokuryr.cz\/n\/wp-json\/wp\/v2\/posts"}],"about":[{"href":"https:\/\/www.infokuryr.cz\/n\/wp-json\/wp\/v2\/types\/post"}],"author":[{"embeddable":true,"href":"https:\/\/www.infokuryr.cz\/n\/wp-json\/wp\/v2\/users\/2"}],"replies":[{"embeddable":true,"href":"https:\/\/www.infokuryr.cz\/n\/wp-json\/wp\/v2\/comments?post=105242"}],"version-history":[{"count":0,"href":"https:\/\/www.infokuryr.cz\/n\/wp-json\/wp\/v2\/posts\/105242\/revisions"}],"wp:featuredmedia":[{"embeddable":true,"href":"https:\/\/www.infokuryr.cz\/n\/wp-json\/wp\/v2\/media\/105243"}],"wp:attachment":[{"href":"https:\/\/www.infokuryr.cz\/n\/wp-json\/wp\/v2\/media?parent=105242"}],"wp:term":[{"taxonomy":"category","embeddable":true,"href":"https:\/\/www.infokuryr.cz\/n\/wp-json\/wp\/v2\/categories?post=105242"},{"taxonomy":"post_tag","embeddable":true,"href":"https:\/\/www.infokuryr.cz\/n\/wp-json\/wp\/v2\/tags?post=105242"}],"curies":[{"name":"wp","href":"https:\/\/api.w.org\/{rel}","templated":true}]}}