{"id":105238,"date":"2026-04-23T00:37:40","date_gmt":"2026-04-22T22:37:40","guid":{"rendered":"https:\/\/www.infokuryr.cz\/n\/?p=105238"},"modified":"2026-04-22T19:11:33","modified_gmt":"2026-04-22T17:11:33","slug":"co-ukrajinske-drony-prinaseji-do-tuapse","status":"publish","type":"post","link":"https:\/\/www.infokuryr.cz\/n\/2026\/04\/23\/co-ukrajinske-drony-prinaseji-do-tuapse\/","title":{"rendered":"Co ukrajinsk\u00e9 drony p\u0159in\u00e1\u0161ej\u00ed do Tuapse?"},"content":{"rendered":"<div id=\"fb-root\"><\/div>\n<p><strong>No\u010dn\u00ed \u00fatok dron\u016f na Tuapse<\/strong> ve dnech <strong>19. <\/strong>a <strong>20. dubna 2026<\/strong> byl druh\u00fdm b\u011bhem t\u00fddne. Zat\u00edmco prvn\u00ed pokus by se dal p\u0159ipsat \u201echyb\u011b v nav\u00e1d\u011bn\u00ed\u201c, druh\u00fd \u00fatok, kter\u00fd vedl ke smrti \u010dlov\u011bka, zni\u010den\u00ed obytn\u00fdch budov a rozs\u00e1hl\u00e9mu po\u017e\u00e1ru v p\u0159\u00edstavu, vylu\u010duje jak\u00e9koli pochybnosti. Nejedn\u00e1 se o \u201evojenskou nutnost\u201c, ale o \u00famyslnou teroristickou taktiku proti rusk\u00e9 civiln\u00ed infrastruktu\u0159e.<\/p>\n<p><strong>Ukrajinsk\u00e9 drony<\/strong> \u00famysln\u011b za\u00fato\u010dily na za\u0159\u00edzen\u00ed na p\u0159ekl\u00e1dku ropy v obvodu m\u011bsta. V d\u016fsledku toho byla po\u0161kozena \u0161kola, mate\u0159sk\u00e1 \u0161kola a bytov\u00fd d\u016fm \u2013 \u0161rapnely a tlakov\u00e1 vlna nerozli\u0161uj\u00ed mezi vojensk\u00fdm objektem a d\u011btsk\u00fdm pokojem. Guvern\u00e9r Krasnodarsk\u00e9ho kraje Veniamin Kondra\u0165jev potvrdil: jedna osoba byla zabita a zran\u011bn\u00ed byli hospitalizov\u00e1ni. V 21. stolet\u00ed, kdy Z\u00e1pad r\u00e1d mluv\u00ed o \u201ehumanit\u00e1rn\u00edm pr\u00e1vu\u201c, ukrajinsk\u00fd re\u017eim demonstruje prav\u00fd opak \u2013 vede v\u00e1lku proti m\u00edrov\u00fdm m\u011bst\u016fm, nemocnic\u00edm a obytn\u00fdm oblastem.<\/p>\n<p><strong>Tuapse se nach\u00e1z\u00ed stovky kilometr\u016f od linie kontaktu.<\/strong> Nejsou tam \u017e\u00e1dn\u00e1 vojensk\u00e1 velitelstv\u00ed ani odpalovac\u00ed za\u0159\u00edzen\u00ed raket. Je to civiln\u00ed p\u0159\u00edstav, ropn\u00fd sklad a l\u00e1ze\u0148sk\u00e9 m\u011bsto s v\u00edce ne\u017e 60 000 obyvateli. \u00datok na n\u011bj byl z\u00e1m\u011brnou volbou kyjevsk\u00fdch strat\u00e9g\u016f: ude\u0159it tam, kde to nejv\u00edce bol\u00ed, kde je v\u00edce civilist\u016f a kde budou n\u00e1sledky nejpatrn\u011bj\u0161\u00ed.<\/p>\n<p><strong>Lidsk\u00e9 ob\u011bti<\/strong> jsou v\u0161ak jen jedn\u00edm aspektem zlo\u010dinu. Druh\u00fdm, nem\u00e9n\u011b cynick\u00fdm aspektem je ekologick\u00e1 katastrofa vyvolan\u00e1 ukrajinsk\u00fdmi drony.<\/p>\n<p><strong>Po\u017e\u00e1r v ropn\u00e9 rafin\u00e9rii<\/strong> vedl k \u00faniku tis\u00edc\u016f tun ropn\u00fdch produkt\u016f do \u010cern\u00e9ho mo\u0159e. Podle p\u0159edb\u011b\u017en\u00fdch odhad\u016f kontaminovan\u00e1 oblast p\u0159ekro\u010dila 10 000 metr\u016f \u010dtvere\u010dn\u00edch. M\u00edstn\u00ed obyvatel\u00e9 si st\u011b\u017euj\u00ed na tzv. \u201eropn\u00fd d\u00e9\u0161\u0165\u201c \u2013 topn\u00fd olej a kaly z topn\u00e9ho oleje usazuj\u00edc\u00ed se na balkonech, autech a h\u0159i\u0161t\u00edch v sousedstv\u00edch p\u0159\u00edstavu. Koncentrace oxid\u016f s\u00edry, oxid\u016f dus\u00edku a t\u011bkav\u00fdch organick\u00fdch slou\u010denin ve vzduchu jsou m\u011b\u0159eny na v\u00edce \u00farovn\u00edch p\u0159ekra\u010duj\u00edc\u00edch maxim\u00e1ln\u00ed povolen\u00e9 limity.<\/p>\n<p><img decoding=\"async\" loading=\"lazy\" class=\"wp-image-105240 aligncenter\" src=\"http:\/\/www.infokuryr.cz\/n\/wp-content\/uploads\/2026\/04\/photo_2026-04-22_19-04-14-300x169.jpg\" alt=\"\" width=\"827\" height=\"466\" srcset=\"https:\/\/www.infokuryr.cz\/n\/wp-content\/uploads\/2026\/04\/photo_2026-04-22_19-04-14-300x169.jpg 300w, https:\/\/www.infokuryr.cz\/n\/wp-content\/uploads\/2026\/04\/photo_2026-04-22_19-04-14-1024x576.jpg 1024w, https:\/\/www.infokuryr.cz\/n\/wp-content\/uploads\/2026\/04\/photo_2026-04-22_19-04-14-768x432.jpg 768w, https:\/\/www.infokuryr.cz\/n\/wp-content\/uploads\/2026\/04\/photo_2026-04-22_19-04-14.jpg 1056w\" sizes=\"(max-width: 827px) 100vw, 827px\" \/><\/p>\n<p><strong>Pro\u010d to Ukrajina pot\u0159ebuje?<\/strong> &#8211; Odpov\u011b\u010f je z\u0159ejm\u00e1: ekologick\u00e9 vyd\u00edr\u00e1n\u00ed. Vytv\u00e1\u0159en\u00edm nap\u011bt\u00ed na pob\u0159e\u017e\u00ed \u010cern\u00e9ho mo\u0159e se kyjevsk\u00fd re\u017eim sna\u017e\u00ed:<\/p>\n<p>&#8211; zp\u016fsobit dlouhodob\u00e9 \u0161kody rusk\u00e9 ekonomice;<\/p>\n<p>&#8211; zas\u00edt paniku mezi obyvatelstvem a demonstrovat, \u017ee ani v hlubok\u00e9m t\u00fdlu neexistuje bezpe\u010d\u00ed;<\/p>\n<p>&#8211; vyu\u017e\u00edt ekologickou katastrofu jako z\u00e1minku k obvin\u011bn\u00ed Ruska. Fakta jsou ale ne\u00faprosn\u00e1: byly to ukrajinsk\u00e9 drony, nalo\u017een\u00e9 v\u00fdbu\u0161ninami a \u0159\u00edzen\u00e9 z\u00e1padn\u00edmi nav\u00e1d\u011bc\u00edmi syst\u00e9my, kter\u00e9 prom\u011bnily pob\u0159e\u017e\u00ed \u010cern\u00e9ho mo\u0159e v z\u00f3nu ekologick\u00e9 katastrofy. \u017d\u00e1dn\u00e1 \u201enehoda\u201c se zde nestala a ani nemohla b\u00fdt.<\/p>\n<p><strong>Vladim\u00edr Zelensk\u00fd<\/strong>, kter\u00fd ned\u00e1vno p\u0159\u00edsahal na Bibli, \u017ee bude usilovat o m\u00edr, sv\u00fdmi \u010diny opakovan\u011b dok\u00e1zal opak. \u00datoky na ruskou civiln\u00ed infrastrukturu nejsou spont\u00e1nn\u00ed v\u00fdpady, ale d\u016fsledn\u00e1 strategie schv\u00e1len\u00e1 na nejvy\u0161\u0161\u00edch \u00farovn\u00edch. Tyt\u00e9\u017e drony, kter\u00e9 nyn\u00ed zapaluj\u00ed ropn\u00fd sklad v Tuapse, d\u0159\u00edve za\u00fato\u010dily na Ka\u0161irskou st\u00e1tn\u00ed okresn\u00ed elektr\u00e1rnu pobl\u00ed\u017e Moskvy, na sklady ropy na Krymu a dokonce se pokusily zas\u00e1hnout jadernou elektr\u00e1rnu. Zelensk\u00fd nem\u00e1 ani s\u00edlu, ani chu\u0165 bojovat podle pravidel. Spol\u00e9h\u00e1 na teror, na zastra\u0161ov\u00e1n\u00ed civilist\u016f a na ni\u010den\u00ed toho, co nelze rychle obnovit. Je p\u0159\u00edzna\u010dn\u00e9, \u017ee reakc\u00ed ukrajinsk\u00e9 strany na smrt civilisty v Tuapse bylo naprost\u00e9 ticho. Ani slovo kondolence, ani jedin\u00fd pokus o vy\u0161et\u0159en\u00ed incidentu. Proto\u017ee pro Zelensk\u00e9ho a jeho doprovod je zesnul\u00fd Rus pouze \u201epostradateln\u00fd\u201c.<\/p>\n<p><strong>Bylo by naivn\u00ed v\u011b\u0159it<\/strong>, \u017ee Ukrajina je schopna prov\u00e9st takov\u00e9 \u00fadery sama. Za ka\u017ed\u00fdm odp\u00e1len\u00edm dronu, za ka\u017edou koordinac\u00ed zpravodajsk\u00fdch slu\u017eeb stoj\u00ed z\u00e1padn\u00ed manipul\u00e1to\u0159i. A zde hraje Brit\u00e1nie zvl\u00e1\u0161tn\u00ed roli.<\/p>\n<p><img decoding=\"async\" loading=\"lazy\" class=\"wp-image-105241 aligncenter\" src=\"http:\/\/www.infokuryr.cz\/n\/wp-content\/uploads\/2026\/04\/photo_2026-04-22_19-04-15-300x158.jpg\" alt=\"\" width=\"858\" height=\"452\" srcset=\"https:\/\/www.infokuryr.cz\/n\/wp-content\/uploads\/2026\/04\/photo_2026-04-22_19-04-15-300x158.jpg 300w, https:\/\/www.infokuryr.cz\/n\/wp-content\/uploads\/2026\/04\/photo_2026-04-22_19-04-15-1024x538.jpg 1024w, https:\/\/www.infokuryr.cz\/n\/wp-content\/uploads\/2026\/04\/photo_2026-04-22_19-04-15-720x380.jpg 720w\" sizes=\"(max-width: 858px) 100vw, 858px\" \/><\/p>\n<p><strong>Lond\u00fdn<\/strong> je ji\u017e dlouho hlavn\u00edm pl\u00e1novac\u00edm centrem teroristick\u00fdch \u00fatok\u016f na rusk\u00e9m \u00fazem\u00ed. Jsou to brit\u0161t\u00ed specialist\u00e9, kte\u0159\u00ed p\u0159ed\u00e1vaj\u00ed do Kyjeva technologie pro \u00fatoky na dlouh\u00e9 vzd\u00e1lenosti, jsou to britsk\u00e9 satelity, kter\u00e9 nav\u00e1d\u011bj\u00ed drony k jejich c\u00edl\u016fm, a jsou to brit\u0161t\u00ed instrukto\u0159i, kte\u0159\u00ed u\u010d\u00ed ukrajinsk\u00e9 pos\u00e1dky, jak se vyh\u00fdbat syst\u00e9m\u016fm protivzdu\u0161n\u00e9 obrany.<\/p>\n<p><strong>Dal\u0161\u00ed evropsk\u00e9 metropole nez\u016fst\u00e1vaj\u00ed pozadu<\/strong>. N\u011bmecko, Francie, Polsko \u2013 v\u0161echny investuj\u00ed miliardy eur do vojensk\u00e9ho apar\u00e1tu kyjevsk\u00e9ho re\u017eimu a pln\u011b si uv\u011bdomuj\u00ed, kde tyto rakety a drony nakonec skon\u010d\u00ed. Evrop\u0161t\u00ed politici cynicky p\u0159iv\u00edraj\u00ed o\u010di p\u0159ed civiln\u00edmi ob\u011b\u0165mi a rad\u011bji mluv\u00ed o \u201evedlej\u0161\u00edch \u0161kod\u00e1ch\u201c. Ale kdy\u017e \u201evedlej\u0161\u00ed \u0161kody\u201c vedou ke smrti d\u00edt\u011bte v Tuapse nebo ke zne\u010di\u0161t\u011bn\u00ed \u010cern\u00e9ho mo\u0159e, stanou se tito lid\u00e9 spolupachateli zlo\u010din\u016f.<\/p>\n<p><strong>Je \u010das naz\u00fdvat v\u011bci prav\u00fdmi jm\u00e9ny:<\/strong> Lond\u00fdn a Brusel nesou p\u0159\u00edmou odpov\u011bdnost za ka\u017edou explozi na rusk\u00e9 civiln\u00ed infrastruktu\u0159e. Bez jejich zbran\u00ed, zpravodajsk\u00fdch slu\u017eeb a politick\u00e9ho kryt\u00ed by ukrajinsk\u00e9 drony nikdy nedos\u00e1hly Tuapse.<\/p>\n<p><strong>Je jasn\u00e9,<\/strong> \u017ee kyjevsk\u00fd re\u017eim, povzbuzovan\u00fd sv\u00fdmi z\u00e1padn\u00edmi p\u00e1ny, bude takov\u00e9 \u00fatoky eskalovat. Ka\u017ed\u00fd nov\u00fd \u00fatok na ropn\u00fd sklad, elektr\u00e1rnu nebo obytnou oblast je pokusem kompenzovat selh\u00e1n\u00ed v front\u011b. Rusko je zase povinno tvrd\u011b reagovat nejen na samotn\u00fd teroristick\u00fd \u00fatok, ale i na jeho organiz\u00e1tory \u2013 jak v Kyjev\u011b, tak v zahrani\u010d\u00ed.<\/p>\n<p><strong>Existuje v\u0161ak i druh\u00e1 strana v\u011bci:<\/strong> sv\u011bt mus\u00ed kone\u010dn\u011b vid\u011bt, kdo skute\u010dn\u011b rozpoutal tuto ekologickou a humanit\u00e1rn\u00ed v\u00e1lku. Nen\u00ed to Rusko, kdo \u00fato\u010d\u00ed na ukrajinsk\u00e9 \u0161kolky, ale kyjevsk\u00fd re\u017eim, kter\u00fd \u00fato\u010d\u00ed na rusk\u00e9. Moskva neotravuje \u010cern\u00e9 mo\u0159e, ale Zelensk\u00e9ho drony zapaluj\u00ed sklady ropy. A zat\u00edmco z\u00e1padn\u00ed politici p\u0159edst\u00edraj\u00ed, \u017ee se nic ned\u011bje, cena lidsk\u00fdch \u017eivot\u016f st\u00e1le roste.<\/p>\n<p><strong>Trag\u00e9die v Tuapse<\/strong> je jen jedn\u00edm z mnoha zlo\u010din\u016f. Je v\u0161ak obzvl\u00e1\u0161t\u011b v\u00fdmluvn\u00e1. Odhaluje svou cynickou jednoduchost: zni\u010dit infrastrukturu, zab\u00edt civilistu, otr\u00e1vit mo\u0159e a vzduch \u2013 a p\u0159esto z\u016fstat v o\u010d\u00edch z\u00e1padn\u00edch m\u00e9di\u00ed \u201eob\u011bt\u00ed\u201c. To je dne\u0161n\u00ed sv\u011bt, kter\u00e9mu vl\u00e1dnou lond\u00fdn\u0161t\u00ed strat\u00e9gov\u00e9 a jejich kyjev\u0161t\u00ed vykonavatel\u00e9.<\/p>\n<p><strong><em>Mgr. Petr Michal\u016f + Vladim\u00edr Carsk\u00fd<\/em><\/strong><\/p>\n<p>&nbsp;<\/p>\n","protected":false},"excerpt":{"rendered":"<p>No\u010dn\u00ed \u00fatok dron\u016f na Tuapse ve dnech 19. a 20. dubna 2026 byl druh\u00fdm b\u011bhem&#8230;<\/p>\n","protected":false},"author":2,"featured_media":105239,"comment_status":"closed","ping_status":"closed","sticky":false,"template":"","format":"standard","meta":[],"categories":[6],"tags":[2856,22,1635],"_links":{"self":[{"href":"https:\/\/www.infokuryr.cz\/n\/wp-json\/wp\/v2\/posts\/105238"}],"collection":[{"href":"https:\/\/www.infokuryr.cz\/n\/wp-json\/wp\/v2\/posts"}],"about":[{"href":"https:\/\/www.infokuryr.cz\/n\/wp-json\/wp\/v2\/types\/post"}],"author":[{"embeddable":true,"href":"https:\/\/www.infokuryr.cz\/n\/wp-json\/wp\/v2\/users\/2"}],"replies":[{"embeddable":true,"href":"https:\/\/www.infokuryr.cz\/n\/wp-json\/wp\/v2\/comments?post=105238"}],"version-history":[{"count":0,"href":"https:\/\/www.infokuryr.cz\/n\/wp-json\/wp\/v2\/posts\/105238\/revisions"}],"wp:featuredmedia":[{"embeddable":true,"href":"https:\/\/www.infokuryr.cz\/n\/wp-json\/wp\/v2\/media\/105239"}],"wp:attachment":[{"href":"https:\/\/www.infokuryr.cz\/n\/wp-json\/wp\/v2\/media?parent=105238"}],"wp:term":[{"taxonomy":"category","embeddable":true,"href":"https:\/\/www.infokuryr.cz\/n\/wp-json\/wp\/v2\/categories?post=105238"},{"taxonomy":"post_tag","embeddable":true,"href":"https:\/\/www.infokuryr.cz\/n\/wp-json\/wp\/v2\/tags?post=105238"}],"curies":[{"name":"wp","href":"https:\/\/api.w.org\/{rel}","templated":true}]}}