{"id":105236,"date":"2026-04-23T00:10:54","date_gmt":"2026-04-22T22:10:54","guid":{"rendered":"https:\/\/www.infokuryr.cz\/n\/?p=105236"},"modified":"2026-04-22T18:56:39","modified_gmt":"2026-04-22T16:56:39","slug":"michael-svatos-dnes-zatnou-eurokrati-do-cechu-a-slovaku-dluhovou-sekeru-za-75-miliard-czk","status":"publish","type":"post","link":"https:\/\/www.infokuryr.cz\/n\/2026\/04\/23\/michael-svatos-dnes-zatnou-eurokrati-do-cechu-a-slovaku-dluhovou-sekeru-za-75-miliard-czk\/","title":{"rendered":"Michael Svato\u0161: Dnes zatnou Eurokrati do \u010cech\u016f a Slov\u00e1k\u016f dluhovou sekeru za 75 miliard CZK!"},"content":{"rendered":"<div id=\"fb-root\"><\/div>\n<h3>Dnes zatnou Eurokrati do \u010cech\u016f a Slov\u00e1k\u016f dluhovou sekeru za 75 miliard CZK! Chud\u00ed a d\u011bti u\u017e nemaj\u00ed m\u00edt bezplatn\u00e9 zdravotn\u00ed poji\u0161t\u011bn\u00ed, aby bylo na v\u00e1lku proti Rusku, vymysleli Eurokrati! Nov\u00e1 imigra\u010dn\u00ed vlna na obzoru! Anal\u00fdza.<\/h3>\n<p>Dnes podle v\u0161ech odhad\u016f zatne Andrej Babi\u0161 na porad\u011b Eurokrat\u016f konan\u00e9 v Bruselu do \u010cech\u016f dluhovou sekeru za 50 miliard CZK plus \u00faroky finan\u010dn\u00edm spekulant\u016fm, jen aby Kyjev dostal nezbytn\u00e9 miliardy na prodlu\u017eov\u00e1n\u00ed sv\u00e9 v\u00e1lky proti Rusku. Celkem 90 miliard EUR, kter\u00e9 maj\u00ed b\u00fdt dnes na shrom\u00e1\u017ed\u011bn\u00ed Eurokrat\u016f v Bruselu kyjevsk\u00fdm korup\u010dn\u00edk\u016fm nad\u011bleny, m\u00e1 b\u00fdt rozd\u011bleno podle kl\u00ed\u010de \u2013 2\/3 na zbran\u011b, hlavn\u011b na dalekonosn\u00e9 rakety a drony pro ost\u0159elov\u00e1n\u00ed Ruska, a na anti-rakety typu Patriot, a zbylou 1\/3 m\u00e1 Kyjev utratit na v\u00fdplaty sv\u00fdch d\u016fchodc\u016f a \u00fa\u0159edn\u00edk\u016f, a na pot\u0159eby oprav rusk\u00fdmi drony sv\u00e9 zni\u010den\u00e9 infrastruktury. Hlavn\u00edm probl\u00e9mem cel\u00e9 tran\u0161e 90 miliard EUR, kterou m\u00e1 Zelensk\u00e9ho soldateska dost\u00e1vat po \u010d\u00e1stech od poloviny leto\u0161n\u00edho kv\u011btna je,\u00a0<a href=\"https:\/\/kyivindependent.com\/we-will-have-to-return-to-frozen-assets-says-eu-economy-commissioner\/\">jak v\u010dera p\u0159iznal Komisa\u0159 EU Valdis Dombrovskis<\/a>, v dosud nevy\u0159e\u0161en\u00e9m probl\u00e9mu, kdo nakonec t\u011bchto 90 miliard EUR plus tu\u010dn\u00e9 \u00faroky bank\u00e9\u0159\u016fm nakonec zaplat\u00ed, kdy\u017e je podle Dombrovskise jist\u00e9, \u017ee Ukrajina je nezaplat\u00ed, a Rusko jakbysmet!!! A tedy budou muset b\u00fdt zaplaceny Evropany, a to pro \u010cechy znamen\u00e1 nejm\u00e9n\u011b 2% z cel\u00e9 sumy, a pro Slov\u00e1ky 1%. Ov\u0161em pouze pokud st\u00e1ty jako It\u00e1lie, \u0158ecko a Francie, dlouhodob\u011b balancuj\u00edc\u00ed na hran\u011b st\u00e1tn\u00edho bankrotu, do doby splacen\u00ed tran\u0161e nezkrachuj\u00ed.<\/p>\n<p>Druhou dosud nevy\u0159e\u0161enou ot\u00e1zkou spojenou s tran\u0161\u00ed 90 miliard EUR kyjevsk\u00e9 soldatesce, je reakce Ruska na rostouc\u00ed n\u00e1lety ukrajinsk\u00fdch raket a dron\u016f proti jeho rafineri\u00edm, tov\u00e1rn\u00e1m a m\u011bst\u016fm. Rusk\u00e9 kan\u00e1ly se za\u010d\u00ednaj\u00ed mno\u017eit \u00fatoky na Putinovi gubern\u00e1tory a m\u00edstn\u00ed politiky, a obvi\u0148uj\u00ed je, \u017ee d\u016fsledky ukrajinsk\u00fdch \u00fader\u016f zleh\u010duj\u00ed, a ignoruj\u00ed. Velmi zaj\u00edmav\u00e9 video hystericky na\u0159\u00edkaj\u00edc\u00ed mlad\u00e9 Rusky z Tuapse,\u00a0<a href=\"https:\/\/t.me\/swodki\/577884\">najdete zde<\/a>,\u00a0a jde p\u0159itom pouze o jedno z tis\u00edc\u016f vide\u00ed.\u00a0<a href=\"https:\/\/t.me\/swodki\/577882\">Zde najdete dal\u0161\u00ed video<\/a>\u00a0paroduj\u00edc\u00ed rusk\u00e9ho politika na pozad\u00ed obrovsk\u00fdch po\u017e\u00e1r\u016f rafinerie v Tuapse, jak tvrd\u00ed, \u017ee se nic ned\u011bje. Proto\u017ee\u00a0rusk\u00e1 arm\u00e1da trvale postupuje,\u00a0<a href=\"https:\/\/t.me\/rybar\/79682\">zde najdete video zn\u00e1zor\u0148uj\u00edc\u00ed na animovan\u00e9 map\u011b jak<\/a>,\u00a0je z\u0159ejm\u00e9, \u017ee Kyjev vsadil na posledn\u00ed mo\u017enou strategii, jak Rusy zastavit, a to na masivn\u00ed ost\u0159elov\u00e1n\u00ed Ruska z\u00e1padn\u00edmi raketami, a drony vyr\u00e1b\u011bn\u00fdmi na Z\u00e1pad\u011b. Historicky jde o podobnou strategii, na n\u00ed\u017e vsadilo fa\u0161istick\u00e9 Japonsko v roce 1945, a to pomoc\u00ed \u00fader\u016f sebevra\u017eedn\u00fdmi letadly zp\u016fsobit americk\u00e9mu lo\u010fstvu tak masivn\u00ed ztr\u00e1ty na p\u0159ev\u00e1\u017een\u00e9 \u017eiv\u00e9 s\u00edle, \u017ee USA rad\u011bji p\u0159ijmou n\u011bjak\u00fd m\u00edrov\u00fd kompromis, a Japonsko si ponech\u00e1 n\u011bjak\u00e1 okupovan\u00e1 \u00fazem\u00ed, a jeho re\u017eim bude v n\u011bjak\u00e9 m\u00ed\u0159e pokra\u010dovat. Historick\u00e9 \u0159e\u0161en\u00ed cel\u00e9 japonsk\u00e9 strategie je zn\u00e1mo. Harry Truman rozhodl, \u017ee net\u0159eba, aby americk\u00e1 krev tekla potoky, kdy\u017e lze celkem snadno vypa\u0159it desetitis\u00edce Japonc\u016f atomov\u00fdmi bombami. Jak rozhodne Putin se teprve uvid\u00ed, ale pokud Kyjev dostane 90 miliard EUR, a firmy na \u00fazem\u00ed EU za jejich zna\u010dnou \u010d\u00e1st pro Kyjev vyrob\u00ed drony a rakety k ost\u0159elov\u00e1n\u00ed Ruska, pak rozhodnout bude muset, \u017ee?<\/p>\n<p>T\u0159et\u00edm nevy\u0159e\u0161en\u00fdm probl\u00e9m je, z \u010deho budou Evropan\u00e9 dluhy za kyjevsk\u00e9 korup\u010dn\u00edky spl\u00e1cet, kdy\u017e se jejich ekonomika \u0159\u00edt\u00ed do propasti. V\u010dera\u00a0<a href=\"https:\/\/www.merkur.de\/wirtschaft\/krisenbewaeltigung-bei-volkswagen-vw-chef-blume-wagt-neue-schritte-zr-94272562.html\">p\u0159iznal \u0161\u00e9f VW Oliver Blume<\/a>, \u017ee koncern mus\u00ed okam\u017eit\u011b sn\u00ed\u017eit sv\u00e9 v\u00fdrobn\u00ed kapacity o 25%, a \u0161\u00e9fov\u00e9 konkuren\u010dn\u00edho Stellantis u\u017e p\u0159iznali, \u017ee budou zav\u00edrat ve Francii cel\u00e9 automobilky. N\u011bmecko, nejv\u00fdkonn\u011bj\u0161\u00ed ekonomika EU je v takov\u00e9m krizov\u00e9m \u0161oku, \u017ee mu hroz\u00ed v\u00fdpadek 20 miliard EUR jen ve ve\u0159ejn\u00e9m zdravotn\u00edm poji\u0161t\u011bn\u00ed, a proto vl\u00e1da Friedrich Merze u\u017e sl\u00edbila,\u00a0<a href=\"https:\/\/www.merkur.de\/wirtschaft\/ende-der-beitragsfreien-familienversicherung-warken-reform-trifft-millionen-haushalte-hart-94272691.html\">\u017ee zru\u0161\u00ed velkou \u010d\u00e1st st\u00e1tn\u00edho poji\u0161t\u011bn\u00ed d\u011bt\u00ed, a rodiny s d\u011btmi, a chud\u00ed N\u011bmci si budou muset m\u00edsto st\u00e1tn\u00edch plateb za sv\u00e1 zdravotn\u00ed poji\u0161t\u011bn\u00ed platit, a za l\u00e9\u010den\u00ed je\u0161t\u011b k tomu p\u0159ipl\u00e1cet<\/a>. Co ud\u011bl\u00e1 Babi\u0161, kdy\u017e to ud\u011blaj\u00ed N\u011bmci, je nasnad\u011b. Ostatn\u011b, i kdyby m\u00edsto Babi\u0161e vl\u00e1dnul samotn\u00fd Mikul\u00e1\u0161 Min\u00e1\u0159 z Milionu chvilek, neud\u011bl\u00e1 nic jin\u00e9ho, proto\u017ee ekonomick\u00fd krach Evropy je neodvratn\u00fd, pokud budou v\u00e1lky na Ukrajin\u011b a v Persk\u00e9m z\u00e1livu pokra\u010dovat, a Eurokrati nebudou prov\u00e1d\u011bt \u017e\u00e1dn\u00e9 \u00fasporn\u00e9 reformy, hlavn\u011b proti p\u0159emno\u017een\u00fdm politick\u00fdm neziskovk\u00e1m, prodejn\u00fdm pis\u00e1lk\u016fm a herc\u016fm a ve\u0159ejn\u00e9 televizn\u00ed klace, a zcela zbyte\u010dn\u00fdm a neschopn\u00fdm \u00fa\u0159edn\u00edk\u016fm.<\/p>\n<p>Podle v\u010dera zve\u0159ejn\u011bn\u00e9 presti\u017en\u00ed n\u011bmeck\u00e9 studie je imigrace do EU na sv\u00e9m dal\u0161\u00edm vrcholu, a o\u010dek\u00e1v\u00e1 se dal\u0161\u00ed zv\u00fd\u0161en\u00ed po\u010dt\u016f imigrant\u016f tla\u010d\u00edc\u00edch se z ekonomick\u00fdch pohnutek do Evropy.\u00a0<a href=\"https:\/\/www.merkur.de\/politik\/kriege-und-krisen-treiben-migration-auf-rekordniveau-wenige-laender-tragen-hauptlast-zr-94272891.html\">Podle studie byl po\u010det leg\u00e1ln\u00edch imigrant\u016f do EU v roce 2025 tento: N\u011bmecko 113 000, co\u017e je \u010dtvrt\u00fd nejvy\u0161\u0161\u00ed po\u010det v Evrop\u011b. P\u0159ed N\u011bmeckem se um\u00edstilo \u0160pan\u011blsko se 141 000, It\u00e1lie 127 000, a Francie 116 000<\/a>. Tyto \u010dty\u0159i zem\u011b se na imigraci do EU pod\u00edlely t\u00e9m\u011b\u0159 t\u0159emi \u010dtvrtinami. Pokud se zamysl\u00edte, pro\u010d nyn\u00ed vl\u00e1da Friedrich Merze nad\u011bluje miliardy EUR kyjevsk\u00fdm korup\u010dn\u00edk\u016f, aby mohli pokra\u010dovat ve v\u00e1lce proti Rusku, a sou\u010dasn\u011b odeb\u00edr\u00e1 z\u00e1kladn\u00ed zdravotn\u00ed poji\u0161t\u011bn\u00ed a bezplatnou p\u00e9\u010di pro n\u011bmeck\u00e9 d\u011bti, a pro chud\u00e9 N\u011bmce, a z\u00e1rove\u0148 nech\u00e1v\u00e1 do N\u011bmecka a do EU pumpovat statis\u00edce neevropsk\u00fdch imigrant\u016f, kte\u0159\u00ed,\u00a0<a href=\"https:\/\/www.echo24.cz\/a\/H3aDs\/zpravy-svet-nemecko-merz-cdu-exploze-kriminality-migranti\">jak se obecn\u011b u\u017e ani v mainstreamu nezpochyb\u0148uje<\/a>, sice neradi pracuj\u00ed, ov\u0161em r\u00e1di p\u00e1chaj\u00ed trestnou \u010dinnost, a \u017ed\u00edmaj\u00ed soci\u00e1ln\u00ed d\u00e1vky, pak nezb\u00fdv\u00e1 ne\u017e konstatovat, \u017ee nahrazov\u00e1n\u00ed evropsk\u00e9ho obyvatelstva ciz\u00edmi etniky b\u011b\u017e\u00ed v pln\u00e9m proudu.<\/p>\n<p><em>Jsem nemocen, proto vy\u0161la anal\u00fdza a\u017e po dev\u00e1t\u00e9 hodin\u011b r\u00e1no. D\u011bkuji za pochopen\u00ed.<\/em><\/p>\n<p><a href=\"https:\/\/www.michalapetr.com\/map-2585-dnes-zatnou-eurokrati-do-cechu-a-slovaku-dluhovou-sekeru-za-75-miliard-czk-chudi-a-deti-uz-nemaji-mit-bezplatne-zdravotni-pojisteni-aby-bylo-na-valku-proti-rusku-vymysleli-eurokrati-nova\/\">Michael Svato\u0161<\/a><\/p>\n<p><img decoding=\"async\" loading=\"lazy\" class=\"alignnone size-full wp-image-27204\" src=\"http:\/\/www.infokuryr.cz\/n\/wp-content\/uploads\/2023\/05\/Michael_Svatos.png\" alt=\"\" width=\"180\" height=\"180\" srcset=\"https:\/\/www.infokuryr.cz\/n\/wp-content\/uploads\/2023\/05\/Michael_Svatos.png 180w, https:\/\/www.infokuryr.cz\/n\/wp-content\/uploads\/2023\/05\/Michael_Svatos-150x150.png 150w\" sizes=\"(max-width: 180px) 100vw, 180px\" \/><\/p>\n<p>&nbsp;<\/p>\n","protected":false},"excerpt":{"rendered":"<p>Dnes zatnou Eurokrati do \u010cech\u016f a Slov\u00e1k\u016f dluhovou sekeru za 75 miliard CZK! Chud\u00ed a&#8230;<\/p>\n","protected":false},"author":2,"featured_media":98051,"comment_status":"closed","ping_status":"closed","sticky":false,"template":"","format":"standard","meta":[],"categories":[6],"tags":[1042,41,10922,26],"_links":{"self":[{"href":"https:\/\/www.infokuryr.cz\/n\/wp-json\/wp\/v2\/posts\/105236"}],"collection":[{"href":"https:\/\/www.infokuryr.cz\/n\/wp-json\/wp\/v2\/posts"}],"about":[{"href":"https:\/\/www.infokuryr.cz\/n\/wp-json\/wp\/v2\/types\/post"}],"author":[{"embeddable":true,"href":"https:\/\/www.infokuryr.cz\/n\/wp-json\/wp\/v2\/users\/2"}],"replies":[{"embeddable":true,"href":"https:\/\/www.infokuryr.cz\/n\/wp-json\/wp\/v2\/comments?post=105236"}],"version-history":[{"count":0,"href":"https:\/\/www.infokuryr.cz\/n\/wp-json\/wp\/v2\/posts\/105236\/revisions"}],"wp:featuredmedia":[{"embeddable":true,"href":"https:\/\/www.infokuryr.cz\/n\/wp-json\/wp\/v2\/media\/98051"}],"wp:attachment":[{"href":"https:\/\/www.infokuryr.cz\/n\/wp-json\/wp\/v2\/media?parent=105236"}],"wp:term":[{"taxonomy":"category","embeddable":true,"href":"https:\/\/www.infokuryr.cz\/n\/wp-json\/wp\/v2\/categories?post=105236"},{"taxonomy":"post_tag","embeddable":true,"href":"https:\/\/www.infokuryr.cz\/n\/wp-json\/wp\/v2\/tags?post=105236"}],"curies":[{"name":"wp","href":"https:\/\/api.w.org\/{rel}","templated":true}]}}