{"id":105233,"date":"2026-04-23T00:38:50","date_gmt":"2026-04-22T22:38:50","guid":{"rendered":"https:\/\/www.infokuryr.cz\/n\/?p=105233"},"modified":"2026-04-22T19:12:29","modified_gmt":"2026-04-22T17:12:29","slug":"kvuli-cigarete-ridic-autobusu-v-lipsku-napaden-sekerou","status":"publish","type":"post","link":"https:\/\/www.infokuryr.cz\/n\/2026\/04\/23\/kvuli-cigarete-ridic-autobusu-v-lipsku-napaden-sekerou\/","title":{"rendered":"Kv\u016fli cigaret\u011b: \u0158idi\u010d autobusu v Lipsku napaden sekerou"},"content":{"rendered":"<div id=\"fb-root\"><\/div>\n<p><strong><span dir=\"auto\">V Lipsku (Sasko) vyvol\u00e1v\u00e1 n\u011bkolik z\u00e1va\u017en\u00fdch n\u00e1siln\u00fdch \u010din\u016f ve ve\u0159ejn\u00e9 doprav\u011b st\u00e1le v\u011bt\u0161\u00ed obavy. B\u011bhem kr\u00e1tk\u00e9 doby se ob\u011b\u0165mi \u00fatok\u016f stali dva \u0159idi\u010di autobus\u016f \u2013 jeden z nich byl dokonce n\u011bjakou dobu v kritick\u00e9m stavu. Oba \u00fatoky byly vyvol\u00e1ny ban\u00e1ln\u00edmi z\u00e1le\u017eitostmi.<\/span><\/strong><\/p>\n<p><span dir=\"auto\">K posledn\u00edmu incidentu do\u0161lo v pond\u011bl\u00ed odpoledne (20. dubna 2026) p\u0159ibli\u017en\u011b v 16:15 na autobusov\u00e9 zast\u00e1vce v okrese Gr\u00fcnau. Podle\u00a0<\/span><a href=\"https:\/\/www.medienservice.sachsen.de\/medien\/news\/1096582\"><span dir=\"auto\">policie<\/span><\/a><span dir=\"auto\"> se 22let\u00fd mu\u017e p\u0159ibl\u00ed\u017eil k 43let\u00e9mu \u0159idi\u010di autobusu a po\u017e\u00e1dal ho o cigaretu. Kdy\u017e \u0159idi\u010d odm\u00edtl, situace se vyhrotila: Mlad\u00edk vyt\u00e1hl sekeru a \u0159idi\u010di vyhro\u017eoval. \u0158idi\u010d spolu se dv\u011bma kolegy (ve v\u011bku 43 a 40 let), kte\u0159\u00ed mu p\u0159isp\u011bchali na pomoc, dok\u00e1zal \u00fato\u010dn\u00edka zkrotit. Poda\u0159ilo se jim ho odzbrojit a dr\u017eet ho do p\u0159\u00edjezdu policie.<\/span><\/p>\n<p><strong><span dir=\"auto\">B\u011bhem poty\u010dky byli zran\u011bni \u0159idi\u010d autobusu (40) a podez\u0159el\u00fd.<\/span><\/strong><span dir=\"auto\">\u00a0Dvaadvacetilet\u00fd mu\u017e byl p\u0159evezen do nemocnice a do\u010dasn\u011b zadr\u017een. P\u0159edpokl\u00e1d\u00e1 se, \u017ee se jedn\u00e1 o N\u011bmce. Po konzultaci s \u00fa\u0159adem st\u00e1tn\u00edho z\u00e1stupce byl propu\u0161t\u011bn.<\/span><\/p>\n<p><span dir=\"auto\">Krimin\u00e1ln\u00ed policie vy\u0161et\u0159uje pokus o loupe\u017e s p\u0159it\u011b\u017euj\u00edc\u00edmi okolnostmi. Bude tak\u00e9 zkoumat, zda se \u00fato\u010dn\u00edk nach\u00e1zel ve stavu \u201epsychick\u00e9 t\u00edsn\u011b\u201c.<\/span><\/p>\n<p><span dir=\"auto\">Dramati\u010dt\u011bj\u0161\u00ed incident se odehr\u00e1l 1. dubna p\u0159ibli\u017en\u011b v 19 hodin v autobuse \u010d\u00edslo 90:\u00a0<\/span><strong><span dir=\"auto\">Dvaa\u0161edes\u00e1tilet\u00fd \u0159idi\u010d byl napaden t\u0159in\u00e1ctilet\u00fdm ir\u00e1ck\u00fdm chlapcem, kter\u00fd je policii ji\u017e zn\u00e1m\u00fd jako recidivista, pot\u00e9, co po\u017e\u00e1dal skupinu mlad\u00fdch lid\u00ed, v\u010detn\u011b chlapce, aby byli ti\u0161\u0161\u00ed.<\/span><\/strong><span dir=\"auto\">\u00a0Zat\u00edmco\u00a0<\/span><a href=\"https:\/\/www.medienservice.sachsen.de\/medien\/news\/1096097\"><span dir=\"auto\">policejn\u00ed zpr\u00e1va<\/span><\/a><span dir=\"auto\">\u00a0hovo\u0159\u00ed o \u201efyzick\u00e9 poty\u010dce\u201c,\u00a0<\/span><a href=\"https:\/\/www.bild.de\/regional\/leipzig\/leipzig-jugendlicher-13-pruegelt-busfahrer-in-klinik-69cfdc5ecdf80d124bb0d65d\"><span dir=\"auto\">den\u00edk BILD<\/span><\/a><span dir=\"auto\">\u00a0s odvol\u00e1n\u00edm na policejn\u00ed zdroje uvedl, \u017ee \u0159idi\u010d autobusu byl nejm\u00e9n\u011b t\u0159ikr\u00e1t ude\u0159en hlavou. Pot\u00e9 zkolaboval a krv\u00e1cel. Pozd\u011bji mu v nemocnici diagnostikovali mrtvici. Dvaa\u0161edes\u00e1tilet\u00fd mu\u017e podstoupil akutn\u00ed operaci a n\u00e1sledn\u011b upadl do k\u00f3matu.<\/span><\/p>\n<p><span dir=\"auto\">Chlapec se pokusil uprchnout, ale policie ho rychle identifikovala. Vzhledem k tomu, \u017ee mu je pouh\u00fdch 13 let, je nedos\u00e1hl v\u011bku trestn\u00ed odpov\u011bdnosti, a proto mu nehroz\u00ed \u017e\u00e1dn\u00e9 pr\u00e1vn\u00ed n\u00e1sledky. Odd\u011blen\u00ed pro mladistv\u00e9 v Centru pro justici ml\u00e1de\u017ee zah\u00e1jilo vy\u0161et\u0159ov\u00e1n\u00ed tohoto napaden\u00ed, uvedla policie.<\/span><\/p>\n<p><span dir=\"auto\">Tyto dva incidenty ilustruj\u00ed znepokojiv\u00fd trend. N\u00e1sil\u00ed ve ve\u0159ejn\u00e9 doprav\u011b, a to nejen v Lipsku, se zd\u00e1 b\u00fdt nekontrolovateln\u00e9. Zam\u011bstnanci ve\u0159ejn\u00e9 dopravy se st\u00e1le \u010dast\u011bji st\u00e1vaj\u00ed ter\u010dem \u00fatok\u016f \u2013 z trivi\u00e1ln\u00edch d\u016fvod\u016f, z ni\u010deho nic, s \u0161okuj\u00edc\u00ed brutalitou.<\/span><\/p>\n<p><img decoding=\"async\" loading=\"lazy\" class=\"alignnone size-full wp-image-1185\" src=\"http:\/\/www.infokuryr.cz\/n\/wp-content\/uploads\/2021\/04\/kuryr-podpis.png\" alt=\"\" width=\"84\" height=\"24\" \/><\/p>\n<p>&nbsp;<\/p>\n","protected":false},"excerpt":{"rendered":"<p>V Lipsku (Sasko) vyvol\u00e1v\u00e1 n\u011bkolik z\u00e1va\u017en\u00fdch n\u00e1siln\u00fdch \u010din\u016f ve ve\u0159ejn\u00e9 doprav\u011b st\u00e1le v\u011bt\u0161\u00ed obavy. B\u011bhem&#8230;<\/p>\n","protected":false},"author":2,"featured_media":105235,"comment_status":"closed","ping_status":"closed","sticky":false,"template":"","format":"standard","meta":[],"categories":[7],"tags":[369,1300,84,10849],"_links":{"self":[{"href":"https:\/\/www.infokuryr.cz\/n\/wp-json\/wp\/v2\/posts\/105233"}],"collection":[{"href":"https:\/\/www.infokuryr.cz\/n\/wp-json\/wp\/v2\/posts"}],"about":[{"href":"https:\/\/www.infokuryr.cz\/n\/wp-json\/wp\/v2\/types\/post"}],"author":[{"embeddable":true,"href":"https:\/\/www.infokuryr.cz\/n\/wp-json\/wp\/v2\/users\/2"}],"replies":[{"embeddable":true,"href":"https:\/\/www.infokuryr.cz\/n\/wp-json\/wp\/v2\/comments?post=105233"}],"version-history":[{"count":0,"href":"https:\/\/www.infokuryr.cz\/n\/wp-json\/wp\/v2\/posts\/105233\/revisions"}],"wp:featuredmedia":[{"embeddable":true,"href":"https:\/\/www.infokuryr.cz\/n\/wp-json\/wp\/v2\/media\/105235"}],"wp:attachment":[{"href":"https:\/\/www.infokuryr.cz\/n\/wp-json\/wp\/v2\/media?parent=105233"}],"wp:term":[{"taxonomy":"category","embeddable":true,"href":"https:\/\/www.infokuryr.cz\/n\/wp-json\/wp\/v2\/categories?post=105233"},{"taxonomy":"post_tag","embeddable":true,"href":"https:\/\/www.infokuryr.cz\/n\/wp-json\/wp\/v2\/tags?post=105233"}],"curies":[{"name":"wp","href":"https:\/\/api.w.org\/{rel}","templated":true}]}}