{"id":105231,"date":"2026-04-23T00:35:27","date_gmt":"2026-04-22T22:35:27","guid":{"rendered":"https:\/\/www.infokuryr.cz\/n\/?p=105231"},"modified":"2026-04-22T18:42:05","modified_gmt":"2026-04-22T16:42:05","slug":"ministr-obrany-usa-hegseth-osvobodil-vojaky-od-povinneho-ockovani-proti-chripce","status":"publish","type":"post","link":"https:\/\/www.infokuryr.cz\/n\/2026\/04\/23\/ministr-obrany-usa-hegseth-osvobodil-vojaky-od-povinneho-ockovani-proti-chripce\/","title":{"rendered":"Ministr obrany USA Hegseth osvobodil voj\u00e1ky od povinn\u00e9ho o\u010dkov\u00e1n\u00ed proti ch\u0159ipce"},"content":{"rendered":"<div id=\"fb-root\"><\/div>\n<p><strong><span dir=\"auto\">Pr\u00e1vo na t\u011blesnou autonomii m\u00e1 b\u00fdt v americk\u00e9 arm\u00e1d\u011b zru\u0161eno. D\u0159\u00edve povinn\u00e9 o\u010dkov\u00e1n\u00ed proti ch\u0159ipce pro v\u0161echny voj\u00e1ky bude nyn\u00ed dobrovoln\u00e9. Ozn\u00e1mil to americk\u00fd ministr obrany Pete Hegseth. Farmaceutick\u00e1 lobby tento krok ost\u0159e kritizuje a dokonce zva\u017euje pr\u00e1vn\u00ed kroky.<\/span><\/strong><\/p>\n<p><span dir=\"auto\">Pr\u00e1vo na t\u011blesnou autonomii je pro p\u0159\u00edslu\u0161n\u00edky ozbrojen\u00fdch sil USA velmi omezen\u00e9. Od konce druh\u00e9 sv\u011btov\u00e9 v\u00e1lky v roce 1945 zavedla americk\u00e1 arm\u00e1da povinn\u00e9 o\u010dkov\u00e1n\u00ed proti ch\u0159ipce. Od t\u00e9 doby povolovaly odm\u00edtnut\u00ed o\u010dkov\u00e1n\u00ed pouze v\u00fdjimky z l\u00e9ka\u0159sk\u00fdch a n\u00e1bo\u017eensk\u00fdch d\u016fvod\u016f.\u00a0<\/span><a href=\"https:\/\/www.nbcnews.com\/politics\/politics-news\/pete-hegseth-says-us-military-no-longer-requiring-flu-shots-rcna341256\"><span dir=\"auto\">To se v\u0161ak nyn\u00ed zm\u011bnilo<\/span><\/a><span dir=\"auto\"> .<\/span><\/p>\n<p><span dir=\"auto\">Hegsethovo poselstv\u00ed v nov\u00e9m videu na soci\u00e1ln\u00edch s\u00edt\u00edch zn\u00ed:\u00a0<\/span><strong><span dir=\"auto\">\u201eMy\u0161lenka, \u017ee o\u010dkov\u00e1n\u00ed proti ch\u0159ipce by m\u011blo b\u00fdt povinn\u00e9 pro ka\u017ed\u00e9ho voj\u00e1ka, kdekoli, za v\u0161ech okolnost\u00ed a v\u017edy, je prost\u011b p\u0159\u00edli\u0161 extr\u00e9mn\u00ed a zcela iracion\u00e1ln\u00ed.\u201c<\/span><\/strong><span dir=\"auto\">\u00a0Hegseth vrac\u00ed americk\u00fdm vlastenc\u016fm v uniform\u00e1ch jejich z\u00e1kladn\u00ed pr\u00e1va. Ti, kte\u0159\u00ed se cht\u011bj\u00ed nechat o\u010dkovat, tak st\u00e1le mohou u\u010dinit \u2013 ale nikdo k tomu nebude nucen. Zd\u016fvodn\u011bn\u00ed ministra je hymnou na svobodu: \u201eProto\u017ee va\u0161e t\u011blo, va\u0161e v\u00edra a va\u0161e p\u0159esv\u011bd\u010den\u00ed jsou nezpochybniteln\u00e9.\u201c<\/span><\/p>\n<figure class=\"wp-block-embed is-type-rich is-provider-twitter wp-block-embed-twitter\">\n<div class=\"wp-block-embed__wrapper\">\n<div class=\"twitter-tweet twitter-tweet-rendered\"><iframe id=\"twitter-widget-0\" class=\"\" title=\"X P\u0159\u00edsp\u011bvek\" src=\"https:\/\/platform.twitter.com\/embed\/Tweet.html?dnt=true&amp;embedId=twitter-widget-0&amp;features=eyJ0ZndfdGltZWxpbmVfbGlzdCI6eyJidWNrZXQiOltdLCJ2ZXJzaW9uIjpudWxsfSwidGZ3X2ZvbGxvd2VyX2NvdW50X3N1bnNldCI6eyJidWNrZXQiOnRydWUsInZlcnNpb24iOm51bGx9LCJ0ZndfdHdlZXRfZWRpdF9iYWNrZW5kIjp7ImJ1Y2tldCI6Im9uIiwidmVyc2lvbiI6bnVsbH0sInRmd19yZWZzcmNfc2Vzc2lvbiI6eyJidWNrZXQiOiJvbiIsInZlcnNpb24iOm51bGx9LCJ0ZndfZm9zbnJfc29mdF9pbnRlcnZlbnRpb25zX2VuYWJsZWQiOnsiYnVja2V0Ijoib24iLCJ2ZXJzaW9uIjpudWxsfSwidGZ3X21peGVkX21lZGlhXzE1ODk3Ijp7ImJ1Y2tldCI6InRyZWF0bWVudCIsInZlcnNpb24iOm51bGx9LCJ0ZndfZXhwZXJpbWVudHNfY29va2llX2V4cGlyYXRpb24iOnsiYnVja2V0IjoxMjA5NjAwLCJ2ZXJzaW9uIjpudWxsfSwidGZ3X3Nob3dfYmlyZHdhdGNoX3Bpdm90c19lbmFibGVkIjp7ImJ1Y2tldCI6Im9uIiwidmVyc2lvbiI6bnVsbH0sInRmd19kdXBsaWNhdGVfc2NyaWJlc190b19zZXR0aW5ncyI6eyJidWNrZXQiOiJvbiIsInZlcnNpb24iOm51bGx9LCJ0ZndfdXNlX3Byb2ZpbGVfaW1hZ2Vfc2hhcGVfZW5hYmxlZCI6eyJidWNrZXQiOiJvbiIsInZlcnNpb24iOm51bGx9LCJ0ZndfdmlkZW9faGxzX2R5bmFtaWNfbWFuaWZlc3RzXzE1MDgyIjp7ImJ1Y2tldCI6InRydWVfYml0cmF0ZSIsInZlcnNpb24iOm51bGx9LCJ0ZndfbGVnYWN5X3RpbWVsaW5lX3N1bnNldCI6eyJidWNrZXQiOnRydWUsInZlcnNpb24iOm51bGx9LCJ0ZndfdHdlZXRfZWRpdF9mcm9udGVuZCI6eyJidWNrZXQiOiJvbiIsInZlcnNpb24iOm51bGx9fQ%3D%3D&amp;frame=false&amp;hideCard=false&amp;hideThread=false&amp;id=2046646395814224126&amp;lang=cs&amp;origin=https%3A%2F%2Freport24.news%2Fus-verteidigungsminister-hegseth-befreit-soldaten-von-grippe-impfpflicht%2F&amp;sessionId=c6029032673dc906135f0e2f4326193d6df3951f&amp;theme=light&amp;widgetsVersion=2615f7e52b7e0%3A1702314776716&amp;width=550px\" frameborder=\"0\" scrolling=\"no\" allowfullscreen=\"allowfullscreen\" data-tweet-id=\"2046646395814224126\" data-mce-fragment=\"1\"><\/iframe><\/div>\n<\/div>\n<\/figure>\n<p><span dir=\"auto\">Hegsethova sm\u011brnice sice ponech\u00e1v\u00e1 malou mezeru v legislativ\u011b (jednotliv\u00e9 slo\u017eky ozbrojen\u00fdch sil maj\u00ed 15 dn\u00ed na to, aby po\u017e\u00e1daly o zachov\u00e1n\u00ed tohoto po\u017eadavku), ale p\u0159\u00edstup Trumpovy administrativy je nezam\u011bniteln\u00fd: osobn\u00ed odpov\u011bdnost nam\u00edsto vl\u00e1dn\u00edho n\u00e1tlaku. Toto rozhodnut\u00ed je z\u00e1rove\u0148 z\u00fa\u010dtov\u00e1n\u00edm s \u0161\u00edlenstv\u00edm COVID-19 posledn\u00edch let. B\u011bhem pandemie byla ot\u00e1zka povinn\u00e9ho o\u010dkov\u00e1n\u00ed v arm\u00e1d\u011b dovedena do extr\u00e9m\u016f. V\u00edce ne\u017e 8 400 vyznamenan\u00fdch voj\u00e1k\u016f bylo propu\u0161t\u011bno a zbaveno \u017eivobyt\u00ed, proto\u017ee se odm\u00edtli pod\u0159\u00eddit rigidn\u00edmu o\u010dkovac\u00edmu mand\u00e1tu proti COVID-19 z roku 2021. Tis\u00edce dal\u0161\u00edch musely prakticky \u017eebrat o l\u00e9ka\u0159sk\u00e9 nebo n\u00e1bo\u017eensk\u00e9 v\u00fdjimky.<\/span><\/p>\n<p><span dir=\"auto\">P\u0159esto\u017ee Kongres v lednu 2023 zastavil povinn\u00e9 o\u010dkov\u00e1n\u00ed proti COVID-19, \u0161kody u\u017e byly nap\u00e1ch\u00e1ny. Trumpova administrativa se v posledn\u00edch m\u011bs\u00edc\u00edch sna\u017eila tuto nespravedlnost zvr\u00e1tit a nyn\u00ed umo\u017e\u0148uje skaln\u00edm odm\u00edta\u010d\u016fm o\u010dkov\u00e1n\u00ed n\u00e1vrat do slu\u017eby se zp\u011btnou mzdou.<\/span><\/p>\n<p><span dir=\"auto\">Zdravotn\u00ed establishment mezit\u00edm ost\u0159e kritizuje Hegsethovo rozhodnut\u00ed. Poukazuje na \u00fadajn\u011b \u201eobzvl\u00e1\u0161t\u011b z\u00e1va\u017enou\u201c ch\u0159ipkovou sez\u00f3nu a opakuje svou mantru, \u017ee by se ka\u017ed\u00fd star\u0161\u00ed \u0161esti m\u011bs\u00edc\u016f m\u011bl nechat ka\u017edoro\u010dn\u011b o\u010dkovat proti ch\u0159ipce. A to i p\u0159esto, \u017ee vakc\u00edna proti ch\u0159ipce je v\u0161eobecn\u011b\u00a0<\/span><a href=\"https:\/\/report24.news\/cdc-studie-mehrfache-grippeimpfung-erhoeht-infektionsrisiko\/\"><span dir=\"auto\">pova\u017eov\u00e1na za z velk\u00e9 \u010d\u00e1sti zbyte\u010dnou<\/span><\/a><span dir=\"auto\">\u00a0. Farmaceutick\u00e9 firmy na n\u00ed ale vyd\u011bl\u00e1vaj\u00ed slu\u0161n\u00e9 pen\u00edze, tak\u017ee se nyn\u00ed zintenziv\u0148uje lobbistick\u00e9 \u00fasil\u00ed. Dokonce se ji\u017e diskutuje i o \u017ealob\u00e1ch proti Hegsethovu rozhodnut\u00ed.<\/span><\/p>\n<p><img decoding=\"async\" loading=\"lazy\" class=\"alignnone size-full wp-image-1185\" src=\"http:\/\/www.infokuryr.cz\/n\/wp-content\/uploads\/2021\/04\/kuryr-podpis.png\" alt=\"\" width=\"84\" height=\"24\" \/><\/p>\n<p>&nbsp;<\/p>\n","protected":false},"excerpt":{"rendered":"<p>Pr\u00e1vo na t\u011blesnou autonomii m\u00e1 b\u00fdt v americk\u00e9 arm\u00e1d\u011b zru\u0161eno. D\u0159\u00edve povinn\u00e9 o\u010dkov\u00e1n\u00ed proti ch\u0159ipce&#8230;<\/p>\n","protected":false},"author":2,"featured_media":105232,"comment_status":"closed","ping_status":"closed","sticky":false,"template":"","format":"standard","meta":[],"categories":[7],"tags":[213,37,321],"_links":{"self":[{"href":"https:\/\/www.infokuryr.cz\/n\/wp-json\/wp\/v2\/posts\/105231"}],"collection":[{"href":"https:\/\/www.infokuryr.cz\/n\/wp-json\/wp\/v2\/posts"}],"about":[{"href":"https:\/\/www.infokuryr.cz\/n\/wp-json\/wp\/v2\/types\/post"}],"author":[{"embeddable":true,"href":"https:\/\/www.infokuryr.cz\/n\/wp-json\/wp\/v2\/users\/2"}],"replies":[{"embeddable":true,"href":"https:\/\/www.infokuryr.cz\/n\/wp-json\/wp\/v2\/comments?post=105231"}],"version-history":[{"count":0,"href":"https:\/\/www.infokuryr.cz\/n\/wp-json\/wp\/v2\/posts\/105231\/revisions"}],"wp:featuredmedia":[{"embeddable":true,"href":"https:\/\/www.infokuryr.cz\/n\/wp-json\/wp\/v2\/media\/105232"}],"wp:attachment":[{"href":"https:\/\/www.infokuryr.cz\/n\/wp-json\/wp\/v2\/media?parent=105231"}],"wp:term":[{"taxonomy":"category","embeddable":true,"href":"https:\/\/www.infokuryr.cz\/n\/wp-json\/wp\/v2\/categories?post=105231"},{"taxonomy":"post_tag","embeddable":true,"href":"https:\/\/www.infokuryr.cz\/n\/wp-json\/wp\/v2\/tags?post=105231"}],"curies":[{"name":"wp","href":"https:\/\/api.w.org\/{rel}","templated":true}]}}