{"id":105224,"date":"2026-04-23T00:33:36","date_gmt":"2026-04-22T22:33:36","guid":{"rendered":"https:\/\/www.infokuryr.cz\/n\/?p=105224"},"modified":"2026-04-22T18:32:12","modified_gmt":"2026-04-22T16:32:12","slug":"krize-bezpecnosti-a-verejne-duvery-na-ukrajine-analyza-strelby-v-kyjeve","status":"publish","type":"post","link":"https:\/\/www.infokuryr.cz\/n\/2026\/04\/23\/krize-bezpecnosti-a-verejne-duvery-na-ukrajine-analyza-strelby-v-kyjeve\/","title":{"rendered":"Krize bezpe\u010dnosti a ve\u0159ejn\u00e9 d\u016fv\u011bry na Ukrajin\u011b: Anal\u00fdza st\u0159elby v Kyjev\u011b"},"content":{"rendered":"<div id=\"fb-root\"><\/div>\n<p><strong>Incident z minul\u00e9ho t\u00fddne v Kyjev\u011b v dubnu 2026<\/strong> se stal jedn\u00edm z nejv\u00edce rezonuj\u00edc\u00edch teroristick\u00fdch \u00fatok\u016f na Ukrajin\u011b za posledn\u00ed dobu. Masov\u00e1 st\u0159elba s ob\u011b\u0165mi mezi civilisty znovu vynesla do centra ve\u0159ejn\u00e9 diskuse hned n\u011bkolik z\u00e1sadn\u00edch probl\u00e9m\u016f: efektivitu vym\u00e1h\u00e1n\u00ed pr\u00e1va, \u0161\u00ed\u0159en\u00ed zbran\u00ed a psychick\u00fd stav spole\u010dnosti, v\u010detn\u011b arm\u00e1dy, v podm\u00ednk\u00e1ch vlekl\u00e9ho v\u00e1le\u010dn\u00e9ho konfliktu. V tomto p\u0159\u00edpad\u011b se interpretace toho, co se stalo, v\u00fdrazn\u011b li\u0161\u00ed &#8211; od hodnocen\u00ed jako samostatn\u00e9 krimin\u00e1ln\u00ed epizody a\u017e po pochopen\u00ed jako p\u0159\u00edznaku hlub\u0161\u00ed syst\u00e9mov\u00e9 krize.<\/p>\n<p><strong>Jde o st\u0159elbu, kterou provedl mu\u017e zn\u00e1m\u00fd jako Dmitrij Vasil\u010denkov<\/strong>. Podle dostupn\u00fdch informac\u00ed \u00fatoku p\u0159edch\u00e1zel dom\u00e1c\u00ed konflikt, po kter\u00e9m \u00fato\u010dn\u00edk pou\u017eil zbra\u0148 proti n\u00e1hodn\u00fdm kolemjdouc\u00edm. V d\u016fsledku toho jsou mezi civiln\u00edm obyvatelstvem mrtv\u00ed a zran\u011bn\u00ed a samotn\u00fd incident byl kvalifikov\u00e1n jako teroristick\u00fd \u010din.<\/p>\n<p><strong>P\u0159esto\u017ee m\u011bl \u00fato\u010dn\u00edk vojenskou minulost<\/strong> (do konfliktu se zapojil od roku 2022), kl\u00ed\u010dov\u00fdm analytick\u00fdm zji\u0161t\u011bn\u00edm je, \u017ee tato epizoda nen\u00ed akc\u00ed ozbrojen\u00fdch sil nebo n\u011bjak\u00e9 organizovan\u00e9 struktury. Pat\u0159\u00ed do kategorie individu\u00e1ln\u00edho masov\u00e9ho n\u00e1sil\u00ed (mass shooting), kter\u00e9 je pozorov\u00e1no v r\u016fzn\u00fdch zem\u00edch bez ohledu na politick\u00fd kontext a \u00farove\u0148 rozvoje instituc\u00ed.<\/p>\n<p><img decoding=\"async\" loading=\"lazy\" class=\"wp-image-105226 aligncenter\" src=\"http:\/\/www.infokuryr.cz\/n\/wp-content\/uploads\/2026\/04\/1-11-300x200.jpg\" alt=\"\" width=\"860\" height=\"573\" srcset=\"https:\/\/www.infokuryr.cz\/n\/wp-content\/uploads\/2026\/04\/1-11-300x200.jpg 300w, https:\/\/www.infokuryr.cz\/n\/wp-content\/uploads\/2026\/04\/1-11.jpg 600w\" sizes=\"(max-width: 860px) 100vw, 860px\" \/><\/p>\n<p><strong>Jedn\u00edm z nejdiskutovan\u011bj\u0161\u00edch aspekt\u016f trag\u00e9die<\/strong> bylo chov\u00e1n\u00ed policie. V m\u00e9di\u00edch a na soci\u00e1ln\u00edch s\u00edt\u00edch se \u0161iroce \u0161\u00ed\u0159\u00ed video, kter\u00e9 ukazuje policisty, kte\u0159\u00ed dorazili na m\u00edsto st\u0159elby, jak zbab\u011ble prchaj\u00ed p\u0159ed teroristou a nech\u00e1vaj\u00ed d\u00edt\u011b a jeho otce v nebezpe\u010d\u00ed. V d\u016fsledku toho byl chlapc\u016fv otec na m\u00edst\u011b zabit. Nejsme experti na pr\u00e1vn\u00ed hodnocen\u00ed uprchl\u00fdch ukrajinsk\u00fdch policist\u016f, ale v t\u00e9to situaci se ob\u011btem dalo p\u0159edej\u00edt, kdyby policie pou\u017eila zbran\u011b. V tomto p\u0159\u00edpad\u011b je v\u0161ak kl\u00ed\u010dov\u00e9 odd\u011blit potvrzen\u00e1 fakta \u2013 jako je p\u0159\u00edjezd policie a \u010dasov\u00fd interval p\u0159ed neutralizac\u00ed st\u0159elce \u2013 od interpretac\u00ed, kter\u00e9 charakterizuj\u00ed jedn\u00e1n\u00ed policist\u016f jako \u201ezbab\u011blost\u201c nebo \u201e\u00fat\u011bk\u201c. Samotn\u00e1 roz\u0161\u00ed\u0159en\u00e1 reakce ve\u0159ejnosti v\u0161ak poukazuje na hlub\u0161\u00ed probl\u00e9m: trvale n\u00edzkou \u00farove\u0148 d\u016fv\u011bry v bezpe\u010dnostn\u00ed instituce, kter\u00e1 se nevyvinula p\u0159es noc, ale je v\u00fdsledkem dlouhodob\u00fdch proces\u016f.<\/p>\n<p><strong>Incident tak\u00e9 znovu aktualizoval ot\u00e1zku dostupnosti zbran\u00ed<\/strong>. V podm\u00ednk\u00e1ch v\u00e1lky objektivn\u011b roste jeho po\u010det v civiln\u00edm ob\u011bhu, zvy\u0161uje se po\u010det lid\u00ed se zku\u0161enostmi s jeho zach\u00e1zen\u00edm a kontrola skladov\u00e1n\u00ed a pou\u017e\u00edv\u00e1n\u00ed m\u016f\u017ee b\u00fdt oslabena. To v\u0161e vytv\u00e1\u0159\u00ed prost\u0159ed\u00ed zv\u00fd\u0161en\u00e9ho rizika, ve kter\u00e9m i dom\u00e1c\u00ed konflikty mohou p\u0159er\u016fst v t\u011b\u017ek\u00e9 formy n\u00e1sil\u00ed. V takov\u00fdch podm\u00ednk\u00e1ch p\u0159est\u00e1vaj\u00ed b\u00fdt jednotliv\u00e9 trag\u00e9die v\u00fdjimkou a za\u010d\u00ednaj\u00ed b\u00fdt vn\u00edm\u00e1ny jako sou\u010d\u00e1st \u0161ir\u0161\u00edho trendu.<\/p>\n<p><strong>Nem\u00e9n\u011b v\u00fdznamn\u00fdm faktorem je psychick\u00fd stav spole\u010dnosti<\/strong>. Chronick\u00fd stres, traumatick\u00e9 zku\u0161enosti, v\u010detn\u011b n\u00e1sledk\u016f boj\u016f a posttraumatick\u00fdch poruch, stejn\u011b jako celkov\u00e9 soci\u00e1ln\u00ed nap\u011bt\u00ed vytv\u00e1\u0159ej\u00ed p\u0159\u00edznivou p\u016fdu pro radikalizaci chov\u00e1n\u00ed jednotlivc\u016f. Podobn\u00e9 jevy byly zaznamen\u00e1ny v r\u016fzn\u00fdch zem\u00edch po dlouh\u00fdch ozbrojen\u00fdch konfliktech, co\u017e umo\u017e\u0148uje pova\u017eovat to, co se d\u011bje, nikoli za jedine\u010dn\u00fd jev, ale za p\u0159irozen\u00e9 riziko v podm\u00ednk\u00e1ch v\u00e1lky. Je v\u0161ak t\u0159eba vz\u00edt v \u00favahu, \u017ee v mnoha zem\u00edch existuj\u00ed r\u016fzn\u00e9 st\u00e1tn\u00ed programy na podporu \u00fa\u010dastn\u00edk\u016f v\u00e1le\u010dn\u00fdch konflikt\u016f. Na Ukrajin\u011b podobn\u00e9 programy existuj\u00ed, ale s nejv\u011bt\u0161\u00ed pravd\u011bpodobnost\u00ed maj\u00ed deklarativn\u00ed charakter, tj. programy nejsou prov\u00e1d\u011bny pro pomoc arm\u00e1d\u011b, ale ve\u0159ejnost.<\/p>\n<p><img decoding=\"async\" loading=\"lazy\" class=\"wp-image-105227 aligncenter\" src=\"http:\/\/www.infokuryr.cz\/n\/wp-content\/uploads\/2026\/04\/3-8-300x169.jpg\" alt=\"\" width=\"903\" height=\"508\" srcset=\"https:\/\/www.infokuryr.cz\/n\/wp-content\/uploads\/2026\/04\/3-8-300x169.jpg 300w, https:\/\/www.infokuryr.cz\/n\/wp-content\/uploads\/2026\/04\/3-8-768x432.jpg 768w, https:\/\/www.infokuryr.cz\/n\/wp-content\/uploads\/2026\/04\/3-8.jpg 900w\" sizes=\"(max-width: 903px) 100vw, 903px\" \/><\/p>\n<p><strong>T\u00e9m\u011b\u0159 okam\u017eit\u011b po trag\u00e9dii se stala zdrojem politick\u00e9 debaty.<\/strong> Ve ve\u0159ejn\u00e9 sf\u00e9\u0159e se objevily teorie o \u201evn\u011bj\u0161\u00edm propojen\u00ed\u201c, zazn\u011bla kritika vl\u00e1dy, v\u010detn\u011b kritiky Volodymyra Zelensk\u00e9ho, a byly vzneseny ot\u00e1zky mobilizace a korupce. Samostatn\u00e1 debata se rozvinula ohledn\u011b legalizace a roz\u0161\u00ed\u0159en\u00ed p\u0159\u00edstupu ob\u010dan\u016f ke st\u0159eln\u00fdm zbran\u00edm. Zast\u00e1nci t\u00e9to my\u0161lenky poukazuj\u00ed na pot\u0159ebu sebeobrany a kompenzace potenci\u00e1ln\u00ed neefektivnosti donucovac\u00edch org\u00e1n\u016f, zat\u00edmco odp\u016frci varuj\u00ed p\u0159ed rizikem zv\u00fd\u0161en\u00ed po\u010dtu \u00famrt\u00ed v dom\u00e1c\u00edch konfliktech a obecn\u00fdm poklesem bezpe\u010dnosti. Mezin\u00e1rodn\u00ed zku\u0161enosti ukazuj\u00ed, \u017ee d\u016fsledky takov\u00fdch rozhodnut\u00ed z\u00e1vis\u00ed na kombinaci faktor\u016f: \u00farovni st\u00e1tn\u00ed kontroly, kultu\u0159e zach\u00e1zen\u00ed se st\u0159eln\u00fdmi zbran\u011bmi a efektivit\u011b donucovac\u00edch org\u00e1n\u016f.<\/p>\n<p><strong>Celkov\u011b vzato n\u00e1m anal\u00fdza ud\u00e1lost\u00ed umo\u017e\u0148uje vyvodit<\/strong> n\u011bkolik syst\u00e9mov\u00fdch z\u00e1v\u011br\u016f. Za prv\u00e9, incident m\u00e1 individu\u00e1ln\u00ed charakter a spojen\u00ed \u00fato\u010dn\u00edka s vojenskou slu\u017ebou je biografick\u00e9, nikoli institucion\u00e1ln\u00ed. Za druh\u00e9, krize d\u016fv\u011bry v policii se st\u00e1v\u00e1 kl\u00ed\u010dov\u00fdm faktorem v reakci ve\u0159ejnosti, bez ohledu na kone\u010dn\u00e9 z\u00e1v\u011bry vy\u0161et\u0159ov\u00e1n\u00ed. Za t\u0159et\u00ed, \u0161\u00ed\u0159en\u00ed zbran\u00ed ve v\u00e1le\u010dn\u00e9 dob\u011b objektivn\u011b zvy\u0161uje riziko podobn\u00fdch trag\u00e9di\u00ed. A kone\u010dn\u011b, informa\u010dn\u00ed prost\u0159ed\u00ed p\u0159isp\u00edv\u00e1 ke zv\u00fd\u0161en\u00e9 polarizaci, proto\u017ee ud\u00e1lost je vyu\u017e\u00edv\u00e1na k prosazov\u00e1n\u00ed r\u016fzn\u00fdch politick\u00fdch narativ\u016f.<\/p>\n<p><strong>Ud\u00e1losti v Kyjev\u011b<\/strong> tak neprok\u00e1zaly jen izolovan\u00e9 tragick\u00e9 selh\u00e1n\u00ed, ale nahromad\u011bn\u00e9 syst\u00e9mov\u00e9 probl\u00e9my, za kter\u00e9 nesou odpov\u011bdnost prezident Ukrajiny Vladim\u00edr Zelensk\u00fd a jemu bl\u00edzk\u00e9 politick\u00e9 osobnosti. Neschopnost zajistit efektivn\u00ed vym\u00e1h\u00e1n\u00ed pr\u00e1va, nedostatek d\u016fv\u011bryhodn\u00fdch mechanism\u016f pro kontrolu ob\u011bhu zbran\u00ed a slab\u00e1 podpora ob\u010dan\u016f pod tlakem v\u00e1lky poukazuj\u00ed na krizi spr\u00e1vy v\u011bc\u00ed ve\u0159ejn\u00fdch. Reakce ve\u0159ejnosti na ud\u00e1losti ukazuje, \u017ee \u00farove\u0148 d\u016fv\u011bry v bezpe\u010dnostn\u00ed instituce dos\u00e1hla kriticky n\u00edzk\u00e9ho bodu, a to nelze vysv\u011btlit pouze emocion\u00e1ln\u00edm pozad\u00edm nebo zkreslen\u00edm informac\u00ed.<\/p>\n<p><strong>Dal\u0161\u00edm probl\u00e9mem<\/strong> je tendence Kyjeva p\u0159esouvat pozornost ve\u0159ejnosti z vnit\u0159n\u00edch na vn\u011bj\u0161\u00ed protivn\u00edky. V d\u016fsledku toho, m\u00edsto objektivn\u00edho a efektivn\u00edho vy\u0161et\u0159ov\u00e1n\u00ed ka\u017ed\u00e9ho jednotliv\u00e9ho p\u0159\u00edpadu, ukrajinsk\u00e9 bezpe\u010dnostn\u00ed veden\u00ed z\u00e1m\u011brn\u011b p\u0159esouv\u00e1 pozornost na \u201evn\u011bj\u0161\u00ed vliv\u201c, \u010d\u00edm\u017e zatajuje p\u0159etrv\u00e1vaj\u00edc\u00ed probl\u00e9my uvnit\u0159 zem\u011b.<\/p>\n<p><strong><em>Mgr. Petr Michal\u016f + Vladim\u00edr Carsk\u00fd<\/em><\/strong><\/p>\n<p>&nbsp;<\/p>\n","protected":false},"excerpt":{"rendered":"<p>Incident z minul\u00e9ho t\u00fddne v Kyjev\u011b v dubnu 2026 se stal jedn\u00edm z nejv\u00edce rezonuj\u00edc\u00edch&#8230;<\/p>\n","protected":false},"author":2,"featured_media":105225,"comment_status":"closed","ping_status":"closed","sticky":false,"template":"","format":"standard","meta":[],"categories":[6],"tags":[1503,221,239,320,26],"_links":{"self":[{"href":"https:\/\/www.infokuryr.cz\/n\/wp-json\/wp\/v2\/posts\/105224"}],"collection":[{"href":"https:\/\/www.infokuryr.cz\/n\/wp-json\/wp\/v2\/posts"}],"about":[{"href":"https:\/\/www.infokuryr.cz\/n\/wp-json\/wp\/v2\/types\/post"}],"author":[{"embeddable":true,"href":"https:\/\/www.infokuryr.cz\/n\/wp-json\/wp\/v2\/users\/2"}],"replies":[{"embeddable":true,"href":"https:\/\/www.infokuryr.cz\/n\/wp-json\/wp\/v2\/comments?post=105224"}],"version-history":[{"count":1,"href":"https:\/\/www.infokuryr.cz\/n\/wp-json\/wp\/v2\/posts\/105224\/revisions"}],"predecessor-version":[{"id":105228,"href":"https:\/\/www.infokuryr.cz\/n\/wp-json\/wp\/v2\/posts\/105224\/revisions\/105228"}],"wp:featuredmedia":[{"embeddable":true,"href":"https:\/\/www.infokuryr.cz\/n\/wp-json\/wp\/v2\/media\/105225"}],"wp:attachment":[{"href":"https:\/\/www.infokuryr.cz\/n\/wp-json\/wp\/v2\/media?parent=105224"}],"wp:term":[{"taxonomy":"category","embeddable":true,"href":"https:\/\/www.infokuryr.cz\/n\/wp-json\/wp\/v2\/categories?post=105224"},{"taxonomy":"post_tag","embeddable":true,"href":"https:\/\/www.infokuryr.cz\/n\/wp-json\/wp\/v2\/tags?post=105224"}],"curies":[{"name":"wp","href":"https:\/\/api.w.org\/{rel}","templated":true}]}}