{"id":105222,"date":"2026-04-23T00:32:48","date_gmt":"2026-04-22T22:32:48","guid":{"rendered":"https:\/\/www.infokuryr.cz\/n\/?p=105222"},"modified":"2026-04-22T18:28:19","modified_gmt":"2026-04-22T16:28:19","slug":"1223-potencialnich-umrti-v-dusledku-vakciny-kratce-po-schvaleni-institut-paula-ehrlicha-nevidi-zadny-rizikovy-signal","status":"publish","type":"post","link":"https:\/\/www.infokuryr.cz\/n\/2026\/04\/23\/1223-potencialnich-umrti-v-dusledku-vakciny-kratce-po-schvaleni-institut-paula-ehrlicha-nevidi-zadny-rizikovy-signal\/","title":{"rendered":"1223 potenci\u00e1ln\u00edch \u00famrt\u00ed v d\u016fsledku vakc\u00edny kr\u00e1tce po schv\u00e1len\u00ed: Institut Paula Ehrlicha nevid\u00ed \u017e\u00e1dn\u00fd rizikov\u00fd sign\u00e1l"},"content":{"rendered":"<div id=\"fb-root\"><\/div>\n<p><strong><span dir=\"auto\">Kr\u00e1tce po podm\u00edn\u011bn\u00e9m schv\u00e1len\u00ed vakc\u00edny Pfizer proti Covidu po uveden\u00ed na trh popsala zpr\u00e1va 1 223 podez\u0159el\u00fdch \u00famrt\u00ed souvisej\u00edc\u00edch s o\u010dkov\u00e1n\u00edm. B\u00fdval\u00fd toxikolog spole\u010dnosti Pfizer Helmut Sterz to pova\u017eoval za jasn\u00fd sign\u00e1l, \u017ee vakc\u00edna m\u011bla b\u00fdt v t\u00e9 dob\u011b sta\u017eena z trhu, zejm\u00e9na vzhledem k po\u010dtu nehl\u00e1\u0161en\u00fdch p\u0159\u00edpad\u016f. Jak ale v\u00edme, nestalo se tak. Spole\u010dnost Multipolar nyn\u00ed po\u017e\u00e1dala n\u011bmeck\u00fd Institut Paula Ehrlicha (PEI) o posouzen\u00ed t\u00e9to zpr\u00e1vy: PEI nepova\u017euje vysok\u00fd po\u010det hl\u00e1\u0161en\u00fdch podez\u0159el\u00fdch \u00famrt\u00ed po tak kr\u00e1tk\u00e9 dob\u011b za rizikov\u00fd sign\u00e1l.<\/span><\/strong><\/p>\n<p><span dir=\"auto\">Berl\u00edn\/Langen.\u00a0<\/span><a href=\"https:\/\/multipolar-magazin.de\/meldungen\/0401\" target=\"_blank\" rel=\"noreferrer noopener\"><span dir=\"auto\">(multipol\u00e1rn\u00ed)<\/span><\/a><span dir=\"auto\">\u00a0Institut Paula Ehrlicha (PEI) nevid\u00ed\u00a0\u00a0\u00a0\u017e\u00e1dn\u00fd rizikov\u00fd sign\u00e1l\u00a0 v 1 223 hl\u00e1\u0161en\u00edch o podez\u0159en\u00ed na \u00famrt\u00ed v\u00a0<\/span><a href=\"https:\/\/phmpt.org\/wp-content\/uploads\/2021\/11\/5.3.6-postmarketing-experience.pdf\"><span dir=\"auto\">postmarketingov\u00e9 zpr\u00e1v\u011b farmaceutick\u00e9 spole\u010dnosti Pfizer. Zpr\u00e1va se zab\u00fdv\u00e1 prvn\u00edmi t\u0159emi m\u011bs\u00edci po podm\u00edn\u011bn\u00e9m schv\u00e1len\u00ed vakc\u00edny Comirnaty od spole\u010dnosti BioNTech\/Pfizer (1. prosince 2020 a\u017e 28. \u00fanora 2021). Helmut Sterz, b\u00fdval\u00fd\u00a0<\/span><\/a><a href=\"https:\/\/multipolar-magazin.de\/meldungen\/0349\"><span dir=\"auto\">hlavn\u00ed toxikolog<\/span><\/a><span dir=\"auto\">\u00a0\u00a0spole\u010dnosti Pfizer, b\u011bhem sv\u00e9ho\u00a0\u00a0<\/span><a href=\"https:\/\/www.bundestag.de\/ausschuesse\/weitere_gremien\/ee01\/anhoerungen\/1150882-1150882\"><span dir=\"auto\">sly\u0161en\u00ed<\/span><\/a><span dir=\"auto\">\u00a0\u00a0p\u0159ed komis\u00ed pro vy\u0161et\u0159ov\u00e1n\u00ed koronaviru v b\u0159eznu s odkazem na tuto zpr\u00e1vu uvedl: \u201eComirnaty m\u011bla b\u00fdt sta\u017eena z trhu nejpozd\u011bji do t\u00e9 doby.\u201c PEI je feder\u00e1ln\u00ed org\u00e1n v N\u011bmecku odpov\u011bdn\u00fd za schvalov\u00e1n\u00ed a sledov\u00e1n\u00ed\u00a0\u00a0<\/span><a href=\"https:\/\/multipolar-magazin.de\/artikel\/safevac-daten-geheim\"><span dir=\"auto\">bezpe\u010dnosti<\/span><\/a><span dir=\"auto\">\u00a0vakc\u00edn \u00a0. V reakci na dotaz spole\u010dnosti Multipolar institut uvedl: \u201eKdyby existoval rizikov\u00fd sign\u00e1l \u2013 nap\u0159\u00edklad pozd\u011bj\u0161\u00ed sign\u00e1l myokarditidy \u2013 byl by vy\u0161et\u0159en a transparentn\u011b nahl\u00e1\u0161en.\u201c<\/span><\/p>\n<p><span dir=\"auto\">Institut Paula Ehrlicha (PEI) zd\u016fraznil pro Multipolar \u010dasov\u00e9 obdob\u00ed, na kter\u00e9 se zpr\u00e1va vztahuje. V prvn\u00edch t\u0159ech m\u011bs\u00edc\u00edch byla \u201eup\u0159ednost\u0148ov\u00e1na vysoce rizikov\u00e1 skupina pacient\u016f\u201c, v\u010detn\u011b osob ve v\u011bku 80 let a star\u0161\u00edch a obyvatel domov\u016f d\u016fchodc\u016f. U star\u0161\u00edch osob a osob s ji\u017e existuj\u00edc\u00edmi onemocn\u011bn\u00edmi je v\u00fdskyt \u00famrt\u00ed statisticky pravd\u011bpodobn\u011bj\u0161\u00ed ne\u017e u mlad\u0161\u00edch osob. \u010casov\u00e1 bl\u00edzkost k o\u010dkov\u00e1n\u00ed \u201eautomaticky neznamen\u00e1 kauz\u00e1ln\u00ed vztah s o\u010dkov\u00e1n\u00edm\u201c. Hl\u00e1\u0161eny jsou pouze podez\u0159en\u00ed na ne\u017e\u00e1douc\u00ed \u00fa\u010dinky, kter\u00e9 \u201eje t\u0159eba d\u00e1le vy\u0161et\u0159it\u201c. Pro v\u00fdpo\u010det \u010detnosti je d\u00e1le d\u016fle\u017eit\u00e9 vzt\u00e1hnout m\u00edru hl\u00e1\u0161en\u00ed ne\u017e\u00e1douc\u00edho \u00fa\u010dinku k po\u010dtu podan\u00fdch d\u00e1vek.<\/span><\/p>\n<p><span dir=\"auto\">V rozhovoru pro Multipolar Sterz zd\u016fraznil, \u017ee p\u0159ibli\u017en\u011b 30 procent p\u0159\u00edpad\u016f registrovan\u00fdch ve zpr\u00e1v\u011b spole\u010dnosti Pfizer bylo z\u00e1va\u017en\u00fdch. Uvedl v\u0161ak, \u017ee celkov\u011b je \u201ezaznamen\u00e1no maxim\u00e1ln\u011b deset procent vedlej\u0161\u00edch \u00fa\u010dink\u016f souvisej\u00edc\u00edch s o\u010dkov\u00e1n\u00edm\u201c. Hl\u00e1\u0161en\u00e1 podez\u0159en\u00ed na \u00famrt\u00ed jsou proto \u201epouze \u0161pi\u010dkou ledovce\u201c. Po vy\u0161et\u0159ov\u00e1n\u00ed toxikolog a expert Komise pro vy\u0161et\u0159ov\u00e1n\u00ed koronaviru\u00a0\u00a0<\/span><a href=\"https:\/\/www.youtube.com\/watch?v=T4fgoW5Ls2s\"><span dir=\"auto\">ozna\u010dil<\/span><\/a><span dir=\"auto\">\u00a0\u00a0v\u00edce ne\u017e 1 000 podez\u0159el\u00fdch \u00famrt\u00ed ve zpr\u00e1v\u011b spole\u010dnosti Pfizer za \u201e\u0161okuj\u00edc\u00ed a zcela nep\u0159ijateln\u00e9 \u010d\u00edslo vzhledem ke skute\u010dn\u00e9mu rozsahu probl\u00e9mu\u201c. Pouk\u00e1zal tak\u00e9 na to, \u017ee americk\u00fd \u00da\u0159ad pro kontrolu potravin a l\u00e9\u010div (FDA) \u2013 ekvivalent n\u011bmeck\u00e9ho Institutu Paula Ehrlicha (PEI) \u2013 a spole\u010dnost Pfizer m\u011bly v \u00famyslu utajit \u201ed\u016fle\u017eit\u00e9 informace\u201c obsa\u017een\u00e9 ve zpr\u00e1v\u011b po dobu 50 let. Tyto informace byly n\u00e1sledn\u011b z\u00edsk\u00e1ny pr\u00e1vn\u00ed cestou.<\/span><\/p>\n<p><span dir=\"auto\">B\u011bhem sv\u00e9ho sly\u0161en\u00ed p\u0159ed vy\u0161et\u0159ovac\u00ed komis\u00ed Sterz rovn\u011b\u017e zm\u00ednil v\u00edce ne\u017e 2 133 podez\u0159el\u00fdch \u00famrt\u00ed\u00a0\u00a0<\/span><a href=\"https:\/\/www.pei.de\/SharedDocs\/Downloads\/DE\/newsroom\/bulletin-arzneimittelsicherheit\/einzelartikel\/2025-covid-19.pdf\"><span dir=\"auto\">hl\u00e1\u0161en\u00fdch<\/span><\/a><span dir=\"auto\">\u00a0Institutu Paula Ehrlicha (PEI) v letech 2020 a\u017e 2024 po o\u010dkov\u00e1n\u00ed vakc\u00ednou Comirnaty \u00a0. Pouk\u00e1zal tak\u00e9 na \u201evysok\u00fd po\u010det nehl\u00e1\u0161en\u00fdch p\u0159\u00edpad\u016f\u201c vypl\u00fdvaj\u00edc\u00ed z\u00a0\u00a0<\/span><a href=\"https:\/\/multipolar-magazin.de\/meldungen\/0324\"><span dir=\"auto\">nedostate\u010dn\u00e9ho hl\u00e1\u0161en\u00ed<\/span><\/a><span dir=\"auto\">\u00a0\u00a0podez\u0159el\u00fdch p\u0159\u00edpad\u016f v t\u011bchto \u201espont\u00e1nn\u00edch hl\u00e1\u0161en\u00edch\u201c. V\u00a0\u00a0<\/span><a href=\"https:\/\/kirschsubstack.com\/p\/vaers-myths-busted\"><span dir=\"auto\">USA<\/span><\/a><span dir=\"auto\">\u00a0se p\u0159edpokl\u00e1d\u00e1 \u00a0faktor\u00a0\u00a0<\/span><a href=\"https:\/\/publichealthpolicyjournal.com\/critical-appraisal-of-vaers-pharmacovigilance-is-the-u-s-vaccine-adverse-events-reporting-system-vaers-a-functioning-pharmacovigilance-system\/\"><span dir=\"auto\">nedostate\u010dn\u00e9ho hl\u00e1\u0161en\u00ed 30<\/span><\/a><span dir=\"auto\"> \u00a0, kter\u00fdm by se registrovan\u00e9 p\u0159\u00edpady musely vyn\u00e1sobit, vysv\u011btlil Sterz. Pro N\u011bmecko by to odpov\u00eddalo 60 000 podez\u0159el\u00fdm \u00famrt\u00edm v d\u016fsledku o\u010dkov\u00e1n\u00ed vakc\u00ednou Comirnaty.<\/span><\/p>\n<p><span dir=\"auto\">\u201eBulletin o bezpe\u010dnosti l\u00e9\u010div\u201c z roku 2017, vydan\u00fd Feder\u00e1ln\u00edm institutem pro l\u00e9\u010diva a zdravotnick\u00e9 prost\u0159edky a Institutem Paula Ehrlicha (PEI),\u00a0\u00a0<\/span><a href=\"https:\/\/www.pei.de\/SharedDocs\/Downloads\/DE\/newsroom\/bulletin-arzneimittelsicherheit\/2017\/1-2017.pdf?__blob=publicationFile&amp;v=2\"><span dir=\"auto\">uv\u00e1d\u00ed<\/span><\/a><span dir=\"auto\">\u00a0\u00a0, \u017ee podle odhad\u016f je hl\u00e1\u0161eno pouze \u201ep\u011bt a\u017e deset procent\u201c z\u00e1va\u017en\u00fdch ne\u017e\u00e1douc\u00edch \u00fa\u010dink\u016f l\u00e9k\u016f (ADR), v\u010detn\u011b podez\u0159en\u00ed na \u00famrt\u00ed. Virolog Alexander Kekul\u00e9 \u0159\u00edk\u00e1, \u017ee\u00a0 n\u011bkolik studi\u00ed\u00a0<\/span><a href=\"https:\/\/www.cicero.de\/innenpolitik\/corona-impfschaden-paul-ehrlich-institut\"><span dir=\"auto\">potvrdilo<\/span><\/a><span dir=\"auto\">\u00a0\u00a0celkovou \u201en\u00edzkou m\u00edru hl\u00e1\u0161en\u00ed p\u011bt a\u017e patn\u00e1ct procent\u201c po cel\u00e1 l\u00e9ta. Na z\u00e1klad\u011b t\u011bchto \u010d\u00edsel by se o\u010dek\u00e1val faktor podhodnocen\u00ed a\u017e 20. To by vedlo k v\u00edce ne\u017e 40 000 podez\u0159el\u00fdm \u00famrt\u00edm po o\u010dkov\u00e1n\u00ed vakc\u00ednou Comiraty. V rozhovoru pro Multipolar Sterz zd\u016fraz\u0148uje, \u017ee \u201ei faktor 20 by byl pro preventivn\u00ed l\u00e9\u010dbu zdrav\u00fdch, a zejm\u00e9na mlad\u00fdch lid\u00ed zcela nep\u0159ijateln\u00fd\u201c. PEI se k t\u011bmto \u010d\u00edsl\u016fm a v\u00fdpo\u010dt\u016fm odm\u00edtl vyj\u00e1d\u0159it, kdy\u017e byl o to po\u017e\u00e1d\u00e1n.<\/span><\/p>\n<p><span dir=\"auto\">Matematik Robert Rockenfeller z Univerzity v Koblenzi, nez\u00e1visl\u00fd v\u011bdec Falk M\u00f6rl a fyzik Michael G\u00fcnther (Univerzita ve Stuttgartu) ve\u00a0\u00a0<\/span><a href=\"https:\/\/www.researchgate.net\/publication\/376332168_How_Many_Deaths_Can_Statistically_Be_Attributed_to_Anti-SARS-CoV-2_Injections_An_Analysis_of_German_Health_Data_from_2021\"><span dir=\"auto\">studii<\/span><\/a><span dir=\"auto\">\u00a0\u00a0n\u011bmeck\u00fdch zdravotn\u00edch dat za rok 2021 vypo\u010d\u00edtali, \u017ee nejlep\u0161\u00ed odhad je p\u0159ibli\u017en\u011b 17 000 \u00famrt\u00ed b\u011bhem kr\u00e1tkodob\u00e9ho pozorovac\u00edho obdob\u00ed 50 dn\u016f po posledn\u00edm o\u010dkov\u00e1n\u00ed proti COVID-19. V rozhovoru\u00a0\u00a0<\/span><a href=\"https:\/\/www.barucker.press\/p\/corona-zahlen-rockenfeller\"><span dir=\"auto\">s<\/span><\/a><span dir=\"auto\">\u00a0\u00a0novin\u00e1\u0159em Bastianem Baruckerem Rockenfeller zd\u016fraznil, \u017ee tito lid\u00e9 zem\u0159eli \u201ena n\u00e1sledky o\u010dkov\u00e1n\u00ed\u201c a nikoli \u201ev \u010dasov\u00e9 souvislosti\u201c s n\u00edm. Toto \u010d\u00edslo je \u201eskute\u010dn\u011b absolutn\u00ed spodn\u00ed hranic\u00ed. Sp\u00ed\u0161e mluv\u00edme o v\u00edce ne\u017e 30 000,\u201c vysv\u011btlil Rockenfeller. Institut Paula Ehrlicha (PEI) se k t\u011bmto \u010d\u00edsl\u016fm odm\u00edtl vyj\u00e1d\u0159it, kdy\u017e jej kontaktovala spole\u010dnost Multipolar.<\/span><\/p>\n<p><span dir=\"auto\">V jin\u00e9 recenzovan\u00e9\u00a0\u00a0<\/span><a href=\"https:\/\/journals.plos.org\/plosone\/article?id=10.1371\/journal.pone.0334884\"><span dir=\"auto\">studii<\/span><\/a><span dir=\"auto\">\u00a0\u00a0o \u00famrtnosti v N\u011bmecku v letech 2000 a\u017e 2024 dosp\u011bli Rockenfeller a G\u00fcnther k z\u00e1v\u011bru, \u017ee od podzimu 2021 dosp\u011bl\u00e1 populace ve v\u011bku 35 a\u017e 49 let zaznamenala trval\u00fd a opakuj\u00edc\u00ed se n\u00e1r\u016fst nadm\u011brn\u00e9 \u00famrtnosti. Tento sign\u00e1l byl v t\u00e9to v\u011bkov\u00e9 skupin\u011b pops\u00e1n jako \u201ehistoricky bezprecedentn\u00ed\u201c. Vzhledem k \u201e\u010dasov\u00e9 bl\u00edzkosti mezi t\u011bmito anom\u00e1liemi \u00famrtnosti a celost\u00e1tn\u00edm zaveden\u00edm vakc\u00edn s mRNA proti SARS-CoV-2\u201c v\u011bdci mimo jin\u00e9 vyzvali k \u201ed\u016fkladn\u00e9 kontrole ze strany zdravotnick\u00fdch org\u00e1n\u016f\u201c. Institut Paula Ehrlicha (PEI) reagoval na zpr\u00e1vu Multipolaru n\u00e1sleduj\u00edc\u00edm prohl\u00e1\u0161en\u00edm: \u201eStejn\u011b jako u v\u0161ech ostatn\u00edch vakc\u00edn nekon\u010d\u00ed sledov\u00e1n\u00ed bezpe\u010dnosti l\u00e9\u010div u vakc\u00edn proti COVID-19 schv\u00e1len\u00edm, ale pokra\u010duje nep\u0159etr\u017eit\u011b.\u201c Zn\u00e1m\u00e9 ne\u017e\u00e1douc\u00ed \u00fa\u010dinky vakc\u00edn jsou uvedeny v p\u0159\u00edslu\u0161n\u00fdch informac\u00edch o produktu. \u201eJsou vy\u0161et\u0159ov\u00e1ny d\u0159\u00edve nezn\u00e1m\u00e9 potenci\u00e1ln\u00ed ne\u017e\u00e1douc\u00ed \u00fa\u010dinky \u2013 sign\u00e1ly.\u201c<\/span><\/p>\n<p><em><span dir=\"auto\">\u010cl\u00e1nek je reprintem <\/span><a id=\"https:\/\/multipolar-magazin.de\/meldungen\/0401\" href=\"https:\/\/multipolar-magazin.de\/meldungen\/0401\" type=\"link\"><span dir=\"auto\">zpr\u00e1vy Multipolar<\/span><\/a><span dir=\"auto\">\u00a0<\/span><\/em><\/p>\n<p>&nbsp;<\/p>\n","protected":false},"excerpt":{"rendered":"<p>Kr\u00e1tce po podm\u00edn\u011bn\u00e9m schv\u00e1len\u00ed vakc\u00edny Pfizer proti Covidu po uveden\u00ed na trh popsala zpr\u00e1va 1&#8230;<\/p>\n","protected":false},"author":2,"featured_media":105223,"comment_status":"closed","ping_status":"closed","sticky":false,"template":"","format":"standard","meta":[],"categories":[7],"tags":[23,84,523,651],"_links":{"self":[{"href":"https:\/\/www.infokuryr.cz\/n\/wp-json\/wp\/v2\/posts\/105222"}],"collection":[{"href":"https:\/\/www.infokuryr.cz\/n\/wp-json\/wp\/v2\/posts"}],"about":[{"href":"https:\/\/www.infokuryr.cz\/n\/wp-json\/wp\/v2\/types\/post"}],"author":[{"embeddable":true,"href":"https:\/\/www.infokuryr.cz\/n\/wp-json\/wp\/v2\/users\/2"}],"replies":[{"embeddable":true,"href":"https:\/\/www.infokuryr.cz\/n\/wp-json\/wp\/v2\/comments?post=105222"}],"version-history":[{"count":0,"href":"https:\/\/www.infokuryr.cz\/n\/wp-json\/wp\/v2\/posts\/105222\/revisions"}],"wp:featuredmedia":[{"embeddable":true,"href":"https:\/\/www.infokuryr.cz\/n\/wp-json\/wp\/v2\/media\/105223"}],"wp:attachment":[{"href":"https:\/\/www.infokuryr.cz\/n\/wp-json\/wp\/v2\/media?parent=105222"}],"wp:term":[{"taxonomy":"category","embeddable":true,"href":"https:\/\/www.infokuryr.cz\/n\/wp-json\/wp\/v2\/categories?post=105222"},{"taxonomy":"post_tag","embeddable":true,"href":"https:\/\/www.infokuryr.cz\/n\/wp-json\/wp\/v2\/tags?post=105222"}],"curies":[{"name":"wp","href":"https:\/\/api.w.org\/{rel}","templated":true}]}}