{"id":105218,"date":"2026-04-23T00:30:55","date_gmt":"2026-04-22T22:30:55","guid":{"rendered":"https:\/\/www.infokuryr.cz\/n\/?p=105218"},"modified":"2026-04-22T18:23:28","modified_gmt":"2026-04-22T16:23:28","slug":"hrozi-velka-katastrofa-iranske-varovani-pres-tasnim-hormuzsky-pruliv-se-stava-digitalni-pasti-17-kabelu-30-svetoveho-datoveho-provozu","status":"publish","type":"post","link":"https:\/\/www.infokuryr.cz\/n\/2026\/04\/23\/hrozi-velka-katastrofa-iranske-varovani-pres-tasnim-hormuzsky-pruliv-se-stava-digitalni-pasti-17-kabelu-30-svetoveho-datoveho-provozu\/","title":{"rendered":"Hroz\u00ed velk\u00e1 katastrofa: \u00cdr\u00e1nsk\u00e9 varov\u00e1n\u00ed p\u0159es Tasn\u00edm \u2013 Hormuzsk\u00fd pr\u016fliv se st\u00e1v\u00e1 digit\u00e1ln\u00ed past\u00ed (17 kabel\u016f, 30 % sv\u011btov\u00e9ho datov\u00e9ho provozu)"},"content":{"rendered":"<div id=\"fb-root\"><\/div>\n<p><span dir=\"auto\">Digit\u00e1ln\u00ed atomov\u00e1 bomba: Co se stane, kdy\u017e \u00cdr\u00e1n od\u0159\u00edzne glob\u00e1ln\u00ed internet?<\/span><\/p>\n<p><strong><span dir=\"auto\">Nejd\u0159\u00edve ropn\u00e1 blok\u00e1da, nyn\u00ed hrozba kabelov\u00e9 televize \u2013 Persk\u00fd z\u00e1liv se st\u00e1v\u00e1 digit\u00e1ln\u00ed palebnou lini\u00ed.<\/span><\/strong><\/p>\n<p><span dir=\"auto\">Poloofici\u00e1ln\u00ed tiskov\u00e1 agentura Tasnim, kter\u00e1 m\u00e1 bl\u00edzko k \u00edr\u00e1nsk\u00fdm revolu\u010dn\u00edm gard\u00e1m, vydala\u00a0<\/span><a href=\"https:\/\/www.voiceofemirates.com\/en\/news\/2026\/04\/22\/the-revolutionary-guard-threatens-to-cut-off-the-internet-lifeline-to-the-arabian-gulf\/\" target=\"_blank\" rel=\"noreferrer noopener\" data-type=\"link\" data-id=\"https:\/\/www.voiceofemirates.com\/en\/news\/2026\/04\/22\/the-revolutionary-guard-threatens-to-cut-off-the-internet-lifeline-to-the-arabian-gulf\/\"><span dir=\"auto\">alarmuj\u00edc\u00ed varov\u00e1n\u00ed<\/span><\/a><span dir=\"auto\">\u00a0: Podmo\u0159sk\u00e9 optick\u00e9 kabely v Hormuzsk\u00e9m pr\u016flivu p\u0159edstavuj\u00ed pro st\u00e1ty Persk\u00e9ho z\u00e1livu \u201ev\u00e1\u017enou zranitelnost\u201c. Sd\u011blen\u00ed je jednozna\u010dn\u00e9: V p\u0159\u00edpad\u011b konfliktu by tyto \u017eivotn\u011b d\u016fle\u017eit\u00e9 datov\u00e9 linky mohly b\u00fdt p\u0159eru\u0161eny.<\/span><\/p>\n<p><span dir=\"auto\">Tato hrozba se neobjevila z ni\u010deho nic. Je to logick\u00e1 reakce \u00cdr\u00e1nu na zp\u0159\u00edsn\u011bnou americkou blok\u00e1du v Persk\u00e9m z\u00e1livu \u2013 a zam\u011b\u0159uje se na zraniteln\u00e9 m\u00edsto, kter\u00e9 v\u011bt\u0161ina lid\u00ed zcela p\u0159ehl\u00ed\u017e\u00ed. Zat\u00edmco se sv\u011bt zam\u011b\u0159uje na ropn\u00e9 tankery a v\u00e1le\u010dn\u00e9 lod\u011b, skute\u010dn\u00e1 Achillova pata na\u0161\u00ed doby ti\u0161e a neviditeln\u011b le\u017e\u00ed na mo\u0159sk\u00e9m dn\u011b.<\/span><\/p>\n<div class=\"twitter-tweet twitter-tweet-rendered\"><iframe id=\"twitter-widget-0\" class=\"\" title=\"X Post\" src=\"https:\/\/platform.twitter.com\/embed\/Tweet.html?dnt=false&amp;embedId=twitter-widget-0&amp;features=eyJ0ZndfdGltZWxpbmVfbGlzdCI6eyJidWNrZXQiOltdLCJ2ZXJzaW9uIjpudWxsfSwidGZ3X2ZvbGxvd2VyX2NvdW50X3N1bnNldCI6eyJidWNrZXQiOnRydWUsInZlcnNpb24iOm51bGx9LCJ0ZndfdHdlZXRfZWRpdF9iYWNrZW5kIjp7ImJ1Y2tldCI6Im9uIiwidmVyc2lvbiI6bnVsbH0sInRmd19yZWZzcmNfc2Vzc2lvbiI6eyJidWNrZXQiOiJvbiIsInZlcnNpb24iOm51bGx9LCJ0ZndfZm9zbnJfc29mdF9pbnRlcnZlbnRpb25zX2VuYWJsZWQiOnsiYnVja2V0Ijoib24iLCJ2ZXJzaW9uIjpudWxsfSwidGZ3X21peGVkX21lZGlhXzE1ODk3Ijp7ImJ1Y2tldCI6InRyZWF0bWVudCIsInZlcnNpb24iOm51bGx9LCJ0ZndfZXhwZXJpbWVudHNfY29va2llX2V4cGlyYXRpb24iOnsiYnVja2V0IjoxMjA5NjAwLCJ2ZXJzaW9uIjpudWxsfSwidGZ3X3Nob3dfYmlyZHdhdGNoX3Bpdm90c19lbmFibGVkIjp7ImJ1Y2tldCI6Im9uIiwidmVyc2lvbiI6bnVsbH0sInRmd19kdXBsaWNhdGVfc2NyaWJlc190b19zZXR0aW5ncyI6eyJidWNrZXQiOiJvbiIsInZlcnNpb24iOm51bGx9LCJ0ZndfdXNlX3Byb2ZpbGVfaW1hZ2Vfc2hhcGVfZW5hYmxlZCI6eyJidWNrZXQiOiJvbiIsInZlcnNpb24iOm51bGx9LCJ0ZndfdmlkZW9faGxzX2R5bmFtaWNfbWFuaWZlc3RzXzE1MDgyIjp7ImJ1Y2tldCI6InRydWVfYml0cmF0ZSIsInZlcnNpb24iOm51bGx9LCJ0ZndfbGVnYWN5X3RpbWVsaW5lX3N1bnNldCI6eyJidWNrZXQiOnRydWUsInZlcnNpb24iOm51bGx9LCJ0ZndfdHdlZXRfZWRpdF9mcm9udGVuZCI6eyJidWNrZXQiOiJvbiIsInZlcnNpb24iOm51bGx9fQ%3D%3D&amp;frame=false&amp;hideCard=false&amp;hideThread=false&amp;id=2046935242066595906&amp;lang=cs&amp;origin=https%3A%2F%2Funcutnews.ch%2Fsuper-gau-droht-iranische-warnung-via-tasnim-strasse-von-hormus-wird-zur-digitalen-falle-17-kabel-30-des-welt-datenverkehrs%2F&amp;sessionId=c51b4afdd451f944a615dbed5f885c68ef4751c1&amp;theme=light&amp;widgetsVersion=2615f7e52b7e0%3A1702314776716&amp;width=550px\" frameborder=\"0\" scrolling=\"no\" allowfullscreen=\"allowfullscreen\" data-tweet-id=\"2046935242066595906\" data-mce-fragment=\"1\"><\/iframe><\/div>\n<h2 class=\"wp-block-heading\"><span dir=\"auto\">Tich\u00e1 tepna globalizace<\/span><\/h2>\n<p><span dir=\"auto\">Hormuzsk\u00fdm pr\u016flivem proch\u00e1z\u00ed nejm\u00e9n\u011b\u00a0<\/span><strong><span dir=\"auto\">17 kritick\u00fdch podmo\u0159sk\u00fdch kabelov\u00fdch syst\u00e9m\u016f<\/span><\/strong><span dir=\"auto\">\u00a0[Zdroj: TeleGeography, 2025]. Jm\u00e9na jako AAE-1, FALCON, SEA-ME-WE 5 a 6 nebo 2Africa Pearls provozovan\u00e9 spole\u010dnost\u00ed Meta \u2013 tvo\u0159\u00ed neviditelnou p\u00e1te\u0159 digit\u00e1ln\u00edho sv\u011bta. Spolu s trasami p\u0159es Rud\u00e9 mo\u0159e p\u0159epravuj\u00ed:<\/span><\/p>\n<ul>\n<li><strong><span dir=\"auto\">17\u201330 % glob\u00e1ln\u00edho datov\u00e9ho provozu<\/span><\/strong><\/li>\n<li><span dir=\"auto\">V n\u011bkter\u00fdch koridorech Asie-Evropa-Afrika dokonce\u00a0<\/span><strong><span dir=\"auto\">a\u017e 95 %<\/span><\/strong><\/li>\n<\/ul>\n<p><span dir=\"auto\">\u00datok na tyto kabely by nebyl region\u00e1ln\u00edm incidentem. Bylo by to\u00a0<\/span><strong><span dir=\"auto\">digit\u00e1ln\u00ed vyhl\u00e1\u0161en\u00ed v\u00e1lky cel\u00e9 modern\u00ed civilizaci<\/span><\/strong><span dir=\"auto\">\u00a0.<\/span><\/p>\n<h2 class=\"wp-block-heading\"><span dir=\"auto\">D\u016fsledky: Digit\u00e1ln\u00ed kolaps<\/span><\/h2>\n<p><span dir=\"auto\">Pokud by \u00cdr\u00e1n svou hrozbu naplnil, n\u00e1sledky by byly zni\u010duj\u00edc\u00ed \u2013 a to nejen pro oblast Persk\u00e9ho z\u00e1livu.<\/span><\/p>\n<h3 class=\"wp-block-heading\"><span dir=\"auto\">Glob\u00e1ln\u00ed dopad<\/span><\/h3>\n<figure class=\"wp-block-table\">\n<table class=\"has-fixed-layout\">\n<thead>\n<tr>\n<th><span dir=\"auto\">Posti\u017een\u00e1 oblast<\/span><\/th>\n<th><span dir=\"auto\">Specifick\u00fd d\u016fsledek<\/span><\/th>\n<\/tr>\n<\/thead>\n<tbody>\n<tr>\n<td><strong><span dir=\"auto\">Internetov\u00fd provoz<\/span><\/strong><\/td>\n<td><span dir=\"auto\">P\u0159ibli\u017en\u011b\u00a0<\/span><strong><span dir=\"auto\">jedna t\u0159etina glob\u00e1ln\u00edho datov\u00e9ho provozu<\/span><\/strong><span dir=\"auto\">\u00a0mezi Evropou, Asi\u00ed, Bl\u00edzk\u00fdm v\u00fdchodem a Afrikou by se zhroutila.<\/span><\/td>\n<\/tr>\n<tr>\n<td><strong><span dir=\"auto\">Doba opravy<\/span><\/strong><\/td>\n<td><strong><span dir=\"auto\">M\u011bs\u00edce, ne hodiny<\/span><\/strong><span dir=\"auto\">\u00a0\u2013 opravy v aktivn\u00ed bojov\u00e9 z\u00f3n\u011b jsou extr\u00e9mn\u011b nebezpe\u010dn\u00e9 a n\u00e1kladn\u00e9.<\/span><\/td>\n<\/tr>\n<tr>\n<td><strong><span dir=\"auto\">Obj\u00ed\u017e\u010fky<\/span><\/strong><\/td>\n<td><span dir=\"auto\">Alternativn\u00ed trasy (nap\u0159. p\u0159es Pacifik) maj\u00ed omezenou kapacitu \u2013 v\u00fdsledkem by byly masivn\u00ed n\u00e1r\u016fsty latence a omezen\u00ed \u0161\u00ed\u0159ky p\u00e1sma.<\/span><\/td>\n<\/tr>\n<tr>\n<td><strong><span dir=\"auto\">Pr\u00e1vn\u00ed situace<\/span><\/strong><\/td>\n<td><span dir=\"auto\">Takov\u00fd \u00fatok by v podstat\u011b znamenal vyhl\u00e1\u0161en\u00ed v\u00e1lky mezin\u00e1rodn\u00edmu spole\u010denstv\u00ed \u2013 Pa\u0159\u00ed\u017esk\u00e1 \u00famluva z roku 1884 zakazuje po\u0161kozov\u00e1n\u00ed podmo\u0159sk\u00fdch kabel\u016f.<\/span><\/td>\n<\/tr>\n<\/tbody>\n<\/table>\n<\/figure>\n<h3 class=\"wp-block-heading\"><span dir=\"auto\">Ekonomick\u00e9 d\u016fsledky<\/span><\/h3>\n<p><span dir=\"auto\">Ekonomick\u00fd dopad by byl\u00a0<\/span><strong><span dir=\"auto\">okam\u017eit\u00fd a ohro\u017euj\u00edc\u00ed \u017eivoty<\/span><\/strong><span dir=\"auto\">\u00a0:<\/span><\/p>\n<ul>\n<li><strong><span dir=\"auto\">Finan\u010dn\u00ed transakce<\/span><\/strong><span dir=\"auto\">\u00a0: Banky, burzy a platebn\u00ed syst\u00e9my by\u00a0<\/span><strong><span dir=\"auto\">se zastavily<\/span><\/strong><span dir=\"auto\">\u00a0\u2013 denn\u011b se prost\u0159ednictv\u00edm t\u011bchto kabel\u016f zpracov\u00e1vaj\u00ed transakce v hodnot\u011b bilion\u016f dolar\u016f.<\/span><\/li>\n<li><strong><span dir=\"auto\">Cloudov\u00e9 slu\u017eby<\/span><\/strong><span dir=\"auto\">\u00a0: AWS, Microsoft Azure a Google Cloud zaznamenaly\u00a0v cel\u00e9m regionu\u00a0<\/span><strong><span dir=\"auto\">masivn\u00ed v\u00fdpadky .<\/span><\/strong><\/li>\n<li><strong><span dir=\"auto\">Infrastruktura um\u011bl\u00e9 inteligence<\/span><\/strong><span dir=\"auto\">\u00a0: Centra um\u011bl\u00e9 inteligence v SAE a Sa\u00fadsk\u00e9 Ar\u00e1bii by byla\u00a0<\/span><strong><span dir=\"auto\">od\u0159\u00edznuta od okoln\u00edho sv\u011bta.<\/span><\/strong><\/li>\n<li><strong><span dir=\"auto\">Dodavatelsk\u00e9 \u0159et\u011bzce<\/span><\/strong><span dir=\"auto\">\u00a0: Koordinace glob\u00e1ln\u00edch dodavatelsk\u00fdch \u0159et\u011bzc\u016f v re\u00e1ln\u00e9m \u010dase by\u00a0<\/span><strong><span dir=\"auto\">se zhroutila.<\/span><\/strong><\/li>\n<\/ul>\n<h3 class=\"wp-block-heading\"><span dir=\"auto\">Obzvl\u00e1\u0161t\u011b posti\u017eena: Indie<\/span><\/h3>\n<p><span dir=\"auto\">Indie by byla\u00a0<\/span><strong><span dir=\"auto\">zasa\u017eena nejh\u016f\u0159e<\/span><\/strong><span dir=\"auto\">\u00a0:<\/span><\/p>\n<figure class=\"wp-block-table\">\n<table class=\"has-fixed-layout\">\n<thead>\n<tr>\n<th><span dir=\"auto\">indik\u00e1tor<\/span><\/th>\n<th><span dir=\"auto\">Hodnota<\/span><\/th>\n<\/tr>\n<\/thead>\n<tbody>\n<tr>\n<td><span dir=\"auto\">Indick\u00fd internetov\u00fd provoz v regionu<\/span><\/td>\n<td><strong><span dir=\"auto\">60 %<\/span><\/strong><span dir=\"auto\">\u00a0dopravy mezi Bombajem a Evropou<\/span><\/td>\n<\/tr>\n<tr>\n<td><span dir=\"auto\">Indick\u00e9 kabelov\u00e9 p\u0159ist\u00e1vac\u00ed stanice<\/span><\/td>\n<td><strong><span dir=\"auto\">17 kabel\u016f<\/span><\/strong><span dir=\"auto\">\u00a0na 14 stanic\u00edch<\/span><\/td>\n<\/tr>\n<tr>\n<td><span dir=\"auto\">Ekonomick\u00e9 d\u016fsledky<\/span><\/td>\n<td><span dir=\"auto\">Ekonomick\u00e1 nouze prvn\u00edho\u00a0<\/span><strong><span dir=\"auto\">\u0159\u00e1du<\/span><\/strong><span dir=\"auto\">\u00a0pro IT sektor<\/span><\/td>\n<\/tr>\n<\/tbody>\n<\/table>\n<\/figure>\n<p><span dir=\"auto\">Indick\u00e1 vl\u00e1da ji\u017e reagovala: Ministerstvo telekomunikac\u00ed na\u0159\u00eddilo poskytovatel\u016fm\u00a0<\/span><strong><span dir=\"auto\">, aby identifikovali alternativn\u00ed trasy<\/span><\/strong><span dir=\"auto\">\u00a0[Zdroj: Reuters, duben 2026].<\/span><\/p>\n<h3 class=\"wp-block-heading\"><span dir=\"auto\">Technologi\u010dt\u00ed giganti jsou na palb\u011b<\/span><\/h3>\n<p><span dir=\"auto\">Hyperscalery jsou\u00a0<\/span><strong><span dir=\"auto\">p\u0159\u00edmo ovlivn\u011bny<\/span><\/strong><span dir=\"auto\">\u00a0a ji\u017e reaguj\u00ed:<\/span><\/p>\n<ul>\n<li><strong><span dir=\"auto\">Spole\u010dnost Meta ji\u017e\u00a0<\/span><\/strong><span dir=\"auto\"><strong>pozastavila<\/strong>\u00a0pr\u00e1ce na syst\u00e9mu\u00a0<\/span><strong><span dir=\"auto\">2Africa Pearls<\/span><\/strong><span dir=\"auto\">\u00a0(propojuj\u00edc\u00edm st\u00e1ty Persk\u00e9ho z\u00e1livu, P\u00e1kist\u00e1n a Indii)\u00a0[Zdroj: Bloomberg, duben 2026]<\/span><\/li>\n<li><strong><span dir=\"auto\">Google a Meta<\/span><\/strong><span dir=\"auto\">\u00a0aktivovaly\u00a0nouzov\u00e9\u00a0<\/span><strong><span dir=\"auto\">pl\u00e1ny p\u0159esm\u011brov\u00e1n\u00ed.<\/span><\/strong><\/li>\n<li><strong><span dir=\"auto\">Spole\u010dnost Alcatel Submarine Networks<\/span><\/strong><span dir=\"auto\">\u00a0(Nokia) zaslala\u00a0z\u00e1kazn\u00edk\u016fm\u00a0<\/span><strong><span dir=\"auto\">ozn\u00e1men\u00ed o vy\u0161\u0161\u00ed moci .<\/span><\/strong><\/li>\n<li><span dir=\"auto\">Instala\u010dn\u00ed lo\u010f kotv\u00ed u Damm\u00e1mu (Sa\u00fadsk\u00e1 Ar\u00e1bie)\u00a0<\/span><strong><span dir=\"auto\">kv\u016fli bezpe\u010dnostn\u00ed situaci.<\/span><\/strong><\/li>\n<\/ul>\n<h3 class=\"wp-block-heading\"><span dir=\"auto\">Vojensk\u00fd rozm\u011br<\/span><\/h3>\n<p><span dir=\"auto\">Kabely nejsou ur\u010deny pouze pro civiln\u00ed \u00fa\u010dely \u2013 podporuj\u00ed tak\u00e9:<\/span><\/p>\n<ul>\n<li><strong><span dir=\"auto\">Vojensk\u00e1 komunikace v re\u00e1ln\u00e9m \u010dase<\/span><\/strong><span dir=\"auto\">\u00a0, v\u010detn\u011b\u00a0<\/span><strong><span dir=\"auto\">koordinace dron\u016f<\/span><\/strong><span dir=\"auto\">\u00a0a\u00a0<\/span><strong><span dir=\"auto\">protivzdu\u0161n\u00e9 obrany<\/span><\/strong><\/li>\n<li><strong><span dir=\"auto\">Komunikace americk\u00e9 flotily<\/span><\/strong><span dir=\"auto\">\u00a0v\u00a0Persk\u00e9m z\u00e1livu<\/span><\/li>\n<\/ul>\n<p><span dir=\"auto\">IRGC ji\u017e dala jasn\u011b najevo: Tato infrastruktura\u00a0<\/span><strong><span dir=\"auto\">\u201enebude u\u0161et\u0159ena\u201c<\/span><\/strong><span dir=\"auto\">\u00a0[Zdroj: Tasnim, 22.04.2026]. I\u00a0<\/span><strong><span dir=\"auto\">po skon\u010den\u00ed boj\u016f<\/span><\/strong><span dir=\"auto\">\u00a0budou n\u00e1mo\u0159n\u00ed miny a nevybuchl\u00e1 munice\u00a0<\/span><strong><span dir=\"auto\">masivn\u011b komplikovat<\/span><\/strong><span dir=\"auto\">\u00a0opravy .<\/span><\/p>\n<h3 class=\"wp-block-heading\"><span dir=\"auto\">Ochutn\u00e1vka toho, co p\u0159ijde: Katastrofa z roku 2008<\/span><\/h3>\n<p><span dir=\"auto\">Nebezpe\u010d\u00ed nen\u00ed hypotetick\u00e9.\u00a0<\/span><strong><span dir=\"auto\">V roce 2008<\/span><\/strong><span dir=\"auto\">\u00a0bylo u pob\u0159e\u017e\u00ed Egypta p\u0159e\u0159\u00edznuto osm podmo\u0159sk\u00fdch kabel\u016f \u2013 v t\u00e9 dob\u011b se na t\u00fddny zhroutilo\u00a0<\/span><strong><span dir=\"auto\">70\u201380 % provozu mezi Bl\u00edzk\u00fdm v\u00fdchodem a Evropou<\/span><\/strong><span dir=\"auto\">\u00a0[Zdroj: TeleGeography]. Jedin\u00e1 nehoda paralyzovala digit\u00e1ln\u00ed provoz mezi dv\u011bma kontinenty.<\/span><\/p>\n<p><span dir=\"auto\">\u00damysln\u00fd, st\u00e1tem \u0159\u00edzen\u00fd \u00fatok na tucet kabel\u016f sou\u010dasn\u011b by p\u0159edstavoval\u00a0<\/span><strong><span dir=\"auto\">zcela nov\u00fd rozm\u011br<\/span><\/strong><span dir=\"auto\">\u00a0\u2013 v\u00fdpadky by trvaly m\u011bs\u00edce, nikoli t\u00fddny.<\/span><\/p>\n<h2 class=\"wp-block-heading\"><span dir=\"auto\">Z\u00e1v\u011br: Zranitelnost digit\u00e1ln\u00edho v\u011bku<\/span><\/h2>\n<p><span dir=\"auto\">Varov\u00e1n\u00ed Tasn\u00edmu nen\u00ed plan\u00e1 r\u00e9torika. \u00cdr\u00e1n jasn\u011b signalizuje:\u00a0<\/span><strong><span dir=\"auto\">Hormuzsk\u00fd pr\u016fliv nen\u00ed jen \u00fazk\u00fdm hrdlem pro ropn\u00e9 tankery \u2013 ale tak\u00e9 pro v\u00e1\u0161 internet, va\u0161e finance, va\u0161e cloudov\u00e9 v\u00fdpo\u010dty a va\u0161i um\u011blou inteligenci.<\/span><\/strong><\/p>\n<p><span dir=\"auto\">Ti, kdo blok\u00e1du zintenzivn\u00ed, riskuj\u00ed digit\u00e1ln\u00ed v\u00fdpadek cel\u00e9ho regionu \u2013 s celosv\u011btov\u00fdm dominov\u00fdm efektem.<\/span><\/p>\n<p><span dir=\"auto\">Technologi\u010dt\u00ed giganti se p\u0159ipravuj\u00ed. Indick\u00e1 vl\u00e1da hled\u00e1 \u0159e\u0161en\u00ed. Poji\u0161t\u011bn\u00ed podmo\u0159sk\u00fdch kabel\u016f u\u017e zdra\u017eilo. Bude to ale v\u0161echno sta\u010dit, pokud budou kabely skute\u010dn\u011b p\u0159e\u0159\u00edznuty?<\/span><\/p>\n<p><strong><span dir=\"auto\">Odpov\u011b\u010f zn\u00ed: Ne.<\/span><\/strong><\/p>\n<p><em><span dir=\"auto\">\u00datok na kabely by nebyl jen dal\u0161\u00ed ranou v region\u00e1ln\u00edm konfliktu. Byl by to \u00fatok na digit\u00e1ln\u00ed DNA 21. stolet\u00ed. A na to nejsme p\u0159ipraveni.<\/span><\/em><\/p>\n<p><strong><span dir=\"auto\">ZDROJE:<\/span><\/strong><\/p>\n<ul>\n<li><strong><span dir=\"auto\">CBS News Detroit:<\/span><\/strong><span dir=\"auto\">\u00a0\u201e\u00cdr\u00e1n \u00fato\u010d\u00ed na lod\u011b v Hormuzsk\u00e9m pr\u016flivu\u201c \u2013 22. dubna 2026<\/span><br \/>\n<a href=\"https:\/\/www.cbsnews.com\/detroit\/live-updates\/iran-war-trump-ceasefire-strait-hormuz-ship-attacked-us-military-buildup\/\" target=\"_blank\" rel=\"noopener noreferrer\"><span dir=\"auto\">https:\/\/www.cbsnews.com\/detroit\/live-updates\/iran-war-trump-ceasefire-strait-hormuz-ship-attacked-us-military-buildup\/<\/span><\/a><\/li>\n<li><strong><span dir=\"auto\">Hlas Emirates:<\/span><\/strong><span dir=\"auto\">\u00a0\u201eRevolu\u010dn\u00ed garda hroz\u00ed p\u0159eru\u0161en\u00edm internetov\u00e9ho spojen\u00ed\u201c \u2013 22. dubna 2026<\/span><br \/>\n<a href=\"https:\/\/www.voiceofemirates.com\/en\/news\/2026\/04\/22\/the-revolutionary-guard-threatens-to-cut-off-the-internet-lifeline-to-the-arabian-gulf\/\" target=\"_blank\" rel=\"noopener noreferrer\"><span dir=\"auto\">https:\/\/www.voiceofemirates.com\/en\/news\/2026\/04\/22\/the-revolutionary-guard-threatens-to-cut-off-the-internet-lifeline-to-the-arabian-gulf\/<\/span><\/a><\/li>\n<li><strong><span dir=\"auto\">\u683c\u9686\u6c47 (Gelonghui):<\/span><\/strong><span dir=\"auto\">\u00a0\u201e\u00cdr\u00e1nsk\u00e1 m\u00e9dia tvrd\u00ed, \u017ee kabely z Hormuzsk\u00e9ho pr\u016flivu jsou ohro\u017eeny\u201c \u2013 22. dubna 2026<\/span><br \/>\n<a href=\"https:\/\/dxpress.gelonghui.com\/live\/2415076\" target=\"_blank\" rel=\"noopener noreferrer\"><span dir=\"auto\">https:\/\/dxpress.gelonghui.com\/live\/2415076<\/span><\/a><\/li>\n<li><strong><span dir=\"auto\">The Economic Times:<\/span><\/strong><span dir=\"auto\">\u00a0\u201eTelekomunika\u010dn\u00ed spole\u010dnosti se orientuj\u00ed v rizic\u00edch podmo\u0159sk\u00fdch kabel\u016f\u201c \u2013 27. b\u0159ezna 2026<\/span><br \/>\n<a href=\"https:\/\/m.economictimes.com\/industry\/telecom\/telecom-news\/telcos-navigate-subsea-cable-risks-centre-asks-for-analysis-fallback-options-as-war-rages\/amp_articleshow\/129833542.cms\" target=\"_blank\" rel=\"noopener noreferrer\"><span dir=\"auto\">https:\/\/m.economictimes.com\/industry\/telecom\/telecom-news\/telcos-navigate-subsea-cable-risks-centre-asks-for-analysis-fallback-options-as-war-rages\/amp_articleshow\/129833542.cms<\/span><\/a><\/li>\n<li><strong><span dir=\"auto\">TechSpot:<\/span><\/strong><span dir=\"auto\">\u00a0\u201ePodmo\u0159sk\u00fd kabelov\u00fd projekt spole\u010dnosti Meta v Persk\u00e9m z\u00e1livu zpo\u017ed\u011bn\u201c \u2013 13. b\u0159ezna 2026<\/span><br \/>\n<a href=\"https:\/\/www.techspot.com\/news\/111677-meta-massive-undersea-cable-project-delayed-persian-gulf.html\" target=\"_blank\" rel=\"noopener noreferrer\"><span dir=\"auto\">https:\/\/www.techspot.com\/news\/111677-meta-massive-undersea-cable-project-delayed-persian-gulf.html<\/span><\/a><\/li>\n<li><strong><span dir=\"auto\">La Tribune (Francie):<\/span><\/strong><span dir=\"auto\">\u00a0\u201eProjet de num\u00e9rique koridor Afrique-Golfe-Asie suspendu\u201c \u2013 16. b\u0159ezna 2026<\/span><br \/>\n<a href=\"https:\/\/www.latribune.fr\/article\/afrique\/4154027892185614\/fibre-optique-le-projet-de-corridor-numerique-afrique-golfe-asie-suspendu-par-le-conflit-au-moyen-orient\" target=\"_blank\" rel=\"noopener noreferrer\"><span dir=\"auto\">https:\/\/www.latribune.fr\/article\/afrique\/4154027892185614\/fibre-optique-le-projet-de-corridor-numerique-afrique-golfe-asie-suspendu-par-le-conflit-au-moyen-orient<\/span><\/a><\/li>\n<li><strong><span dir=\"auto\">Reuters:<\/span><\/strong><span dir=\"auto\">\u00a0\u201eP\u0159eru\u0161en\u00ed kabel\u016f na Bl\u00edzk\u00fd v\u00fdchod naru\u0161uje internet\u201c \u2013 19. prosince 2008<\/span><br \/>\n<a href=\"https:\/\/www.reuters.com\/article\/business\/media-telecom\/breaks-in-cables-to-middle-east-disrupt-internet-idUSLJ548725\/\" target=\"_blank\" rel=\"noopener noreferrer\"><span dir=\"auto\">https:\/\/www.reuters.com\/article\/business\/media-telecom\/breaks-in-cables-to-middle-east-disrupt-internet-idUSLJ548725\/<\/span><\/a><\/li>\n<li><strong><span dir=\"auto\">FAO \/ TeleGeography:<\/span><\/strong><span dir=\"auto\">\u00a0Glob\u00e1ln\u00ed datov\u00e1 sada o podmo\u0159sk\u00fdch kabelech \u2013 2025<\/span><br \/>\n<a href=\"https:\/\/data.apps.fao.org\/catalog\/iso\/3905afa0-dc1a-4e36-9a65-e3ac50f503e5\" target=\"_blank\" rel=\"noopener noreferrer\"><span dir=\"auto\">https:\/\/data.apps.fao.org\/catalog\/iso\/3905afa0-dc1a-4e36-9a65-e3ac50f503e5<\/span><\/a><\/li>\n<\/ul>\n<p>&nbsp;<\/p>\n","protected":false},"excerpt":{"rendered":"<p>Digit\u00e1ln\u00ed atomov\u00e1 bomba: Co se stane, kdy\u017e \u00cdr\u00e1n od\u0159\u00edzne glob\u00e1ln\u00ed internet? Nejd\u0159\u00edve ropn\u00e1 blok\u00e1da, nyn\u00ed&#8230;<\/p>\n","protected":false},"author":2,"featured_media":105219,"comment_status":"closed","ping_status":"closed","sticky":false,"template":"","format":"standard","meta":[],"categories":[7],"tags":[647,38,5822,8707,276],"_links":{"self":[{"href":"https:\/\/www.infokuryr.cz\/n\/wp-json\/wp\/v2\/posts\/105218"}],"collection":[{"href":"https:\/\/www.infokuryr.cz\/n\/wp-json\/wp\/v2\/posts"}],"about":[{"href":"https:\/\/www.infokuryr.cz\/n\/wp-json\/wp\/v2\/types\/post"}],"author":[{"embeddable":true,"href":"https:\/\/www.infokuryr.cz\/n\/wp-json\/wp\/v2\/users\/2"}],"replies":[{"embeddable":true,"href":"https:\/\/www.infokuryr.cz\/n\/wp-json\/wp\/v2\/comments?post=105218"}],"version-history":[{"count":0,"href":"https:\/\/www.infokuryr.cz\/n\/wp-json\/wp\/v2\/posts\/105218\/revisions"}],"wp:featuredmedia":[{"embeddable":true,"href":"https:\/\/www.infokuryr.cz\/n\/wp-json\/wp\/v2\/media\/105219"}],"wp:attachment":[{"href":"https:\/\/www.infokuryr.cz\/n\/wp-json\/wp\/v2\/media?parent=105218"}],"wp:term":[{"taxonomy":"category","embeddable":true,"href":"https:\/\/www.infokuryr.cz\/n\/wp-json\/wp\/v2\/categories?post=105218"},{"taxonomy":"post_tag","embeddable":true,"href":"https:\/\/www.infokuryr.cz\/n\/wp-json\/wp\/v2\/tags?post=105218"}],"curies":[{"name":"wp","href":"https:\/\/api.w.org\/{rel}","templated":true}]}}