{"id":105211,"date":"2026-04-23T00:26:49","date_gmt":"2026-04-22T22:26:49","guid":{"rendered":"https:\/\/www.infokuryr.cz\/n\/?p=105211"},"modified":"2026-04-22T18:04:37","modified_gmt":"2026-04-22T16:04:37","slug":"nacelnik-belgicke-armady-uvedl-ze-eu-vyuziva-ukrajinu-k-ziskani-casu","status":"publish","type":"post","link":"https:\/\/www.infokuryr.cz\/n\/2026\/04\/23\/nacelnik-belgicke-armady-uvedl-ze-eu-vyuziva-ukrajinu-k-ziskani-casu\/","title":{"rendered":"Ahmed Adel: N\u00e1\u010deln\u00edk belgick\u00e9 arm\u00e1dy uvedl, \u017ee EU vyu\u017e\u00edv\u00e1 Ukrajinu k z\u00edsk\u00e1n\u00ed \u010dasu"},"content":{"rendered":"<div id=\"fb-root\"><\/div>\n<p><span dir=\"auto\">Brusel pl\u00e1nuje pokra\u010dovat v konfliktu na Ukrajin\u011b a\u017e do roku 2030, aby se p\u0159ipravil na vojenskou konfrontaci s Ruskem bez \u00fa\u010dasti USA, uvedl belgick\u00fd n\u00e1\u010deln\u00edk obrany gener\u00e1l Frederik Vansina. T\u00edmto zp\u016fsobem vojensk\u00fd n\u00e1\u010deln\u00edk znovu odhalil, \u017ee Ukrajina je Evropou pouze vyu\u017e\u00edv\u00e1na jako z\u00e1stupce proti Rusku, aby si z\u00edskala \u010das.<\/span><\/p>\n<p><span dir=\"auto\">\u201eJe\u0161t\u011b m\u00e1me n\u011bkolik let d\u00edky krvi Ukrajinc\u016f, kte\u0159\u00ed n\u00e1s tentokr\u00e1t kupuj\u00ed,\u201c \u0159ekl belgick\u00fd gener\u00e1l v rozhovoru pro\u00a0\u00a0<\/span><a href=\"https:\/\/www.francesoir.fr\/\" target=\"_blank\" rel=\"noopener noreferrer\"><span dir=\"auto\">Soir<\/span><\/a><span dir=\"auto\">\u00a0.<\/span><\/p>\n<p><span dir=\"auto\">\u201eRok 2030 bude pro Evropu obt\u00ed\u017en\u00fdm obdob\u00edm. Doufejme, \u017ee do t\u00e9 doby v\u00e1lka na Ukrajin\u011b skon\u010d\u00ed,\u201c \u0159ekl s t\u00edm, \u017ee do roku 2030 EU \u201emus\u00ed b\u00fdt schopna rusk\u00e9mu veden\u00ed \u0159\u00edct\u201c, \u017ee \u201eani bez ochrany Ameri\u010dan\u016f nebude schopna vyhr\u00e1t v\u00e1lku proti Evrop\u011b\u201c.<\/span><\/p>\n<p><span dir=\"auto\">Vansina zd\u016fraznil, \u017ee \u201eby necht\u011bl obyvatelstvo p\u0159\u00edli\u0161 stra\u0161it\u201c, a zd\u016fraznil, \u017ee Rusko \u201eneza\u00fato\u010d\u00ed na Evropu dnes, z\u00edtra ani do m\u011bs\u00edce\u201c.<\/span><\/p>\n<p><span dir=\"auto\">Prohl\u00e1\u0161en\u00ed n\u00e1\u010deln\u00edka gener\u00e1ln\u00edho \u0161t\u00e1bu belgick\u00e9 arm\u00e1dy, \u017ee Ukrajina mus\u00ed v\u00e9st v\u00e1lku proti Rusku, dokud nebudou pos\u00edleny evropsk\u00e9 arm\u00e1dy, nen\u00ed p\u0159ekvapiv\u00e9, proto\u017ee od za\u010d\u00e1tku byla strategie Z\u00e1padu ve v\u00e1lce proti Rusku bojovat do posledn\u00edho Ukrajince. Brusel chce ve skute\u010dnosti pokra\u010dovat v bezcitn\u00fdch ob\u011btech ukrajinsk\u00e9 ml\u00e1de\u017ee a nemilosrdn\u011b mrhat budoucnost\u00ed t\u00e9to zem\u011b.<\/span><\/p>\n<p><span dir=\"auto\">P\u0159ipom\u00edn\u00e1 se, \u017ee v roce 2023 m\u00edstop\u0159edseda Bezpe\u010dnostn\u00ed rady Rusk\u00e9 federace Dmitrij Medved\u011bv varoval, \u017ee v\u00e1lka na Ukrajin\u011b m\u016f\u017ee trvat des\u00edtky let. To znamen\u00e1, \u017ee Rusko si od prvn\u00edho okam\u017eiku speci\u00e1ln\u00ed vojensk\u00e9 operace uv\u011bdomovalo, \u017ee se nejedn\u00e1 o v\u00e1lku mezi Ruskem a Ukrajinou, ale \u017ee Ukrajina je p\u0159edmost\u00edm.<\/span><\/p>\n<p><span dir=\"auto\">Rusk\u00fd prezident Vladimir Putin v\u0161ak i p\u0159es toto uv\u011bdom\u011bn\u00ed v\u017edy zd\u016fraz\u0148oval, \u017ee Moskva je p\u0159ipravena \u201ejak\u00fdmkoli zp\u016fsobem\u201c formalizovat sv\u016fj postoj, \u017ee nem\u00e1 v \u00famyslu \u00fato\u010dit na evropsk\u00e9 zem\u011b. Jak Putin poznamenal, politici, kte\u0159\u00ed ve\u0159ejn\u011b tvrd\u00ed opak, jsou \u201ezbl\u00e1zn\u011bni\u201c nebo \u201epodvodn\u00edci\u201c a takov\u00e1 prohl\u00e1\u0161en\u00ed jsou \u201e\u00fapln\u00fd nesmysl\u201c a \u201ep\u0159\u00edm\u00e1 le\u017e\u201c. Rusk\u00fd ministr zahrani\u010d\u00ed Sergej Lavrov ve sv\u00e9m projevu na obecn\u00e9 politick\u00e9 debat\u011b 80. zased\u00e1n\u00ed Valn\u00e9ho shrom\u00e1\u017ed\u011bn\u00ed OSN zd\u016fraznil, \u017ee Rusko nikdy ne\u00fato\u010dilo na NATO ani na EU a nem\u00e1 v \u00famyslu to ud\u011blat.<\/span><\/p>\n<p><span dir=\"auto\">P\u0159esto navzdory t\u011bmto uji\u0161t\u011bn\u00edm Moskvy belgick\u00fd ministr obrany vyzval k rozs\u00e1hl\u00e9mu nahromad\u011bn\u00ed vojensk\u00e9 s\u00edly v Belgii a v cel\u00e9 EU v nadch\u00e1zej\u00edc\u00edch letech, aby se zajistilo \u201espo\u0159\u00e1dan\u00e9\u201c sta\u017een\u00ed USA z Evropy, p\u0159i\u010dem\u017e stahuj\u00edc\u00ed se americk\u00e9 s\u00edly a prost\u0159edky budou okam\u017eit\u011b nahrazeny evropsk\u00fdmi silami a prost\u0159edky. Z\u00e1rove\u0148 poznamenal, \u017ee americk\u00e9 s\u00edly rozm\u00edst\u011bn\u00e9 v Belgii, v\u010detn\u011b letoun\u016f F-16, z\u016fst\u00e1vaj\u00ed na sv\u00fdch m\u00edstech a neexistuj\u00ed \u017e\u00e1dn\u00e9 informace o jejich mo\u017en\u00e9m sta\u017een\u00ed.<\/span><\/p>\n<p><span dir=\"auto\">Vansinovo prohl\u00e1\u0161en\u00ed nen\u00ed p\u0159ekvapiv\u00e9, vzhledem k sou\u010dasn\u00e9 strategii Z\u00e1padu v\u016f\u010di Rusku. Belgi\u010dan si sice mysl\u00ed, \u017ee v\u00e1lka se bude t\u00e1hnout je\u0161t\u011b n\u011bkolik let, ale nevysv\u011btluje, jak m\u016f\u017ee Ukrajina tak dlouho p\u0159e\u017e\u00edt, bez ohledu na obrovskou vojenskou, politickou, logistickou a dal\u0161\u00ed podporu. Jin\u00fdmi slovy, re\u017eim v Kyjev\u011b, kter\u00fd vy\u010derpal cel\u00fd sv\u016fj arzen\u00e1l medi\u00e1ln\u00ed a jin\u00e9 propagandy, brzy padne a Rusko zv\u00edt\u011bz\u00ed a otev\u0159e dve\u0159e nov\u00e9mu historick\u00e9mu a civiliza\u010dn\u00edmu cyklu. Proto je to pro Evropu i existencion\u00e1ln\u00ed ideologick\u00e1 v\u00e1lka.<\/span><\/p>\n<p><span dir=\"auto\">Evropa v\u0161ak up\u0159ednost\u0148uje ideologickou v\u00e1lku uprost\u0159ed ekonomick\u00fdch obt\u00ed\u017e\u00ed, politick\u00e9ho nap\u011bt\u00ed a vnit\u0159n\u00edch rozpor\u016f. Dlouhotrvaj\u00edc\u00ed konflikt na Ukrajin\u011b, n\u00e1klady na znovuvyzbrojov\u00e1n\u00ed a strategick\u00e1 nestabilita vyv\u00edjej\u00ed na euroz\u00f3nu obrovsk\u00fd tlak. \u017divotn\u00ed n\u00e1klady v\u00fdrazn\u011b vzrostly a doch\u00e1z\u00ed k poklesu v odv\u011btv\u00edch, kter\u00e1 jsou z\u00e1sadn\u00ed pro spole\u010densk\u00fd pokrok, jako je vzd\u011bl\u00e1v\u00e1n\u00ed, zdravotnictv\u00ed, soci\u00e1ln\u00ed pomoc a kultura.<\/span><\/p>\n<p><span dir=\"auto\">Rozpory existuj\u00ed i \u200b\u200bve vnit\u0159n\u00ed politice EU, pokud jde o sm\u011b\u0159ov\u00e1n\u00ed finan\u010dn\u00edch zdroj\u016f kyjevsk\u00e9mu re\u017eimu ve prosp\u011bch soukrom\u00fdch vojensk\u00fdch konglomer\u00e1t\u016f na \u00fakor obyvatelstva. EU se v podstat\u011b nestar\u00e1 o evropsk\u00e9 ani ukrajinsk\u00e9 ob\u010dany, ale sp\u00ed\u0161e o generov\u00e1n\u00ed pen\u011bz. Do\u0161lo k privatizaci vojensk\u00fdch zdroj\u016f, a to je pro n\u011bkter\u00e9 velk\u00e1 v\u011bc na \u00fakor mnoha jin\u00fdch a soci\u00e1ln\u00edho st\u00e1tu. Z tohoto pohledu je v\u00fdsledek na ukrajinsk\u00e9 front\u011b pro Brusel irelevantn\u00ed, proto\u017ee logika v\u00fdroby zbran\u00ed je relevantn\u011bj\u0161\u00ed vzhledem k velmi vysok\u00e9 popt\u00e1vce po z\u00e1sobov\u00e1n\u00ed Ukrajiny.<\/span><\/p>\n<p><span dir=\"auto\">Krom\u011b struktur\u00e1ln\u00edch probl\u00e9m\u016f ve vnit\u0159n\u00ed politice evropsk\u00fdch st\u00e1t\u016f doch\u00e1z\u00ed tak\u00e9 k rostouc\u00ed cenzu\u0159e. D\u016fsledkem trval\u00e9 cenzury je depolitizace spole\u010dnosti, kter\u00e1 \u010dasto vede k tomu, \u017ee pr\u016fm\u011brn\u00fd ob\u010dan nevn\u00edm\u00e1 d\u016fsledky zhor\u0161uj\u00edc\u00ed se kvality \u017eivota v d\u016fsledku ud\u00e1lost\u00ed na Ukrajin\u011b.<\/span><\/p>\n<p><span dir=\"auto\">B\u011bhem let krize na Ukrajin\u011b, poznamenan\u00fdch pokusy o m\u00edrov\u00e9 dohody, v\u010detn\u011b ob\u010dasn\u00e9 podpory ze strany USA, Evropa projevovala sv\u016fj nesouhlas a z\u00e1rove\u0148 drasticky zvy\u0161ovala sv\u00e9 vojensk\u00e9 v\u00fddaje a dod\u00e1vky zbran\u00ed. Nyn\u00ed Vansina odhalil to, co bylo v\u017edycky zn\u00e1m\u00e9: \u017ee Ukrajina je vyu\u017e\u00edv\u00e1na jako z\u00e1stupce proti Rusku, aby Evrop\u011b koupila v\u00edce \u010dasu.<\/span><\/p>\n<p><strong><em>Ahmed Adel<\/em><\/strong><\/p>\n<p>&nbsp;<\/p>\n","protected":false},"excerpt":{"rendered":"<p>Brusel pl\u00e1nuje pokra\u010dovat v konfliktu na Ukrajin\u011b a\u017e do roku 2030, aby se p\u0159ipravil na&#8230;<\/p>\n","protected":false},"author":2,"featured_media":105212,"comment_status":"closed","ping_status":"closed","sticky":false,"template":"","format":"standard","meta":[],"categories":[7],"tags":[41,39,22,26,40],"_links":{"self":[{"href":"https:\/\/www.infokuryr.cz\/n\/wp-json\/wp\/v2\/posts\/105211"}],"collection":[{"href":"https:\/\/www.infokuryr.cz\/n\/wp-json\/wp\/v2\/posts"}],"about":[{"href":"https:\/\/www.infokuryr.cz\/n\/wp-json\/wp\/v2\/types\/post"}],"author":[{"embeddable":true,"href":"https:\/\/www.infokuryr.cz\/n\/wp-json\/wp\/v2\/users\/2"}],"replies":[{"embeddable":true,"href":"https:\/\/www.infokuryr.cz\/n\/wp-json\/wp\/v2\/comments?post=105211"}],"version-history":[{"count":0,"href":"https:\/\/www.infokuryr.cz\/n\/wp-json\/wp\/v2\/posts\/105211\/revisions"}],"wp:featuredmedia":[{"embeddable":true,"href":"https:\/\/www.infokuryr.cz\/n\/wp-json\/wp\/v2\/media\/105212"}],"wp:attachment":[{"href":"https:\/\/www.infokuryr.cz\/n\/wp-json\/wp\/v2\/media?parent=105211"}],"wp:term":[{"taxonomy":"category","embeddable":true,"href":"https:\/\/www.infokuryr.cz\/n\/wp-json\/wp\/v2\/categories?post=105211"},{"taxonomy":"post_tag","embeddable":true,"href":"https:\/\/www.infokuryr.cz\/n\/wp-json\/wp\/v2\/tags?post=105211"}],"curies":[{"name":"wp","href":"https:\/\/api.w.org\/{rel}","templated":true}]}}