{"id":105208,"date":"2026-04-23T00:25:57","date_gmt":"2026-04-22T22:25:57","guid":{"rendered":"https:\/\/www.infokuryr.cz\/n\/?p=105208"},"modified":"2026-04-23T05:09:54","modified_gmt":"2026-04-23T03:09:54","slug":"drzte-huby-dezolati-svine-a-zombici-platte-a-neptejte-se-kolik-si-rozkrademe","status":"publish","type":"post","link":"https:\/\/www.infokuryr.cz\/n\/2026\/04\/23\/drzte-huby-dezolati-svine-a-zombici-platte-a-neptejte-se-kolik-si-rozkrademe\/","title":{"rendered":"Dr\u017ete huby dezol\u00e1ti, svin\u011b a zomb\u00edci: pla\u0165te a neptejte se, kolik si rozkrademe!"},"content":{"rendered":"<div id=\"fb-root\"><\/div>\n<div class=\"introtext\">\n<h4>Nov\u00e9 &#8222;MOTTO&#8220; \u010cesk\u00e9 televize a Filozofick\u00e9 fakulty UK, kde u\u017e extremismus p\u0159ekro\u010dil rubikon a bylo nejv\u00edce post\u0159\u00edlen\u00fdch student\u016f. A op\u011bt vyr\u00e1\u017eej\u00ed do boje za obhajobu &#8222;Bruselsk\u00e9 \u0159\u00ed\u0161e&#8220; a bruselsk\u00e9 \u010cesk\u00e9 televize! Proti svin\u00edm plukovn\u00edka Folt\u00fdna!<\/h4>\n<\/div>\n<div class=\"fulltext\">\n<p>My, studenti se nechceme u\u010dit, chceme se v\u00e1let a vy, d\u011bln\u00edci svin\u0161t\u00ed dezol\u00e1tn\u00ed, jste povinni n\u00e1m Erasmus+ a dal\u0161\u00ed vymo\u017eenosti platit!<\/p>\n<h2 style=\"text-align: center;\"><span style=\"color: #993366;\"><strong>Okupanti v\u0161ech masm\u00e9di\u00ed, spojte se:<\/strong><\/span><\/h2>\n<h2 style=\"text-align: center;\"><span style=\"color: #993366;\"><strong>masm\u00e9dia pat\u0159\u00ed bruselsk\u00e9 propagand\u011b a nikoliv ob\u010dan\u016fm!<\/strong><\/span><\/h2>\n<p>Bylo nebylo. Jak to bylo poh\u00e1dko? Zabloudilo ku\u0159\u00e1tko. P\u00edp\u00e1, p\u00edp\u00e1, no\u017eky bol\u00ed a p\u0159i\u0161la li\u0161ka, ud\u011blala chramst a ku\u0159\u00e1tko u\u017e nep\u00edp\u00e1&#8230;<\/p>\n<p>A bylo nebylo.<\/p>\n<p>A je \u010das, aby se studenti &#8211; fl\u00e1ka\u010di, za\u010dali starat o to, kdo jim plat\u00ed \u0161koln\u00e9, a p\u0159e\u0161lo se na placen\u00ed \u0161koln\u00e9ho z jejich kapes. Pak za\u010dnou studovat a nebudou se v\u00e1let na demonstrac\u00edch za pen\u00edze da\u0148ov\u00fdch poplatn\u00edk\u016f!<\/p>\n<h2><strong>V roce 2000 p\u0159epadli brusel\u0161t\u00ed okupanti \u010ceskou televizi: pravda skon\u010dila, nastoupila\u00a0bruselsk\u00e1\u00a0pravda!<\/strong><\/h2>\n<p><img decoding=\"async\" class=\"alignleft\" src=\"https:\/\/www.paratdnes.cz\/b.wz.cz\/upload\/p\/paratdnes_wz_cz\/201512\/3251\/rum-spacak_440x155.jpg\" alt=\"\" \/>Nejsvobodn\u011bj\u0161\u00ed m\u00e9dia v Evrop\u011b a mo\u017en\u00e1 na sv\u011bt\u011b byla v \u010cesk\u00e9 republice mezi l\u00e9ty 1990 a\u017e 2000. \u017de struktury EU to tak nemohly nechat se uk\u00e1zalo a\u017e postupem doby. Petr Pokorn\u00fd<\/p>\n<p><strong>Uka\u017eme si jmenovit\u011b akt\u00e9ry tehdej\u0161\u00ed doby. S odstupem \u010dasu lze lehce dok\u00e1zat, o co tehdy skute\u010dn\u011b \u0161lo.<\/strong><\/p>\n<div class=\"google-auto-placed ap_container\">\n<p>&nbsp;<\/p>\n<div id=\"aswift_6_host\"><\/div>\n<p>&nbsp;<\/p>\n<\/div>\n<p>V roce 1999 dostali za \u00fakol obsadit sd\u011blovac\u00ed prost\u0159edky a lidem p\u0159edlo\u017eit z\u00e1\u0159nou EU. Tehdej\u0161\u00ed Unie svobody \u010di jak\u00e1si\u00a0\u010cty\u0159koalice s V\u00e1clavem Havlem a Rumlem\u00a0v \u010dele byla z\u00e1rukou, \u017ee i s hrub\u00fdm n\u00e1sil\u00edm vytla\u010d\u00ed skute\u010dnou svobodu a pluralitu z \u00fast\u0159edn\u00edch sd\u011blovac\u00edch prost\u0159edk\u016f (dnes se pou\u017e\u00edv\u00e1 mainstreamov\u00fdch) A Ruml si jako poslanec vzal spac\u00e1k do \u010cesk\u00e9 televize, proto\u017ee v\u011bd\u011bl, \u017ee policie si proti poslanc\u016fm\u00a0 nedovol\u00ed zakro\u010dit. Nakonec se poda\u0159ilo vytla\u010dit z \u010ct ka\u017ed\u00e9ho s protiunijn\u00edm n\u00e1zorem a cesta do Evropsk\u00e9 unie byla voln\u00e1.<\/p>\n<p><strong>Nikdo nebyl ve\u0159ejn\u011b proti &#8211; v televizi prostor nedostal! Ale n\u011bkdo (Biomasov\u00e1 &#8211; Pajerov\u00e1, dnes Burs\u00edkov\u00e1) si cestu na\u0161el&#8230;<br \/>\n<\/strong><\/p>\n<table border=\"5\">\n<tbody>\n<tr>\n<td>V\u00e1clav Havel<img decoding=\"async\" loading=\"lazy\" class=\"alignleft\" src=\"https:\/\/www.paratdnes.cz\/b.wz.cz\/upload\/p\/paratdnes_wz_cz\/201512\/3251\/Havel_360x225.jpg\" alt=\"\" width=\"360\" height=\"225\" \/><\/p>\n<p>Ji\u0159\u00ed Ruml, Roithov\u00e1, Hal\u00edk, Buzkov\u00e1<\/p>\n<p>N\u00e1sledovaly Monika Pajerov\u00e1, Kate\u0159ina Pajerov\u00e1 alias Biomasov\u00e1, Burs\u00edk, Sv\u011br\u00e1k, Mejst\u0159\u00edk, Jan Kraus, Vladim\u00edr Myn\u00e1\u0159, T\u00e1\u0148a Fischerov\u00e1, Urban, Hana Marvanov\u00e1, Pehe, Ivan Pilip, Wiewegh a dal\u0161\u00ed jm\u00e9na, z nich\u017e n\u011bkter\u00e1 upadla do zapomn\u011bn\u00ed, n\u011bkte\u0159\u00ed se protla\u010dili do Bruselu.<\/td>\n<\/tr>\n<\/tbody>\n<\/table>\n<p>Jist\u011b, dnes je to zn\u00e1m\u00e9 jako spac\u00e1kov\u00e1 fra\u0161ka, \u010di pravdol\u00e1ska\u0159sk\u00e1 revoluce, ale o pozad\u00ed se st\u00e1le ml\u010d\u00ed. Ob\u010das m\u016f\u017eeme nal\u00e9zt docel\u00e1 v\u011bcn\u00e9 pops\u00e1n\u00ed, ale kdy\u017e se pt\u00e1me PRO\u010c, je p\u0159ed n\u00e1mi hradba ml\u010den\u00ed, nebo jak\u00e1si teorie o cen\u011b poplatk\u016f, v\u00fdroby, svobod\u011b slova. Poj\u010fme si popsat, co n\u00e1sledovalo, abychom oklikou poznali skute\u010dn\u00e9 z\u00e1zem\u00ed tohoto neuv\u011b\u0159iteln\u00e9ho chaosu a konec demokracie v \u010cesk\u00e9 republice.\u00a0<strong>Skute\u010dn\u00fd konec, nikoliv tu pseudodemokracii pod komandem USA, jakou zn\u00e1me dnes.<\/strong>\u00a0A Ji\u0159\u00ed Hoda\u010d \u010di Chmel\u00ed\u010dek byly jenom figurky na pozad\u00ed Evropsk\u00e9ho pu\u010de. N\u00e1sledovaly p\u0159\u00edmo seri\u00e1ly jak m\u00e1me milovat Evropskou unii, p\u0159i\u017eivovaly se na tom cel\u00e9 klany Pajer\u016f, Kraus\u016f, pen\u00edzky se sypaly pro aktivisty jako byla\u00a0 Bou\u0161kov\u00e1 a Vydra n\u00e1sledov\u00e1na cel\u00fdm proces\u00edm &#8222;vykasan\u00fdch nohavic&#8220; a \u010cesk\u00e1 televize d\u00e1vala jednu zak\u00e1zku za druhou pro vstup do EU, zat\u00edmco\u00a0 n\u00e1zor opa\u010dn\u00e9 strany v\u010detn\u011b V\u00e1clava Klause byl vymaz\u00e1n z ve\u0159ejn\u00e9ho prostoru.<\/p>\n<dl class=\"imgcaption alignright\">\n<dd><\/dd>\n<dd><\/dd>\n<dd><\/dd>\n<dd><\/dd>\n<dd><\/dd>\n<dd><\/dd>\n<dd><\/dd>\n<dd><\/dd>\n<dd><\/dd>\n<dd><\/dd>\n<dd><\/dd>\n<dd><\/dd>\n<dd><\/dd>\n<dd><\/dd>\n<dd><\/dd>\n<dd><\/dd>\n<dd><\/dd>\n<dd><\/dd>\n<dd><\/dd>\n<dd><\/dd>\n<\/dl>\n<table border=\"10\">\n<tbody>\n<tr>\n<td>Tak\u017ee se v televizi non stop produc\u00edrovaly sestry Pajerovy, kter\u00e9 se nep\u0159etr\u017eit\u011b st\u0159\u00eddaly s Vydrou a Bou\u0161kovou a\u00a0<em><strong>tento rodinn\u00fd k\u0161eft byl super n\u00e1ramn\u011b Evropskou uni\u00ed propl\u00e1cen z Evropsk\u00fdch fond\u016f!<\/strong><\/em><img decoding=\"async\" loading=\"lazy\" class=\"aligncenter\" src=\"https:\/\/www.paratdnes.cz\/b.wz.cz\/upload\/p\/paratdnes_wz_cz\/201512\/biomasa.jpg\" alt=\"\" width=\"457\" height=\"339\" \/><\/td>\n<\/tr>\n<\/tbody>\n<\/table>\n<p>A pak na druh\u00e9 stran\u011b st\u00e1la skupina ob\u010dan\u016f v divadle Ta Fantastika s podpisovou petic\u00ed\u00a0<em><strong>proti<\/strong><\/em>\u00a0&#8222;<strong><em>Jednotn\u00e9 svobod\u011b slova za Evropskou unii a nikdy jinak<\/em><\/strong>&#8222;. Samoz\u0159ejm\u011b tento n\u00e1zor nesm\u011bl b\u00fdt publikov\u00e1n, proto\u017ee hovo\u0159it svobodn\u011b o z\u00e1porech Evropsk\u00e9 unie se nejen neslu\u0161elo, ale p\u0159\u00edmo bylo zak\u00e1z\u00e1no a ka\u017ed\u00fd, kdo ji kritizoval, byl demokraticky uml\u010den.<\/p>\n<p><img decoding=\"async\" loading=\"lazy\" class=\"aligncenter\" src=\"https:\/\/www.paratdnes.cz\/b.wz.cz\/upload\/p\/paratdnes_wz_cz\/201512\/3251\/Ta-Fantastika1_360x252.jpg\" alt=\"Hal\u00edk, Roithov\u00e1, Ruml\" width=\"576\" height=\"403\" \/><\/p>\n<p><em><strong>Hal\u00edk, Roithov\u00e1, Ruml<\/strong><\/em><\/p>\n<dl class=\"imgcaption aligncenter\">\n<dt><img decoding=\"async\" loading=\"lazy\" class=\"aligncenter\" src=\"https:\/\/www.paratdnes.cz\/b.wz.cz\/upload\/p\/paratdnes_wz_cz\/201512\/3251\/Ta-Fantastika_361x253.jpg\" alt=\"Ta Fantastika - protesty n\u00e1m nepomohly! Pokorn\u00fd, Hoda\u010d.\" width=\"572\" height=\"401\" \/><br \/>\n<em><strong>Ta Fantastika &#8211; protesty n\u00e1m nepomohly! Pokorn\u00fd, Anton\u00edn Zelenka<\/strong><\/em><\/dt>\n<\/dl>\n<dl class=\"imgcaption aligncenter\">\n<dt><img decoding=\"async\" loading=\"lazy\" class=\"aligncenter\" src=\"https:\/\/www.paratdnes.cz\/b.wz.cz\/upload\/p\/paratdnes_wz_cz\/201512\/3251\/svoboda_340x255.jpg\" alt=\"A referendum potvrdilo\" width=\"576\" height=\"432\" \/><br \/>\n<em><strong>A referendum v\u0161e potvrdilo &#8211; lid\u00e9 nev\u011bd\u011bli, co je \u010dek\u00e1!<\/strong><\/em><\/dt>\n<\/dl>\n<p><strong>Je rok 2026 a okupanti z \u010cesk\u00e9 televize st\u00e1le neode\u0161li: tvrd\u00ed, \u017ee \u010cesk\u00e1 televize st\u00e1le pat\u0159\u00ed jim a lid m\u00e1 zav\u0159\u00edt huby. Nech\u00e1me si to l\u00edbit? Doba se zm\u011bnila a mnoho lid\u00ed pochopilo, co jsou to bruselsk\u00e9 Evropsk\u00e9 hodnoty!<\/strong><\/p>\n<p><a href=\"https:\/\/www.skrytapravda.cz\/z-domova\/3106-drzte-huby-dezolati-svine-a-zombici-platte-a-neptejte-se-kolik-si-rozkrademe\">Petr Pokorn\u00fd<\/a><\/p>\n<p>&nbsp;<\/p>\n<\/div>\n","protected":false},"excerpt":{"rendered":"<p>Nov\u00e9 &#8222;MOTTO&#8220; \u010cesk\u00e9 televize a Filozofick\u00e9 fakulty UK, kde u\u017e extremismus p\u0159ekro\u010dil rubikon a bylo&#8230;<\/p>\n","protected":false},"author":2,"featured_media":105209,"comment_status":"closed","ping_status":"closed","sticky":false,"template":"","format":"standard","meta":[],"categories":[6],"tags":[47,1503,158,951],"_links":{"self":[{"href":"https:\/\/www.infokuryr.cz\/n\/wp-json\/wp\/v2\/posts\/105208"}],"collection":[{"href":"https:\/\/www.infokuryr.cz\/n\/wp-json\/wp\/v2\/posts"}],"about":[{"href":"https:\/\/www.infokuryr.cz\/n\/wp-json\/wp\/v2\/types\/post"}],"author":[{"embeddable":true,"href":"https:\/\/www.infokuryr.cz\/n\/wp-json\/wp\/v2\/users\/2"}],"replies":[{"embeddable":true,"href":"https:\/\/www.infokuryr.cz\/n\/wp-json\/wp\/v2\/comments?post=105208"}],"version-history":[{"count":1,"href":"https:\/\/www.infokuryr.cz\/n\/wp-json\/wp\/v2\/posts\/105208\/revisions"}],"predecessor-version":[{"id":105210,"href":"https:\/\/www.infokuryr.cz\/n\/wp-json\/wp\/v2\/posts\/105208\/revisions\/105210"}],"wp:featuredmedia":[{"embeddable":true,"href":"https:\/\/www.infokuryr.cz\/n\/wp-json\/wp\/v2\/media\/105209"}],"wp:attachment":[{"href":"https:\/\/www.infokuryr.cz\/n\/wp-json\/wp\/v2\/media?parent=105208"}],"wp:term":[{"taxonomy":"category","embeddable":true,"href":"https:\/\/www.infokuryr.cz\/n\/wp-json\/wp\/v2\/categories?post=105208"},{"taxonomy":"post_tag","embeddable":true,"href":"https:\/\/www.infokuryr.cz\/n\/wp-json\/wp\/v2\/tags?post=105208"}],"curies":[{"name":"wp","href":"https:\/\/api.w.org\/{rel}","templated":true}]}}