{"id":105206,"date":"2026-04-23T00:22:28","date_gmt":"2026-04-22T22:22:28","guid":{"rendered":"https:\/\/www.infokuryr.cz\/n\/?p=105206"},"modified":"2026-04-22T12:44:51","modified_gmt":"2026-04-22T10:44:51","slug":"erik-best-pop-prezident-vyhraje-tak-jako-tak","status":"publish","type":"post","link":"https:\/\/www.infokuryr.cz\/n\/2026\/04\/23\/erik-best-pop-prezident-vyhraje-tak-jako-tak\/","title":{"rendered":"Erik Best: Pop-prezident vyhraje tak jako tak"},"content":{"rendered":"<div id=\"fb-root\"><\/div>\n<p>Koment\u00e1tor den\u00edku Pr\u00e1vo Josef Koukal ve sv\u00e9m v\u00edkendov\u00e9m sloupku napsal, \u017ee by vsadil dolar oproti bobu na to, \u017ee chilsk\u00e1 sc\u00e9nka z\u00a0minul\u00e9ho t\u00fddne, kter\u00e1 umo\u017enila prezidentu Petru Pavlovi\u00a0<a href=\"https:\/\/www.ceskatelevize.cz\/porady\/1097181328-udalosti\/226411000100417\/cast\/1182035\/\" target=\"_blank\" rel=\"noopener\">ponechat po podpisov\u00e9m ceremoni\u00e1lu na m\u00edst\u011b sv\u00e9 pero<\/a>\u00a0n\u00e1hradou za to, je\u017e si p\u0159ed patn\u00e1cti lety odnesl V\u00e1clav Klaus, byla p\u0159ipraven\u00e1.<\/p>\n<p>Hrad\u00a0<a href=\"https:\/\/www.blesk.cz\/clanek\/zpravy-politika\/837595\/akce-pero-co-klaus-v-chile-vzal-to-pavel-vratil-spontanni-napad-nebo-tajny-plan.html\" target=\"_blank\" rel=\"noopener\">trv\u00e1 na tom, \u017ee to tak nebylo<\/a>. A\u00a0co kdy\u017e bylo? Z\u00a0mil\u00e9ho gesta, kter\u00e9 shodou okolnost\u00ed m\u011blo pro \u010cechy zvl\u00e1\u0161tn\u00ed v\u00fdznam, by se pak stal kousek, kter\u00fd opravdov\u00e9ho st\u00e1tn\u00edka nen\u00ed hodn\u00fd.<\/p>\n<p>Pavel se ale evidentn\u011b rozhodl, \u017ee bude\u00a0<a href=\"https:\/\/www.fsfinalword.cz\/?page=archive&amp;show=1&amp;day=2026-4-9\" target=\"_blank\" rel=\"noopener\">pop-prezidentem<\/a>, a\u00a0z tohoto hlediska by bylo docela cool, kdyby se zjistilo, \u017ee kolektivn\u00ed Hrad je sbor intrikuj\u00edc\u00edch vtip\u00e1lk\u016f. Podobn\u011b je to i\u00a0se summitem NATO. Pavel by se samoz\u0159ejm\u011b r\u00e1d v\u00a0Anka\u0159e uk\u00e1zal po boku elity NATO a\u00a0ur\u010dit\u011b vyjde jako v\u00edt\u011bz, pokud premi\u00e9r Andrej Babi\u0161 kapituluje a\u00a0dovol\u00ed mu se z\u00fa\u010dastnit zahajovac\u00ed ve\u010de\u0159e.<\/p>\n<p>Pavel ale od sv\u00fdch fanou\u0161k\u016f z\u00edsk\u00e1 je\u0161t\u011b v\u011bt\u0161\u00ed podporu, pokud ho Babi\u0161 nech\u00e1 doma. Star\u00e1 pravidla diplomacie na Pavla neplat\u00ed, proto\u017ee pop-prezident vyhraje tak jako tak.<\/p>\n<p><a href=\"https:\/\/www.fsfinalword.cz\/?page=archive&amp;day=2026-04-22\">Erik Best<\/a><\/p>\n<p><img decoding=\"async\" loading=\"lazy\" class=\"alignnone  wp-image-1179\" src=\"http:\/\/www.infokuryr.cz\/n\/wp-content\/uploads\/2021\/04\/erik-best.jpg\" alt=\"\" width=\"108\" height=\"122\" \/><\/p>\n<p>&nbsp;<\/p>\n","protected":false},"excerpt":{"rendered":"<p>Koment\u00e1tor den\u00edku Pr\u00e1vo Josef Koukal ve sv\u00e9m v\u00edkendov\u00e9m sloupku napsal, \u017ee by vsadil dolar oproti&#8230;<\/p>\n","protected":false},"author":2,"featured_media":102429,"comment_status":"closed","ping_status":"closed","sticky":false,"template":"","format":"standard","meta":[],"categories":[6],"tags":[1503,1173,122],"_links":{"self":[{"href":"https:\/\/www.infokuryr.cz\/n\/wp-json\/wp\/v2\/posts\/105206"}],"collection":[{"href":"https:\/\/www.infokuryr.cz\/n\/wp-json\/wp\/v2\/posts"}],"about":[{"href":"https:\/\/www.infokuryr.cz\/n\/wp-json\/wp\/v2\/types\/post"}],"author":[{"embeddable":true,"href":"https:\/\/www.infokuryr.cz\/n\/wp-json\/wp\/v2\/users\/2"}],"replies":[{"embeddable":true,"href":"https:\/\/www.infokuryr.cz\/n\/wp-json\/wp\/v2\/comments?post=105206"}],"version-history":[{"count":0,"href":"https:\/\/www.infokuryr.cz\/n\/wp-json\/wp\/v2\/posts\/105206\/revisions"}],"wp:featuredmedia":[{"embeddable":true,"href":"https:\/\/www.infokuryr.cz\/n\/wp-json\/wp\/v2\/media\/102429"}],"wp:attachment":[{"href":"https:\/\/www.infokuryr.cz\/n\/wp-json\/wp\/v2\/media?parent=105206"}],"wp:term":[{"taxonomy":"category","embeddable":true,"href":"https:\/\/www.infokuryr.cz\/n\/wp-json\/wp\/v2\/categories?post=105206"},{"taxonomy":"post_tag","embeddable":true,"href":"https:\/\/www.infokuryr.cz\/n\/wp-json\/wp\/v2\/tags?post=105206"}],"curies":[{"name":"wp","href":"https:\/\/api.w.org\/{rel}","templated":true}]}}