{"id":105201,"date":"2026-04-23T00:13:15","date_gmt":"2026-04-22T22:13:15","guid":{"rendered":"https:\/\/www.infokuryr.cz\/n\/?p=105201"},"modified":"2026-04-22T12:32:15","modified_gmt":"2026-04-22T10:32:15","slug":"erik-best-dialog-s-berndem-posseltem","status":"publish","type":"post","link":"https:\/\/www.infokuryr.cz\/n\/2026\/04\/23\/erik-best-dialog-s-berndem-posseltem\/","title":{"rendered":"Erik Best: Dialog s Berndem Posseltem"},"content":{"rendered":"<div id=\"fb-root\"><\/div>\n<p>Jako hlava Sudeton\u011bmeck\u00e9ho landsman\u0161aftu mus\u00ed Bernd Posselt pe\u010dliv\u011b volit sv\u00e1 slova. Pot\u00e9, co skupina\u00a0<a href=\"https:\/\/sdj-online.de\/aenderung-der-satzung-der-sudetendeutschen-landsmannschaft\/\" target=\"_blank\" rel=\"noopener\">v \u00fanoru<\/a>\u00a02015\u00a0<a href=\"https:\/\/ct24.ceskatelevize.cz\/clanek\/svet\/sudetsti-nemci-vypustili-ze-stanov-snahu-o-navraceni-majetku-137684\" target=\"_blank\" rel=\"noopener\">revidovala<\/a>\u00a0sv\u00e9\u00a0<a href=\"https:\/\/www.sudeten.de\/Satzung-und-Ziele\" target=\"_blank\" rel=\"noopener\">stanovy<\/a>, Posselt\u00a0<a href=\"https:\/\/sdj-online.de\/wp-content\/uploads\/Sprecherbrief_Versand.pdf\" target=\"_blank\" rel=\"noopener\">sv\u00e9 \u010dleny informoval<\/a>, \u017ee \u201e<a href=\"https:\/\/sdj-online.de\/wp-content\/uploads\/SL_Satzung_Versand_sw_04.pdf\" target=\"_blank\" rel=\"noopener\">op\u011btovn\u00e9 z\u00edsk\u00e1n\u00ed vlasti<\/a>\u201c bylo vypu\u0161t\u011bno, proto\u017ee bylo chybn\u011b vykl\u00e1d\u00e1no jako snaha po zm\u011bn\u011b hranic a\u00a0dosa\u017een\u00ed kolektivn\u00edho p\u0159es\u00eddlen\u00ed.<\/p>\n<p>Zd\u016fraznil v\u0161ak, \u017ee neot\u0159esiteln\u00e9 principy n\u00e1rodn\u00ed skupiny z\u016fst\u00e1vaj\u00ed, v\u010detn\u011b pr\u00e1va na vlast a\u00a0na n\u00e1pravu minul\u00fdch k\u0159ivd.<\/p>\n<p>Nad\u00e1le po\u017eaduje zru\u0161en\u00ed Bene\u0161ov\u00fdch dekret\u016f (\u010dl. 4 jejich\u00a0<a href=\"https:\/\/www.sudeten.de\/flyer-und-broschueren\" target=\"_blank\" rel=\"noopener\">z\u00e1sadn\u00edho prohl\u00e1\u0161en\u00ed<\/a>) a\u00a0za t\u00edmto \u00fa\u010delem vyz\u00fdv\u00e1 k\u00a0p\u0159\u00edm\u00fdm rozhovor\u016fm se z\u00e1stupci \u010desk\u00e9ho n\u00e1roda.\u00a0<a href=\"https:\/\/www.meetingbrno.cz\/\" target=\"_blank\" rel=\"noopener\">Kv\u011btnov\u00e1 akce v\u00a0Brn\u011b<\/a>\u00a0bude dle jeho\u00a0<a href=\"https:\/\/www.zeit.de\/news\/2025-11\/20\/sudetendeutscher-tag-2026-erstmals-in-tschechien\" target=\"_blank\" rel=\"noopener\">p\u0159\u00edslibu<\/a>\u00a0\u201eoslavou spole\u010dn\u00e9 kultury, rozmanitosti, otev\u0159en\u00e9ho dialogu a\u00a0porozum\u011bn\u00ed\u201c.<\/p>\n<p>Posseltov\u00fdm heslem pro zru\u0161en\u00ed Bene\u0161ov\u00fdch dekret\u016f a\u00a0dosa\u017een\u00ed n\u00e1pravy je \u201edialog\u201c.\u00a0<a href=\"https:\/\/www.petice.com\/brno_2026_pokracujme_spolecne_na_ceste_smireni_a_partnerstvi\" target=\"_blank\" rel=\"noopener\">Petice<\/a>\u00a0na podporu brn\u011bnsk\u00e9 akce, kterou\u00a0<a href=\"https:\/\/www.meetingbrno.cz\/pozvani-sudetonemecke-krajanske-sdruzeni\/\" target=\"_blank\" rel=\"noopener\">propaguj\u00ed<\/a> Tom\u00e1\u0161 Hal\u00edk, Pavel Rychetsk\u00fd, Milan Uhde a\u00a0dal\u0161\u00ed, hovo\u0159\u00ed o\u00a0odvaze po\u0159adatele festivalu Meeting Brno zapojit se do dialogu.<\/p>\n<p><a href=\"https:\/\/www.fsfinalword.cz\/?page=archive&amp;day=2026-04-21&amp;utm_source=utm_source%3Dnewsletter&amp;utm_medium=utm_medium%3De-mail&amp;utm_campaign=utm_campaign%3Dfinal_word_21.4.2026\">Erik Best<\/a><\/p>\n<p><img decoding=\"async\" loading=\"lazy\" class=\"alignnone  wp-image-1179\" src=\"http:\/\/www.infokuryr.cz\/n\/wp-content\/uploads\/2021\/04\/erik-best.jpg\" alt=\"\" width=\"134\" height=\"151\" \/><\/p>\n<p>&nbsp;<\/p>\n","protected":false},"excerpt":{"rendered":"<p>Jako hlava Sudeton\u011bmeck\u00e9ho landsman\u0161aftu mus\u00ed Bernd Posselt pe\u010dliv\u011b volit sv\u00e1 slova. Pot\u00e9, co skupina\u00a0v \u00fanoru\u00a02015\u00a0revidovala\u00a0sv\u00e9\u00a0stanovy,&#8230;<\/p>\n","protected":false},"author":2,"featured_media":90346,"comment_status":"closed","ping_status":"closed","sticky":false,"template":"","format":"standard","meta":[],"categories":[6],"tags":[1592,1503,7378],"_links":{"self":[{"href":"https:\/\/www.infokuryr.cz\/n\/wp-json\/wp\/v2\/posts\/105201"}],"collection":[{"href":"https:\/\/www.infokuryr.cz\/n\/wp-json\/wp\/v2\/posts"}],"about":[{"href":"https:\/\/www.infokuryr.cz\/n\/wp-json\/wp\/v2\/types\/post"}],"author":[{"embeddable":true,"href":"https:\/\/www.infokuryr.cz\/n\/wp-json\/wp\/v2\/users\/2"}],"replies":[{"embeddable":true,"href":"https:\/\/www.infokuryr.cz\/n\/wp-json\/wp\/v2\/comments?post=105201"}],"version-history":[{"count":0,"href":"https:\/\/www.infokuryr.cz\/n\/wp-json\/wp\/v2\/posts\/105201\/revisions"}],"wp:featuredmedia":[{"embeddable":true,"href":"https:\/\/www.infokuryr.cz\/n\/wp-json\/wp\/v2\/media\/90346"}],"wp:attachment":[{"href":"https:\/\/www.infokuryr.cz\/n\/wp-json\/wp\/v2\/media?parent=105201"}],"wp:term":[{"taxonomy":"category","embeddable":true,"href":"https:\/\/www.infokuryr.cz\/n\/wp-json\/wp\/v2\/categories?post=105201"},{"taxonomy":"post_tag","embeddable":true,"href":"https:\/\/www.infokuryr.cz\/n\/wp-json\/wp\/v2\/tags?post=105201"}],"curies":[{"name":"wp","href":"https:\/\/api.w.org\/{rel}","templated":true}]}}