{"id":105199,"date":"2026-04-23T00:24:55","date_gmt":"2026-04-22T22:24:55","guid":{"rendered":"https:\/\/www.infokuryr.cz\/n\/?p=105199"},"modified":"2026-04-22T12:27:13","modified_gmt":"2026-04-22T10:27:13","slug":"viden-syran-znasilnil-sestiletou-divku-fpo-pozaduje-okamzitou-deportaci","status":"publish","type":"post","link":"https:\/\/www.infokuryr.cz\/n\/2026\/04\/23\/viden-syran-znasilnil-sestiletou-divku-fpo-pozaduje-okamzitou-deportaci\/","title":{"rendered":"V\u00edde\u0148: Sy\u0159an zn\u00e1silnil \u0161estiletou d\u00edvku \u2013 FP\u00d6 po\u017eaduje okam\u017eitou deportaci"},"content":{"rendered":"<div id=\"fb-root\"><\/div>\n<p><strong><span dir=\"auto\">Dvaapades\u00e1tilet\u00fd nezam\u011bstnan\u00fd Sy\u0159an zn\u00e1silnil ve V\u00eddni \u0161estiletou d\u00edvku ze sousedky: D\u00edt\u011b nal\u00e1kal do sv\u00e9ho bytu a napadl ji. B\u011bhem domovn\u00ed prohl\u00eddky byly u mu\u017ee zabaveny tak\u00e9 tis\u00edce obr\u00e1zk\u016f a vide\u00ed obsahuj\u00edc\u00edch materi\u00e1l zobrazuj\u00edc\u00ed zneu\u017e\u00edv\u00e1n\u00ed d\u011bt\u00ed. V\u00edde\u0148sk\u00fd zemsk\u00fd soud odsoudil migranta ke \u010dty\u0159em a p\u016fl let\u016fm v\u011bzen\u00ed. Rakousk\u00e1 strana svobody (FP\u00d6) se domn\u00edv\u00e1, \u017ee to nesta\u010d\u00ed: Gener\u00e1ln\u00ed tajemn\u00edk Michael Schnedlitz vyz\u00fdv\u00e1 k politice nulov\u00e9 tolerance v\u016f\u010di importovan\u00e9 kriminalit\u011b a k d\u016fsledn\u00e9 deporta\u010dn\u00ed kampani pro zahrani\u010dn\u00ed zlo\u010dince.<\/span><\/strong><\/p>\n<p><span dir=\"auto\">Jeho klient trp\u00ed pedofiln\u00ed poruchou, kter\u00e1 mu byla \u201ev\u0161t\u011bpov\u00e1na od p\u0159\u00edrody v ran\u00fdch f\u00e1z\u00edch v\u00fdvoje,\u201c\u00a0<\/span><a href=\"https:\/\/www.nachrichten.at\/panorama\/chronik\/kind-6-vergewaltigt-wiener-52-zu-haftstrafe-verurteilt;art58,4162705\"><span dir=\"auto\">argumentoval omluvn\u00fdm zp\u016fsobem obh\u00e1jce Sy\u0159ana<\/span><\/a><span dir=\"auto\">\u00a0b\u011bhem procesu u v\u00edde\u0148sk\u00e9ho zemsk\u00e9ho soudu. Dvaapades\u00e1tilet\u00fd migrant 3. \u010dervence 2025 pozoroval \u0161estiletou d\u00edvku ze sousedstv\u00ed, jak si hraje na dvo\u0159e bytov\u00e9ho komplexu, a pot\u00e9 ji nal\u00e1kal do sv\u00e9ho bytu slibem sladkosti.\u00a0<\/span><strong><span dir=\"auto\">Kdy\u017e s n\u00edm d\u00edvka \u0161la, vtla\u010dil ji do bytu, \u010d\u00e1ste\u010dn\u011b ji svl\u00e9kl a sexu\u00e1ln\u011b ji napadl.<\/span><\/strong><\/p>\n<p><span dir=\"auto\">Podle jeho pr\u00e1vn\u00edka syrsk\u00fd mu\u017e, kter\u00fd byl registrov\u00e1n jako nezam\u011bstnan\u00fd u AMS (Rakousk\u00e9 ve\u0159ejn\u00e9 slu\u017eby zam\u011bstnanosti), d\u0159\u00edve u\u017e\u00edval \u201edrogu na potenci\u201c, kter\u00e1 ho \u00fadajn\u011b uvedla do \u201enekontrolovateln\u00e9ho stavu\u201c. L\u00e9kem m\u011bl b\u00fdt hormon testosteron \u2013 \u201edo posilovny\u201c.<\/span><\/p>\n<p><span dir=\"auto\">Po jeho zat\u010den\u00ed byla provedena domovn\u00ed prohl\u00eddka, b\u011bhem n\u00ed\u017e\u00a0bylo z r\u016fzn\u00fdch datov\u00fdch nosi\u010d\u016f zabaveno\u00a0<\/span><strong><span dir=\"auto\">5 500 a\u017e 6 000 obr\u00e1zk\u016f a vide\u00ed obsahuj\u00edc\u00edch materi\u00e1l zobrazuj\u00edc\u00ed zneu\u017e\u00edv\u00e1n\u00ed d\u011bt\u00ed . Migrant sd\u00edlel dv\u011b videa p\u0159es WhatsApp a tak\u00e9 po\u0159izoval sn\u00edmky obrazovky. Krom\u011b toho byl obvin\u011bn z dal\u0161\u00edho trestn\u00e9ho \u010dinu:\u00a0<\/span><\/strong><strong><span dir=\"auto\">d\u00edvce v parku ukazoval pornografick\u00e9 video na sv\u00e9m mobiln\u00edm telefonu a nab\u00e1dal ji k tomu, aby ud\u011blala tot\u00e9\u017e.<\/span><\/strong><\/p>\n<p><span dir=\"auto\">Ob\u017ealovan\u00fd se (po neve\u0159ejn\u00e9m v\u00fdslechu \u0161estilet\u00e9 ob\u011bti) p\u0159iznal. Soud ho odsoudil pouze k\u00a0<\/span><strong><span dir=\"auto\">\u010dty\u0159em a p\u016fl let\u016fm v\u011bzen\u00ed.<\/span><\/strong><span dir=\"auto\">\u00a0Verdikt za zn\u00e1siln\u011bn\u00ed, t\u011b\u017ek\u00e9 pohlavn\u00ed zneu\u017e\u00edv\u00e1n\u00ed nezletil\u00e9 osoby a dr\u017een\u00ed materi\u00e1l\u016f obsahuj\u00edc\u00edch zneu\u017e\u00edv\u00e1n\u00ed d\u011bt\u00ed je ji\u017e pravomocn\u00fd.<\/span><\/p>\n<h3 id=\"h-null-toleranz-fpo-fordert-abschiebung-des-kinderschanders\" class=\"wp-block-heading\"><span dir=\"auto\">\u201eNulov\u00e1 tolerance!\u201c \u2013 FP\u00d6 po\u017eaduje deportaci pachatele zneu\u017e\u00edv\u00e1n\u00ed d\u011bt\u00ed<\/span><\/h3>\n<p><span dir=\"auto\">Gener\u00e1ln\u00ed tajemn\u00edk FP\u00d6 a mluv\u010d\u00ed ministerstva vnit\u0159n\u00ed bezpe\u010dnosti, poslanec Michael Schnedlitz, pova\u017euje zn\u00e1siln\u011bn\u00ed d\u00edt\u011bte za \u201ehrozn\u00fd d\u016fsledek zcela nezodpov\u011bdn\u00e9 imigra\u010dn\u00ed politiky\u201c: Tento odporn\u00fd p\u0159\u00edpad je dal\u0161\u00edm krvav\u00fdm p\u0159\u00edkladem toho, co \u201ekultura v\u00edt\u00e1n\u00ed establishmentu p\u0159inesla na\u0161\u00ed vlasti\u201c. Ve sv\u00e9m ned\u00e1vn\u00e9m\u00a0<\/span><a href=\"https:\/\/www.ots.at\/presseaussendung\/OTS_20260421_OTS0151\/fpoe-schnedlitz-kinderschaender-muss-sofort-abgeschoben-werden-null-toleranz-bei-importierter-kriminalitaet\"><span dir=\"auto\">prohl\u00e1\u0161en\u00ed<\/span><\/a><span dir=\"auto\"> Schnedlitz hovo\u0159\u00ed o importovan\u00e9m zlo\u010dinu, kter\u00fd se nezastav\u00ed p\u0159ed ni\u010d\u00edm a nik\u00fdm a jeho\u017e ob\u011b\u0165mi jsou na\u0161e vlastn\u00ed d\u011bti.<\/span><\/p>\n<p><span dir=\"auto\">Schnedlitz pova\u017euje za nep\u0159ijateln\u00e9, aby rakousk\u00e9 obyvatelstvo nyn\u00ed muselo platit i za \u00fadr\u017ebu a terapii takov\u00fdch zlo\u010dinc\u016f:\u00a0<\/span><strong><span dir=\"auto\">\u201eTento mu\u017e se zbavil sv\u00e9ho pr\u00e1va na pohostinnost t\u00edm nejbrut\u00e1ln\u011bj\u0161\u00edm p\u0159edstaviteln\u00fdm zp\u016fsobem. M\u00edsto diskuse o tom, zda zde dost\u00e1v\u00e1 terapii, mus\u00ed b\u00fdt jedin\u00fdm logick\u00fdm d\u016fsledkem jeho okam\u017eit\u00e1 deportace do jeho domovsk\u00e9 S\u00fdrie.\u201c<\/span><\/strong><span dir=\"auto\">\u00a0Zd\u016fraz\u0148uje, \u017ee syrsk\u00fd mu\u017e ji\u017e \u017eil z rakousk\u00fdch soci\u00e1ln\u00edch d\u00e1vek.<\/span><\/p>\n<p><span dir=\"auto\">\u201eKa\u017ed\u00e9 euro vynalo\u017een\u00e9 na v\u011bzen\u00ed, syst\u00e9m soudnictv\u00ed a terapii pro takov\u00e9 pachatele je o jedno euro p\u0159\u00edli\u0161 mnoho.\u00a0<\/span><strong><span dir=\"auto\">Je to zvr\u00e1cenost syst\u00e9mu, \u017ee z\u00e1rove\u0148 financujeme \u201aplnou p\u00e9\u010di\u2018 o zlo\u010dinn\u00e9 cizince, kte\u0159\u00ed hluboce opovrhuj\u00ed na\u0161\u00ed spole\u010dnost\u00ed a \u00fato\u010d\u00ed na na\u0161e d\u011bti, z na\u0161ich t\u011b\u017ece vyd\u011blan\u00fdch da\u0148ov\u00fdch pen\u011bz,\u201c \u0159ekl Schnedlitz.<\/span><\/strong><span dir=\"auto\">\u00a0Skute\u010dnost, \u017ee u pachatele byly nalezeny tak\u00e9 tis\u00edce soubor\u016f obsahuj\u00edc\u00edch fotografie zneu\u017e\u00edv\u00e1n\u00ed d\u011bt\u00ed, ukazuje, \u201e\u017ee se zde pot\u00fdk\u00e1me s \u010dasovanou bombou, kter\u00e1 se do Rakouska mohla dostat pouze d\u00edky politice otev\u0159en\u00fdch hranic.\u201c \u010clen Svobodn\u00e9 strany tak\u00e9 pouk\u00e1zal na to, \u017ee jakmile pachatel nastoup\u00ed do v\u00fdkonu trestu odn\u011bt\u00ed svobody, bude s n\u00edm zach\u00e1zeno jako se soukrom\u00fdm pacientem a bude se mu t\u011b\u0161it z t\u00e9 nejlep\u0161\u00ed l\u00e9ka\u0159sk\u00e9 p\u00e9\u010de \u2013 zat\u00edmco jeho ob\u011b\u0165 bude muset str\u00e1dat v syst\u00e9mu \u010dekac\u00edch listin.<\/span><\/p>\n<p><span dir=\"auto\">Schnedlitz po\u017eaduje, aby byl tento p\u0159\u00edpad pova\u017eov\u00e1n za varovn\u00fd sign\u00e1l: M\u00edsto dal\u0161\u00edch integra\u010dn\u00edch projekt\u016f pro lidi, kte\u0159\u00ed se odm\u00edtaj\u00ed integrovat,\u00a0<\/span><strong><span dir=\"auto\">je zapot\u0159eb\u00ed politika nulov\u00e9 tolerance a d\u016fsledn\u00e1 deportace cizinc\u016f sp\u00e1chan\u00fdch zlo\u010diny<\/span><\/strong><span dir=\"auto\">\u00a0. \u010clen Svobodn\u00e9 strany zopakoval po\u017eadavek FP\u00d6 na \u201epevnost Rakousko\u201c, kter\u00e1 chr\u00e1n\u00ed sv\u00e9 vlastn\u00ed ob\u010dany \u2013 a d\u011bti.<\/span><\/p>\n<p><img decoding=\"async\" loading=\"lazy\" class=\"alignnone size-full wp-image-1185\" src=\"http:\/\/www.infokuryr.cz\/n\/wp-content\/uploads\/2021\/04\/kuryr-podpis.png\" alt=\"\" width=\"84\" height=\"24\" \/><\/p>\n<p>&nbsp;<\/p>\n","protected":false},"excerpt":{"rendered":"<p>Dvaapades\u00e1tilet\u00fd nezam\u011bstnan\u00fd Sy\u0159an zn\u00e1silnil ve V\u00eddni \u0161estiletou d\u00edvku ze sousedky: D\u00edt\u011b nal\u00e1kal do sv\u00e9ho bytu&#8230;<\/p>\n","protected":false},"author":2,"featured_media":105200,"comment_status":"closed","ping_status":"closed","sticky":false,"template":"","format":"standard","meta":[],"categories":[7],"tags":[929,120,2852,366],"_links":{"self":[{"href":"https:\/\/www.infokuryr.cz\/n\/wp-json\/wp\/v2\/posts\/105199"}],"collection":[{"href":"https:\/\/www.infokuryr.cz\/n\/wp-json\/wp\/v2\/posts"}],"about":[{"href":"https:\/\/www.infokuryr.cz\/n\/wp-json\/wp\/v2\/types\/post"}],"author":[{"embeddable":true,"href":"https:\/\/www.infokuryr.cz\/n\/wp-json\/wp\/v2\/users\/2"}],"replies":[{"embeddable":true,"href":"https:\/\/www.infokuryr.cz\/n\/wp-json\/wp\/v2\/comments?post=105199"}],"version-history":[{"count":0,"href":"https:\/\/www.infokuryr.cz\/n\/wp-json\/wp\/v2\/posts\/105199\/revisions"}],"wp:featuredmedia":[{"embeddable":true,"href":"https:\/\/www.infokuryr.cz\/n\/wp-json\/wp\/v2\/media\/105200"}],"wp:attachment":[{"href":"https:\/\/www.infokuryr.cz\/n\/wp-json\/wp\/v2\/media?parent=105199"}],"wp:term":[{"taxonomy":"category","embeddable":true,"href":"https:\/\/www.infokuryr.cz\/n\/wp-json\/wp\/v2\/categories?post=105199"},{"taxonomy":"post_tag","embeddable":true,"href":"https:\/\/www.infokuryr.cz\/n\/wp-json\/wp\/v2\/tags?post=105199"}],"curies":[{"name":"wp","href":"https:\/\/api.w.org\/{rel}","templated":true}]}}