{"id":105197,"date":"2026-04-23T00:24:20","date_gmt":"2026-04-22T22:24:20","guid":{"rendered":"https:\/\/www.infokuryr.cz\/n\/?p=105197"},"modified":"2026-04-22T12:25:02","modified_gmt":"2026-04-22T10:25:02","slug":"kazdy-kdo-ridi-auto-je-dostatecne-bohaty-rozhorceni-nad-aroganci-prednich-ekonomickych-expertu-ve-verejnopravni-televizi","status":"publish","type":"post","link":"https:\/\/www.infokuryr.cz\/n\/2026\/04\/23\/kazdy-kdo-ridi-auto-je-dostatecne-bohaty-rozhorceni-nad-aroganci-prednich-ekonomickych-expertu-ve-verejnopravni-televizi\/","title":{"rendered":"Ka\u017ed\u00fd, kdo \u0159\u00edd\u00ed auto, je dostate\u010dn\u011b bohat\u00fd? Rozho\u0159\u010den\u00ed nad aroganc\u00ed p\u0159edn\u00edch ekonomick\u00fdch expert\u016f ve ve\u0159ejnopr\u00e1vn\u00ed televizi"},"content":{"rendered":"<div id=\"fb-root\"><\/div>\n<p><strong><span dir=\"auto\">Miliony N\u011bmc\u016f u\u017e nev\u011bd\u00ed, jak zaplat\u00ed za benz\u00edn. P\u0159esto se v po\u0159adu Caren Miosgy hlavn\u00ed ekonomick\u00e1 poradkyn\u011b Monika Schnitzerov\u00e1 posm\u00edv\u00e1 doj\u00ed\u017ed\u011bj\u00edc\u00edm i b\u011b\u017en\u00fdm ob\u010dan\u016fm: Ka\u017ed\u00fd, kdo vlastn\u00ed auto, stejn\u011b nen\u00ed chud\u00fd. Mohl by si prost\u011b zru\u0161it dovolenou nebo si koupit m\u00e9n\u011b svetr\u016f!<\/span><\/strong><\/p>\n<p><span dir=\"auto\">Ceny pohonn\u00fdch hmot prudce rostou, inflace po\u017e\u00edr\u00e1 t\u011b\u017ece vyd\u011blan\u00e9 \u00faspory a bezpo\u010det pracuj\u00edc\u00edch N\u011bmc\u016f si u benz\u00ednov\u00fdch pump zouf\u00e1. Zat\u00edmco ob\u010dan\u00e9 bojuj\u00ed o sv\u00e9 ekonomick\u00e9 p\u0159e\u017eit\u00ed, op\u011bt se ukazuje, jak daleko jsou takzvan\u00ed \u0161pi\u010dkov\u00ed vl\u00e1dn\u00ed \u201eodborn\u00edci\u201c od reality \u017eivota v zemi. P\u0159edsedkyn\u011b N\u011bmeck\u00e9 rady ekonomick\u00fdch expert\u016f, profesorka Monika Schnitzer, poskytla v ned\u011bli ve\u010der v talk show na ARD, kterou moderovala\u00a0<\/span><a href=\"https:\/\/www.ardmediathek.de\/video\/caren-miosga\/hohe-preise-wenig-zuversicht-wie-findet-deutschland-aus-der-krise\/ndr\/Y3JpZDovL25kci5kZS9iY2FkOTdlZC0yMmNiLTQyNjktYjNmMS00NTcyNDlhMjUxMjlfZ2FuemVTZW5kdW5n\"><span dir=\"auto\">Caren Miosga<\/span><\/a><span dir=\"auto\"> , uk\u00e1zkov\u00fd p\u0159\u00edklad bezmezn\u00e9 arogance dom\u00e1c\u00edch \u201eelit\u201c . Jej\u00edm t\u00e9matem byly vysok\u00e9 ceny a nedostatek d\u016fv\u011bry. Jej\u00edm vzkazem pro lidi: Nebu\u010fte tak dramati\u010dt\u00ed!<\/span><\/p>\n<p><span dir=\"auto\">Schnitzer, profesorka a vl\u00e1dn\u00ed poradkyn\u011b, kter\u00e1 \u017eije z pen\u011bz da\u0148ov\u00fdch poplatn\u00edk\u016f (a ne \u0161patn\u011b \u2013 rozzloben\u00ed u\u017eivatel\u00e9 na soci\u00e1ln\u00edch s\u00edt\u00edch b\u011bhem vys\u00edl\u00e1n\u00ed zjistili, \u017ee jen jej\u00ed boty\u00a0<\/span><a href=\"https:\/\/x.com\/SibelMedi\/status\/2046129203356045753?s=20\"><span dir=\"auto\">pravd\u011bpodobn\u011b st\u00e1ly p\u0159es 400 eur<\/span><\/a><span dir=\"auto\">\u00a0), jednodu\u0161e ignoruje existen\u010dn\u00ed \u00fazkosti milion\u016f N\u011bmc\u016f. Tvrdila, \u017ee jen velmi m\u00e1lo lid\u00ed je ve skute\u010dnosti posti\u017eeno masivn\u011b rostouc\u00edmi cenami pohonn\u00fdch hmot. Jej\u00ed neuv\u011b\u0159iteln\u00fd argument: \u201eKa\u017ed\u00fd, kdo \u0159\u00edd\u00ed auto, si ho m\u016f\u017ee alespo\u0148 dovolit. To znamen\u00e1, \u017ee se tu nebav\u00edme o t\u011bch \u00fapln\u011b nejchud\u0161\u00edch.\u201c<\/span><\/p>\n<figure class=\"wp-block-embed is-type-rich is-provider-twitter wp-block-embed-twitter\">\n<div class=\"wp-block-embed__wrapper\">\n<div class=\"twitter-tweet twitter-tweet-rendered\"><iframe id=\"twitter-widget-0\" class=\"\" title=\"X Post\" src=\"https:\/\/platform.twitter.com\/embed\/Tweet.html?dnt=true&amp;embedId=twitter-widget-0&amp;features=eyJ0ZndfdGltZWxpbmVfbGlzdCI6eyJidWNrZXQiOltdLCJ2ZXJzaW9uIjpudWxsfSwidGZ3X2ZvbGxvd2VyX2NvdW50X3N1bnNldCI6eyJidWNrZXQiOnRydWUsInZlcnNpb24iOm51bGx9LCJ0ZndfdHdlZXRfZWRpdF9iYWNrZW5kIjp7ImJ1Y2tldCI6Im9uIiwidmVyc2lvbiI6bnVsbH0sInRmd19yZWZzcmNfc2Vzc2lvbiI6eyJidWNrZXQiOiJvbiIsInZlcnNpb24iOm51bGx9LCJ0ZndfZm9zbnJfc29mdF9pbnRlcnZlbnRpb25zX2VuYWJsZWQiOnsiYnVja2V0Ijoib24iLCJ2ZXJzaW9uIjpudWxsfSwidGZ3X21peGVkX21lZGlhXzE1ODk3Ijp7ImJ1Y2tldCI6InRyZWF0bWVudCIsInZlcnNpb24iOm51bGx9LCJ0ZndfZXhwZXJpbWVudHNfY29va2llX2V4cGlyYXRpb24iOnsiYnVja2V0IjoxMjA5NjAwLCJ2ZXJzaW9uIjpudWxsfSwidGZ3X3Nob3dfYmlyZHdhdGNoX3Bpdm90c19lbmFibGVkIjp7ImJ1Y2tldCI6Im9uIiwidmVyc2lvbiI6bnVsbH0sInRmd19kdXBsaWNhdGVfc2NyaWJlc190b19zZXR0aW5ncyI6eyJidWNrZXQiOiJvbiIsInZlcnNpb24iOm51bGx9LCJ0ZndfdXNlX3Byb2ZpbGVfaW1hZ2Vfc2hhcGVfZW5hYmxlZCI6eyJidWNrZXQiOiJvbiIsInZlcnNpb24iOm51bGx9LCJ0ZndfdmlkZW9faGxzX2R5bmFtaWNfbWFuaWZlc3RzXzE1MDgyIjp7ImJ1Y2tldCI6InRydWVfYml0cmF0ZSIsInZlcnNpb24iOm51bGx9LCJ0ZndfbGVnYWN5X3RpbWVsaW5lX3N1bnNldCI6eyJidWNrZXQiOnRydWUsInZlcnNpb24iOm51bGx9LCJ0ZndfdHdlZXRfZWRpdF9mcm9udGVuZCI6eyJidWNrZXQiOiJvbiIsInZlcnNpb24iOm51bGx9fQ%3D%3D&amp;frame=false&amp;hideCard=false&amp;hideThread=false&amp;id=2045988597476597983&amp;lang=cs&amp;origin=https%3A%2F%2Freport24.news%2Fwer-auto-faehrt-ist-reich-genug-wut-ueber-arroganz-der-chef-wirtschaftsweisen-im-gez-tv%2F&amp;sessionId=12577b14945de769957b806738138decc6255865&amp;theme=light&amp;widgetsVersion=2615f7e52b7e0%3A1702314776716&amp;width=550px\" frameborder=\"0\" scrolling=\"no\" allowfullscreen=\"allowfullscreen\" data-tweet-id=\"2045988597476597983\" data-mce-fragment=\"1\"><\/iframe><\/div>\n<\/div>\n<\/figure>\n<p><span dir=\"auto\">Pro nejl\u00e9pe vyd\u011bl\u00e1vaj\u00edc\u00edho ve studiu ve\u0159ejnopr\u00e1vn\u00edho vys\u00edl\u00e1n\u00ed je dal\u0161\u00edch 300 eur ka\u017ed\u00fdch \u0161est m\u011bs\u00edc\u016f almu\u017ena. \u201eV\u011bt\u0161ina lid\u00ed si s t\u00edm porad\u00ed,\u201c chladn\u011b vypo\u010d\u00edtal Schnitzer. Co to znamen\u00e1 pro pokladn\u00edho, \u0159emesln\u00edka nebo venkovsk\u00e9ho pe\u010dovatele, kter\u00fd se bez auta nedostane ani na sm\u011bnu, profesorku nezaj\u00edm\u00e1. Zd\u00e1 se, \u017ee si v\u016fbec neuv\u011bdomuje, \u017ee nap\u0159\u00edklad zna\u010dn\u00e1 \u010d\u00e1st populace nem\u00e1 dostatek \u00faspor ani na v\u00fdm\u011bnu rozbit\u00e9 pra\u010dky, ani na nal\u00e9havou opravu auta.<\/span><\/p>\n<p><span dir=\"auto\">A co kdy\u017e oby\u010dejn\u00e9mu d\u011bln\u00edkovi na konci m\u011bs\u00edce dojdou pen\u00edze? Pak m\u00e1 vysoce placen\u00fd poradce ministerstva hospod\u00e1\u0159stv\u00ed p\u0159ipravenou dokonalou radu Marie Antoinetty. Ka\u017ed\u00fd, kdo se pot\u00fdk\u00e1 s rekordn\u00edmi cenami pohonn\u00fdch hmot, by se m\u011bl prost\u011b obej\u00edt: \u201eMo\u017en\u00e1 si vezmou o dva dny dovolen\u00e9 m\u00e9n\u011b, mo\u017en\u00e1 si koup\u00ed o jeden nebo dva svetry m\u00e9n\u011b.\u201c Mal\u00e9 radosti \u017eivota, v\u011bci, kter\u00e9 v\u00e1s obvykle ka\u017ed\u00fd den dostanou z postele \u2013 rodinn\u00e1 dovolen\u00e1 nebo nov\u00fd kus oble\u010den\u00ed \u2013 pro tuto nejl\u00e9pe vyd\u011bl\u00e1vaj\u00edc\u00ed \u017eenu nemaj\u00ed \u017e\u00e1dn\u00fd v\u00fdznam (krom\u011b sv\u00e9ho profesorsk\u00e9ho platu dost\u00e1v\u00e1 za svou pr\u00e1ci hlavn\u00ed \u010dlenky N\u011bmeck\u00e9 rady ekonomick\u00fdch expert\u016f kolem 120 000 eur ro\u010dn\u011b, plus poplatky za zased\u00e1n\u00ed a dal\u0161\u00ed platby). Kolik N\u011bmc\u016f je\u0161t\u011b v\u016fbec jezd\u00ed na dovolenou? Hn\u011bv nad Schnitzerov\u00fdmi prohl\u00e1\u0161en\u00edmi je na internetu obrovsk\u00fd. Zcela odtr\u017een\u00fd od reality, bez jak\u00e9hokoli spojen\u00ed se skute\u010dn\u00fdm \u017eivotem oby\u010dejn\u00fdch lid\u00ed \u2013 ale spousta k\u00e1z\u00e1n\u00ed? To se moc nevid\u00ed.<\/span><\/p>\n<p><span dir=\"auto\">Pro \u017eenu, kter\u00e1 m\u00e1 pravd\u011bpodobn\u011b k dispozici 9 000 a\u017e 12 000 eur \u010dist\u00e9ho m\u011bs\u00ed\u010dn\u011b, je dal\u0161\u00edch 300 eur na n\u00e1kladech (a to je jen za palivo; dal\u0161\u00ed zv\u00fd\u0161en\u00ed n\u00e1klad\u016f v dodavatelsk\u00fdch \u0159et\u011bzc\u00edch nen\u00ed ani zapo\u010d\u00edt\u00e1no) kapkou v mo\u0159i. Pro b\u011b\u017en\u00e9 ob\u010dany v N\u011bmecku, kte\u0159\u00ed jsou v posledn\u00edch letech ji\u017e tak finan\u010dn\u011b vy\u010derpan\u00ed, je v\u0161ak ka\u017ed\u00e9 dal\u0161\u00ed zv\u00fd\u0161en\u00ed \u017eivotn\u00edch n\u00e1klad\u016f skute\u010dnou r\u00e1nou.<\/span><\/p>\n<p><span dir=\"auto\">Dokonce i pro mal\u00e9 a st\u0159edn\u00ed podniky (MSP), kter\u00e9 jsou p\u00e1te\u0159\u00ed na\u0161\u00ed ekonomiky, Schnitzer vyza\u0159uje pouze chladnou teorii severokorejsk\u00e9 pl\u00e1novan\u00e9 ekonomiky. Kdy\u017e politik CDU Jens Spahn poukazuje na to, \u017ee ziskov\u00e9 mar\u017ee mal\u00fdch dopravn\u00edch a autobusov\u00fdch spole\u010dnost\u00ed zcela miz\u00ed, profesorka pouze pokr\u010d\u00ed rameny. Koneckonc\u016f, tvrd\u00ed, nepodl\u00e9haj\u00ed mezin\u00e1rodn\u00ed konkurenci. Chladnokrevn\u00e9 \u0159e\u0161en\u00ed ekonomick\u00fdch expert\u016f: \u201ePak bude muset zv\u00fd\u0161it ceny.\u201c<\/span><\/p>\n<p><span dir=\"auto\">Zd\u00e1 se, \u017ee p\u0159evl\u00e1daj\u00edc\u00edm kr\u00e9dem nyn\u00ed je: \u017dije\u0161 jen pro pr\u00e1ci. Od ob\u010dan\u016f se o\u010dek\u00e1v\u00e1, \u017ee budou vd\u011b\u010dn\u00ed za to, \u017ee si st\u00e1le mohou dovolit doj\u00ed\u017ed\u011bt do pr\u00e1ce, a \u017ee jejich mzda, pokud maj\u00ed \u0161t\u011bst\u00ed, sotva pokryje p\u0159emr\u0161t\u011bn\u011b zv\u00fd\u0161en\u00e9 n\u00e1klady na n\u00e1jemn\u00e9, topen\u00ed a j\u00eddlo. Pro cokoli jin\u00e9ho \u2013 pro radost a prosperitu \u2013 v tomto \u201enejlep\u0161\u00edm N\u011bmecku v\u0161ech dob\u201c nezb\u00fdv\u00e1 m\u00edsto.<\/span><\/p>\n<p><img decoding=\"async\" loading=\"lazy\" class=\"alignnone size-full wp-image-1185\" src=\"http:\/\/www.infokuryr.cz\/n\/wp-content\/uploads\/2021\/04\/kuryr-podpis.png\" alt=\"\" width=\"84\" height=\"24\" \/><\/p>\n<p>&nbsp;<\/p>\n","protected":false},"excerpt":{"rendered":"<p>Miliony N\u011bmc\u016f u\u017e nev\u011bd\u00ed, jak zaplat\u00ed za benz\u00edn. P\u0159esto se v po\u0159adu Caren Miosgy hlavn\u00ed&#8230;<\/p>\n","protected":false},"author":2,"featured_media":105198,"comment_status":"closed","ping_status":"closed","sticky":false,"template":"","format":"standard","meta":[],"categories":[7],"tags":[2074,1257,3776,84],"_links":{"self":[{"href":"https:\/\/www.infokuryr.cz\/n\/wp-json\/wp\/v2\/posts\/105197"}],"collection":[{"href":"https:\/\/www.infokuryr.cz\/n\/wp-json\/wp\/v2\/posts"}],"about":[{"href":"https:\/\/www.infokuryr.cz\/n\/wp-json\/wp\/v2\/types\/post"}],"author":[{"embeddable":true,"href":"https:\/\/www.infokuryr.cz\/n\/wp-json\/wp\/v2\/users\/2"}],"replies":[{"embeddable":true,"href":"https:\/\/www.infokuryr.cz\/n\/wp-json\/wp\/v2\/comments?post=105197"}],"version-history":[{"count":0,"href":"https:\/\/www.infokuryr.cz\/n\/wp-json\/wp\/v2\/posts\/105197\/revisions"}],"wp:featuredmedia":[{"embeddable":true,"href":"https:\/\/www.infokuryr.cz\/n\/wp-json\/wp\/v2\/media\/105198"}],"wp:attachment":[{"href":"https:\/\/www.infokuryr.cz\/n\/wp-json\/wp\/v2\/media?parent=105197"}],"wp:term":[{"taxonomy":"category","embeddable":true,"href":"https:\/\/www.infokuryr.cz\/n\/wp-json\/wp\/v2\/categories?post=105197"},{"taxonomy":"post_tag","embeddable":true,"href":"https:\/\/www.infokuryr.cz\/n\/wp-json\/wp\/v2\/tags?post=105197"}],"curies":[{"name":"wp","href":"https:\/\/api.w.org\/{rel}","templated":true}]}}