{"id":105195,"date":"2026-04-23T00:23:45","date_gmt":"2026-04-22T22:23:45","guid":{"rendered":"https:\/\/www.infokuryr.cz\/n\/?p=105195"},"modified":"2026-04-22T12:22:49","modified_gmt":"2026-04-22T10:22:49","slug":"blizi-se-lockdown-2-0-a-italie-je-opet-v-cele","status":"publish","type":"post","link":"https:\/\/www.infokuryr.cz\/n\/2026\/04\/23\/blizi-se-lockdown-2-0-a-italie-je-opet-v-cele\/","title":{"rendered":"Bl\u00ed\u017e\u00ed se lockdown 2.0 \u2013 a It\u00e1lie je op\u011bt v \u010dele"},"content":{"rendered":"<div id=\"fb-root\"><\/div>\n<p><strong><span dir=\"auto\">Pandemie se je\u0161t\u011b ani nepoda\u0159ilo zvl\u00e1dnout a It\u00e1lie se u\u017e p\u0159ipravuje na dal\u0161\u00ed lockdown: tentokr\u00e1t ne kv\u016fli smrt\u00edc\u00edmu viru, ale kv\u016fli energetick\u00e9 krizi, kterou si sama zp\u016fsobila. M\u00edsto zaji\u0161t\u011bn\u00ed bezpe\u010dnosti dod\u00e1vek ti u politick\u00e9 moci vytv\u00e1\u0159ej\u00ed nedostatky \u2013 a pot\u00e9 vyhla\u0161uj\u00ed stav nouze.<\/span><\/strong><\/p>\n<p><span dir=\"auto\">Zav\u00e1d\u011bj\u00edc\u00ed sn\u00edmky z Bergama v b\u0159eznu 2020 ofici\u00e1ln\u011b odstartovaly \u201eplandemie\u201c. Hororov\u00fd p\u0159\u00edb\u011bh o smrteln\u00e9 epidemii, kterou lze \u00fadajn\u011b zastavit pouze p\u0159\u00edsn\u00fdmi lockdowny a n\u00e1sledn\u00fdm povinn\u00fdm o\u010dkov\u00e1n\u00edm, slou\u017eil jako ospravedln\u011bn\u00ed pro tot\u00e1ln\u00ed kontrolu ob\u010dan\u016f, v\u010detn\u011b pozastaven\u00ed ob\u010dansk\u00fdch svobod. Mezit\u00edm byla \u201eplandemie\u201c ti\u0161e odlo\u017eena. Nikoho nezaj\u00edmaj\u00ed ob\u011bti o\u010dkov\u00e1n\u00ed, krom\u011b t\u011bch, kte\u0159\u00ed byli p\u0159\u00edmo posti\u017eeni, a hrstky konspira\u010dn\u00edch teoretik\u016f, kte\u0159\u00ed st\u00e1le po\u017eaduj\u00ed z\u00fa\u010dtov\u00e1n\u00ed se zlo\u010diny.<\/span><\/p>\n<p><span dir=\"auto\">Dal\u0161\u00ed lockdown se ale ji\u017e p\u0159ipravuje. Tentokr\u00e1t je m\u00f3dn\u00edm slovem \u201e\u00a0<\/span><a href=\"https:\/\/www.open.online\/2026\/04\/07\/lockdown-energetico-italia-governo-misure\/\"><span dir=\"auto\">energetick\u00fd lockdown<\/span><\/a><span dir=\"auto\">\u00a0\u201c. A It\u00e1lie op\u011bt vede cestu.\u00a0<\/span><strong><span dir=\"auto\">Vl\u00e1da Giorgie Meloniov\u00e9 od za\u010d\u00e1tku dubna 2026 vyv\u00edj\u00ed\u00a0<\/span><a href=\"https:\/\/en.lasicilia.it\/news\/economy\/3029935\/energy-lockdown-amid-remote-learning-smart-working-air-conditioners-and-alternating-license-plates-the-proposals-that-divide-the-country.html\"><span dir=\"auto\">krizov\u00e9 pl\u00e1ny<\/span><\/a><span dir=\"auto\">\u00a0, kter\u00e9 by mohly b\u00fdt zavedeny od kv\u011btna, pokud by se dod\u00e1vky plynu a ropy zhroutily kv\u016fli blok\u00e1d\u011b na Bl\u00edzk\u00e9m v\u00fdchod\u011b a sankc\u00edm EU proti Rusku.<\/span><\/strong><\/p>\n<p><span dir=\"auto\">Star\u00e1 dobr\u00e1 dom\u00e1c\u00ed kancel\u00e1\u0159 se m\u00e1 op\u011bt st\u00e1t pr\u00e1vn\u011b vymahatelnou povinnost\u00ed. \u201eChytr\u00e1 pr\u00e1ce\u201c ve ve\u0159ejn\u00e9m i soukrom\u00e9m sektoru, podle osv\u011bd\u010den\u00e9ho modelu z pandemie. Ti, kte\u0159\u00ed ji nedodr\u017e\u00ed, riskuj\u00ed pokuty nebo dokonce tresty odn\u011bt\u00ed svobody a\u017e na \u010dty\u0159i m\u011bs\u00edce. Auta maj\u00ed b\u00fdt ponech\u00e1na zaparkovan\u00e1, klimatizace a topen\u00ed vypnuty a energeticky n\u00e1ro\u010dn\u00e1 odv\u011btv\u00ed mus\u00ed b\u00fdt uzav\u0159ena. Jin\u00fdmi slovy, zn\u00e1m\u00e1 omezen\u00ed voln\u00e9ho pohybu a zam\u011bstn\u00e1n\u00ed.<\/span><\/p>\n<p><span dir=\"auto\">Cel\u00fd tento vzorec se skeptick\u00e9mu pozorovateli zd\u00e1 podivn\u011b pov\u011bdom\u00fd. B\u011bhem pl\u00e1novan\u00e9 pandemie byla systematicky propou\u0161t\u011bna nemocni\u010dn\u00ed l\u016f\u017eka, jen aby n\u00e1sledn\u011b byla vyhl\u00e1\u0161ena karant\u00e9na kv\u016fli \u00fadajn\u00e9mu p\u0159et\u00ed\u017een\u00ed nemocnic. Dnes evropsk\u00e9 levicov\u00e9\/zelen\u00e9 vl\u00e1dy n\u00e1siln\u011b vyst\u011bhov\u00e1vaj\u00ed rafinerie, vyhazuj\u00ed do pov\u011bt\u0159\u00ed elektr\u00e1rny, zaplavuj\u00ed uheln\u00e9 doly a umo\u017e\u0148uj\u00ed Ukrajin\u011b sabotovat na\u0161e dod\u00e1vky energie. A pak s odkazem na energetickou nouzovou situaci, kterou si samy zp\u016fsobily, se p\u0159ipravuj\u00ed na dal\u0161\u00ed kolo omezen\u00ed.\u00a0<\/span><strong><span dir=\"auto\">Energetick\u00e1 krize je politicky zmanipulovan\u00e1. M\u00edsto zaji\u0161t\u011bn\u00ed bezpe\u010dnosti dod\u00e1vek (co\u017e je kl\u00ed\u010dov\u00e1 odpov\u011bdnost ka\u017ed\u00e9 rozumn\u00e9 vl\u00e1dy) ti, kte\u0159\u00ed jsou u moci, z\u00e1m\u011brn\u011b vytv\u00e1\u0159ej\u00ed nedostatek a pot\u00e9 vyhla\u0161uj\u00ed stav nouze.<\/span><\/strong><\/p>\n<p><span dir=\"auto\">Mimochodem, italsk\u00e1 Liga vol\u00e1 po obnoven\u00ed dod\u00e1vek rusk\u00e9ho plynu nam\u00edsto karant\u00e9ny, ale globalist\u00e9 v Bruselu, \u0158\u00edm\u011b a Rakousku tvrdohlav\u011b lp\u00ed na sv\u00e9 cest\u011b k energetick\u00e9 chudob\u011b. M\u00e1m podez\u0159en\u00ed, \u017ee populace dal\u0161\u00ed karant\u00e9ny nep\u0159ijme. Ne po zku\u0161enostech z posledn\u00edch let. Lid\u00e9 vid\u011bli, jak byly po\u0161lap\u00e1v\u00e1ny ob\u010dansk\u00e9 svobody. Byli sv\u011bdky toho, jak byli kritici uml\u010dov\u00e1ni, jak byla manipulov\u00e1na data a jak byly miliardy dolar\u016f da\u0148ov\u00fdch poplatn\u00edk\u016f p\u0159esm\u011brov\u00e1ny k t\u011bm, kte\u0159\u00ed profitovali z pl\u00e1novan\u00e9 ekonomiky.<\/span><\/p>\n<p><span dir=\"auto\">M\u00edsto p\u0159\u00edpravy lockdown\u016f by veden\u00ed EU a na\u0161e vl\u00e1dy m\u011bly obnovit vztahy s Ruskem, zak\u00e1zat Ukrajin\u011b ni\u010dit dal\u0161\u00ed ropovody, zru\u0161it v\u0161echny c\u00edle v oblasti klimatu a CO2 bez n\u00e1hrady, zv\u00fd\u0161it produkci ropy a plynu a znovu aktivovat rafinerie. Evropa by m\u011bla vyu\u017e\u00edvat v\u0161echny spolehliv\u00e9 formy energie, kter\u00e9 m\u00e1 k dispozici. Pro m\u011b to zahrnuje i jadernou energii.<\/span><\/p>\n<p><span dir=\"auto\">Opakovan\u00e9 pokusy o omezen\u00ed ob\u010dansk\u00fdch svobod obyvatelstva by pravd\u011bpodobn\u011b vyvolaly odpor je\u0161t\u011b rychleji ne\u017e b\u011bhem \u201eplandemie\u201c. Sta\u010d\u00ed se pod\u00edvat na demonstrace v Irsku. Lid\u00e9 u\u017e maj\u00ed dost toho, \u017ee je samozvan\u00e9 elity pou\u017e\u00edvaj\u00ed jako pouh\u00e9 p\u011b\u0161\u00e1ky ve sv\u00fdch intrik\u00e1ch. A jsem si jist\u00fd, \u017ee omezen\u00ed zaveden\u00e1 kv\u016fli \u201eenergetick\u00e9 nouzov\u00e9 situaci\u201c se samoz\u0159ejm\u011b nikdy nedotknou na\u0161ich moudr\u00fdch vl\u00e1dc\u016f. Ti by d\u00e1l jezdili po sv\u011bt\u011b letadlem, vozeni limuz\u00ednovou slu\u017ebou.\u00a0<\/span><strong><span dir=\"auto\">Omezen\u00ed jsou v\u017edy uvalena pouze na oby\u010dejnou ch\u00e1tru, kter\u00e1 financuje vl\u00e1dnouc\u00ed t\u0159\u00eddu ze sv\u00fdch povinn\u00fdch dan\u00ed.<\/span><\/strong><\/p>\n<p><img decoding=\"async\" loading=\"lazy\" class=\"alignnone size-full wp-image-1185\" src=\"http:\/\/www.infokuryr.cz\/n\/wp-content\/uploads\/2021\/04\/kuryr-podpis.png\" alt=\"\" width=\"84\" height=\"24\" \/><\/p>\n<p>&nbsp;<\/p>\n","protected":false},"excerpt":{"rendered":"<p>Pandemie se je\u0161t\u011b ani nepoda\u0159ilo zvl\u00e1dnout a It\u00e1lie se u\u017e p\u0159ipravuje na dal\u0161\u00ed lockdown: tentokr\u00e1t&#8230;<\/p>\n","protected":false},"author":2,"featured_media":105196,"comment_status":"closed","ping_status":"closed","sticky":false,"template":"","format":"standard","meta":[],"categories":[7],"tags":[191,1503,1502,259],"_links":{"self":[{"href":"https:\/\/www.infokuryr.cz\/n\/wp-json\/wp\/v2\/posts\/105195"}],"collection":[{"href":"https:\/\/www.infokuryr.cz\/n\/wp-json\/wp\/v2\/posts"}],"about":[{"href":"https:\/\/www.infokuryr.cz\/n\/wp-json\/wp\/v2\/types\/post"}],"author":[{"embeddable":true,"href":"https:\/\/www.infokuryr.cz\/n\/wp-json\/wp\/v2\/users\/2"}],"replies":[{"embeddable":true,"href":"https:\/\/www.infokuryr.cz\/n\/wp-json\/wp\/v2\/comments?post=105195"}],"version-history":[{"count":0,"href":"https:\/\/www.infokuryr.cz\/n\/wp-json\/wp\/v2\/posts\/105195\/revisions"}],"wp:featuredmedia":[{"embeddable":true,"href":"https:\/\/www.infokuryr.cz\/n\/wp-json\/wp\/v2\/media\/105196"}],"wp:attachment":[{"href":"https:\/\/www.infokuryr.cz\/n\/wp-json\/wp\/v2\/media?parent=105195"}],"wp:term":[{"taxonomy":"category","embeddable":true,"href":"https:\/\/www.infokuryr.cz\/n\/wp-json\/wp\/v2\/categories?post=105195"},{"taxonomy":"post_tag","embeddable":true,"href":"https:\/\/www.infokuryr.cz\/n\/wp-json\/wp\/v2\/tags?post=105195"}],"curies":[{"name":"wp","href":"https:\/\/api.w.org\/{rel}","templated":true}]}}