{"id":105193,"date":"2026-04-23T00:21:50","date_gmt":"2026-04-22T22:21:50","guid":{"rendered":"https:\/\/www.infokuryr.cz\/n\/?p=105193"},"modified":"2026-04-22T12:45:23","modified_gmt":"2026-04-22T10:45:23","slug":"von-der-leyenova-vydira-nove-madarsko-a-posila-do-budapesti-pozorovatele-eu","status":"publish","type":"post","link":"https:\/\/www.infokuryr.cz\/n\/2026\/04\/23\/von-der-leyenova-vydira-nove-madarsko-a-posila-do-budapesti-pozorovatele-eu\/","title":{"rendered":"Von der Leyenov\u00e1 vyd\u00edr\u00e1 \u201enov\u00e9\u201c Ma\u010farsko a pos\u00edl\u00e1 do Budape\u0161ti pozorovatele EU"},"content":{"rendered":"<div id=\"fb-root\"><\/div>\n<p><strong><span dir=\"auto\">Tento v\u00fdvoj nab\u00edz\u00ed hlubok\u00fd vhled do ch\u00e1p\u00e1n\u00ed demokracie v Evropsk\u00e9 unii: p\u0159edsedkyn\u011b Evropsk\u00e9 komise Ursula von der Leyenov\u00e1 zvy\u0161uje tlak na Ma\u010farsko. Sotva byl konzervativn\u00ed a v\u011b\u010dn\u00fd rebel Viktor Orb\u00e1n odvol\u00e1n z funkce a nov\u00fd, Bruselu naklon\u011bn\u00fd v\u00edt\u011bz voleb P\u00e9ter Magyar se ujal \u00fa\u0159adu, p\u0159edsedkyn\u011b Komise utahuje \u0161roubky. Sliby miliard, obrovsk\u00fdm \u010dasov\u00fdm tlakem a neuv\u011b\u0159iteln\u00fdm z\u00e1sahem do suverenity zem\u011b.<\/span><\/strong><\/p>\n<p><span dir=\"auto\">Jde o hol\u00e1 \u010d\u00edsla, ale p\u0159edev\u0161\u00edm o hrubou moc. Budape\u0161\u0165 m\u00e1 z\u00e1lusk na 6,5 \u200b\u200bmiliardy eur z takzvan\u00e9ho Fondu obnovy po koronaviru. Tyto prost\u0159edky byly za Viktora Orb\u00e1na zmrazeny pod rou\u0161kou \u00fadajn\u00fdch \u201eobav o pr\u00e1vn\u00ed st\u00e1t\u201c. Nyn\u00ed, kdy\u017e je Orb\u00e1n histori\u00ed, pen\u00edze najednou op\u011bt proud\u00ed. Ale\u00a0<\/span><a href=\"https:\/\/weltwoche.ch\/daily\/der-zeitdruck-ist-gigantisch-von-der-leyen-draengt-ungarn-zu-raschen-reformen\/\"><span dir=\"auto\">samoz\u0159ejm\u011b, miliardy nebudou<\/span><\/a><span dir=\"auto\"> nov\u00e9mu premi\u00e9rovi P\u00e9teru Magyarovi p\u0159ed\u00e1ny bezpodm\u00edne\u010dn\u011b .<\/span><\/p>\n<figure class=\"wp-block-embed is-type-rich is-provider-twitter wp-block-embed-twitter\">\n<div class=\"wp-block-embed__wrapper\">\n<div class=\"twitter-tweet twitter-tweet-rendered\"><iframe id=\"twitter-widget-0\" class=\"\" title=\"X P\u0159\u00edsp\u011bvek\" src=\"https:\/\/platform.twitter.com\/embed\/Tweet.html?dnt=true&amp;embedId=twitter-widget-0&amp;features=eyJ0ZndfdGltZWxpbmVfbGlzdCI6eyJidWNrZXQiOltdLCJ2ZXJzaW9uIjpudWxsfSwidGZ3X2ZvbGxvd2VyX2NvdW50X3N1bnNldCI6eyJidWNrZXQiOnRydWUsInZlcnNpb24iOm51bGx9LCJ0ZndfdHdlZXRfZWRpdF9iYWNrZW5kIjp7ImJ1Y2tldCI6Im9uIiwidmVyc2lvbiI6bnVsbH0sInRmd19yZWZzcmNfc2Vzc2lvbiI6eyJidWNrZXQiOiJvbiIsInZlcnNpb24iOm51bGx9LCJ0ZndfZm9zbnJfc29mdF9pbnRlcnZlbnRpb25zX2VuYWJsZWQiOnsiYnVja2V0Ijoib24iLCJ2ZXJzaW9uIjpudWxsfSwidGZ3X21peGVkX21lZGlhXzE1ODk3Ijp7ImJ1Y2tldCI6InRyZWF0bWVudCIsInZlcnNpb24iOm51bGx9LCJ0ZndfZXhwZXJpbWVudHNfY29va2llX2V4cGlyYXRpb24iOnsiYnVja2V0IjoxMjA5NjAwLCJ2ZXJzaW9uIjpudWxsfSwidGZ3X3Nob3dfYmlyZHdhdGNoX3Bpdm90c19lbmFibGVkIjp7ImJ1Y2tldCI6Im9uIiwidmVyc2lvbiI6bnVsbH0sInRmd19kdXBsaWNhdGVfc2NyaWJlc190b19zZXR0aW5ncyI6eyJidWNrZXQiOiJvbiIsInZlcnNpb24iOm51bGx9LCJ0ZndfdXNlX3Byb2ZpbGVfaW1hZ2Vfc2hhcGVfZW5hYmxlZCI6eyJidWNrZXQiOiJvbiIsInZlcnNpb24iOm51bGx9LCJ0ZndfdmlkZW9faGxzX2R5bmFtaWNfbWFuaWZlc3RzXzE1MDgyIjp7ImJ1Y2tldCI6InRydWVfYml0cmF0ZSIsInZlcnNpb24iOm51bGx9LCJ0ZndfbGVnYWN5X3RpbWVsaW5lX3N1bnNldCI6eyJidWNrZXQiOnRydWUsInZlcnNpb24iOm51bGx9LCJ0ZndfdHdlZXRfZWRpdF9mcm9udGVuZCI6eyJidWNrZXQiOiJvbiIsInZlcnNpb24iOm51bGx9fQ%3D%3D&amp;frame=false&amp;hideCard=false&amp;hideThread=false&amp;id=2046107421693591685&amp;lang=cs&amp;origin=https%3A%2F%2Freport24.news%2Fvon-der-leyen-erpresst-das-neue-ungarn-und-schickt-eu-aufpasser-nach-budapest%2F&amp;sessionId=f0274b65790222ce6f1cd1b5acd5c005348db9f3&amp;theme=light&amp;widgetsVersion=2615f7e52b7e0%3A1702314776716&amp;width=550px\" frameborder=\"0\" scrolling=\"no\" allowfullscreen=\"allowfullscreen\" data-tweet-id=\"2046107421693591685\" data-mce-fragment=\"1\"><\/iframe><\/div>\n<\/div>\n<\/figure>\n<p><span dir=\"auto\">B\u011bhem sv\u00e9ho vystoupen\u00ed v Hamburku dala von der Leyenov\u00e1 jasn\u011b najevo, kdo je tady skute\u010dn\u00fdm \u0161\u00e9fem: Brusel. \u201e\u010casov\u00fd tlak je obrovsk\u00fd,\u201c nadiktovala p\u0159edsedkyn\u011b Komise. Pokud do konce srpna nebudou provedeny \u201eur\u010dit\u00e9 kroky, reformy a investice\u201c, pen\u00edze budou ztraceny. Jin\u00fdmi slovy: Ma\u010farsko, pus\u0165 se do toho, p\u0159esn\u011b jak ti nadiktujeme \u2013 nebo neuvid\u00ed\u0161 ani cent! Hra na politick\u00e9 vyd\u00edr\u00e1n\u00ed Budape\u0161ti pokra\u010duje v ne\u00fanavn\u00e9 m\u00ed\u0159e.<\/span><\/p>\n<p><span dir=\"auto\">Je\u0161t\u011b skand\u00e1ln\u011bj\u0161\u00ed ne\u017e do o\u010d\u00ed bij\u00edc\u00ed vyd\u00edr\u00e1n\u00ed miliard je v\u0161ak zp\u016fsob, jak\u00fdm von der Leyenov\u00e1 tento tlak vyv\u00edj\u00ed v praxi. P\u0159edsedkyn\u011b Komise se v\u00e1\u017en\u011b chlubila, \u017ee do Ma\u010farska vyslala \u201et\u00fdm \u00fa\u0159edn\u00edk\u016f\u201c, aby novou vl\u00e1du \u201epodpo\u0159ili\u201c p\u0159i prov\u00e1d\u011bn\u00ed reforem. \u010clov\u011bk si mus\u00ed nechat tuto neuv\u011b\u0159itelnou aroganci proniknout: Co proboha d\u011blaj\u00ed nevolen\u00ed byrokrati EU na ministerstvech suver\u00e9nn\u00edho \u010dlensk\u00e9ho st\u00e1tu? Co tam p\u0159esn\u011b tito lid\u00e9 d\u011blaj\u00ed? Maj\u00ed snad v\u00e9st nov\u011b zvolenou ma\u010farskou vl\u00e1du p\u0159i tvorb\u011b jej\u00edch vlastn\u00edch z\u00e1kon\u016f? Funguj\u00ed snad jako bruselsk\u00fd st\u00ednov\u00fd kabinet a zaji\u0161\u0165uj\u00ed, aby se \u017e\u00e1dn\u00fd ma\u010farsk\u00fd z\u00e1kon neodchyloval od kr\u00e9da EU?<\/span><\/p>\n<p><span dir=\"auto\">\u017de se v tomto v\u0161em nikdy nejednalo o objektivn\u00ed \u201epr\u00e1vn\u00ed st\u00e1t\u201c, ale sp\u00ed\u0161e o trest\u00e1n\u00ed ne\u017e\u00e1douc\u00ed politick\u00e9 konkurence, to sama von der Leyenov\u00e1 v Hamburku t\u00e9m\u011b\u0159 mimochodem p\u0159iznala. Z\u00e1rove\u0148 se chlubila: \u201eByli jsme na Orb\u00e1na neuv\u011b\u0159iteln\u011b p\u0159\u00edsn\u00ed.\u201c S hrdost\u00ed pouk\u00e1zala na celkem 17 miliard eur, kter\u00e9 byly ma\u010farsk\u00e9mu lidu zadr\u017eeny, p\u0159esto\u017ee tyto pen\u00edze pat\u0159ily zemi. K\u00e1z\u00e1n\u00ed mocensk\u00e9 arogance: Ka\u017ed\u00fd, kdo se stav\u00ed proti mainstreamu EU, je finan\u010dn\u011b vyhladov\u011bn, dokud se nepodd\u00e1 \u2013 nebo dokud nen\u00ed odvol\u00e1n z funkce.<\/span><\/p>\n<p><span dir=\"auto\">A von der Leyenov\u00e1 chce v\u00edc. P\u0159\u00edpad Ma\u010farska m\u00e1 nyn\u00ed slou\u017eit jako pl\u00e1n pro demont\u00e1\u017e posledn\u00edch zbytk\u016f n\u00e1rodn\u00ed autonomie v r\u00e1mci EU. Proto\u017ee Ma\u010farsko v minulosti \u010dasto vyu\u017e\u00edvalo sv\u00e9ho legitimn\u00edho veta v Rad\u011b pro zahrani\u010dn\u00ed v\u011bci (co\u017e von der Leyenov\u00e1 odsuzuje jako \u201esystematickou obstrukci\u201c), v podstat\u011b po\u017eaduje zru\u0161en\u00ed principu jednomyslnosti v zahrani\u010dn\u00ed politice EU. Jej\u00ed c\u00edl je jasn\u00fd: Men\u0161\u00ed a st\u0159edn\u011b velk\u00e9 st\u00e1ty by m\u011bly b\u00fdt Bruselem, Pa\u0159\u00ed\u017e\u00ed a Berl\u00ednem snadno p\u0159ehlasov\u00e1ny a donuceny k pod\u0159\u00edzen\u00ed se.<\/span><\/p>\n<p><span dir=\"auto\">Ud\u00e1losti kolem Ma\u010farska jasn\u011b ukazuj\u00ed, \u017ee Evropsk\u00e1 komise pod veden\u00edm Ursuly von der Leyen se st\u00e1le v\u00edce m\u011bn\u00ed v centralistick\u00e9ho giganta. Ti, kdo se ne\u0159\u00edd\u00ed pravidly, jsou vyd\u00edr\u00e1ni. A ka\u017ed\u00e9mu, kdo si pro jistotu zvol\u00ed novou vl\u00e1du, jsou do domu posl\u00e1ni brusel\u0161t\u00ed dozor\u010d\u00ed psi.<\/span><\/p>\n<p><img decoding=\"async\" loading=\"lazy\" class=\"alignnone size-full wp-image-1185\" src=\"http:\/\/www.infokuryr.cz\/n\/wp-content\/uploads\/2021\/04\/kuryr-podpis.png\" alt=\"\" width=\"84\" height=\"24\" \/><\/p>\n<p>&nbsp;<\/p>\n","protected":false},"excerpt":{"rendered":"<p>Tento v\u00fdvoj nab\u00edz\u00ed hlubok\u00fd vhled do ch\u00e1p\u00e1n\u00ed demokracie v Evropsk\u00e9 unii: p\u0159edsedkyn\u011b Evropsk\u00e9 komise Ursula&#8230;<\/p>\n","protected":false},"author":2,"featured_media":105194,"comment_status":"closed","ping_status":"closed","sticky":false,"template":"","format":"standard","meta":[],"categories":[7],"tags":[41,78,48],"_links":{"self":[{"href":"https:\/\/www.infokuryr.cz\/n\/wp-json\/wp\/v2\/posts\/105193"}],"collection":[{"href":"https:\/\/www.infokuryr.cz\/n\/wp-json\/wp\/v2\/posts"}],"about":[{"href":"https:\/\/www.infokuryr.cz\/n\/wp-json\/wp\/v2\/types\/post"}],"author":[{"embeddable":true,"href":"https:\/\/www.infokuryr.cz\/n\/wp-json\/wp\/v2\/users\/2"}],"replies":[{"embeddable":true,"href":"https:\/\/www.infokuryr.cz\/n\/wp-json\/wp\/v2\/comments?post=105193"}],"version-history":[{"count":0,"href":"https:\/\/www.infokuryr.cz\/n\/wp-json\/wp\/v2\/posts\/105193\/revisions"}],"wp:featuredmedia":[{"embeddable":true,"href":"https:\/\/www.infokuryr.cz\/n\/wp-json\/wp\/v2\/media\/105194"}],"wp:attachment":[{"href":"https:\/\/www.infokuryr.cz\/n\/wp-json\/wp\/v2\/media?parent=105193"}],"wp:term":[{"taxonomy":"category","embeddable":true,"href":"https:\/\/www.infokuryr.cz\/n\/wp-json\/wp\/v2\/categories?post=105193"},{"taxonomy":"post_tag","embeddable":true,"href":"https:\/\/www.infokuryr.cz\/n\/wp-json\/wp\/v2\/tags?post=105193"}],"curies":[{"name":"wp","href":"https:\/\/api.w.org\/{rel}","templated":true}]}}