{"id":105191,"date":"2026-04-23T00:20:44","date_gmt":"2026-04-22T22:20:44","guid":{"rendered":"https:\/\/www.infokuryr.cz\/n\/?p=105191"},"modified":"2026-04-22T11:34:35","modified_gmt":"2026-04-22T09:34:35","slug":"putin-a-lagardeova-varuji-temer-soucasne-evropa-by-mohla-celit-krizi-ktera-by-covid-ucinila-neskodnym","status":"publish","type":"post","link":"https:\/\/www.infokuryr.cz\/n\/2026\/04\/23\/putin-a-lagardeova-varuji-temer-soucasne-evropa-by-mohla-celit-krizi-ktera-by-covid-ucinila-neskodnym\/","title":{"rendered":"Putin a Lagardeov\u00e1 varuj\u00ed t\u00e9m\u011b\u0159 sou\u010dasn\u011b \u2013 Evropa by mohla \u010delit krizi, kter\u00e1 by covid u\u010dinila ne\u0161kodn\u00fdm"},"content":{"rendered":"<div id=\"fb-root\"><\/div>\n<p><span dir=\"auto\">V rychl\u00e9m sledu zazn\u011bla dv\u011b prohl\u00e1\u0161en\u00ed, kter\u00e1 je t\u0159eba br\u00e1t v\u00e1\u017en\u011b.<\/span><\/p>\n<p><strong><span dir=\"auto\">Putin<\/span><\/strong><span dir=\"auto\">\u00a0ozn\u00e1mil, \u017ee Rusko zva\u017euje brzk\u00e9 zastaven\u00ed dal\u0161\u00edch dod\u00e1vek energie do Evropy. Energie bude m\u00edsto toho p\u0159esm\u011brov\u00e1na na jin\u00e9 trhy.<\/span><\/p>\n<p><span dir=\"auto\">Prezidentka ECB\u00a0<strong>Christine Lagardeov\u00e1 varovala p\u0159ed r\u016fstem cen, probl\u00e9my s dodavatelsk\u00fdm \u0159et\u011bzcem a dokonce i mo\u017en\u00fdm\u00a0<\/strong><\/span><strong><span dir=\"auto\">p\u0159\u00edd\u011blov\u00fdm syst\u00e9mem<\/span><\/strong><span dir=\"auto\">\u00a0, pokud nap\u011bt\u00ed kolem Hormuzsk\u00e9ho pr\u016flivu p\u0159etrv\u00e1. Agentura Reuters informovala o jej\u00edch varov\u00e1n\u00edch ohledn\u011b rizik pro inflaci, ceny energi\u00ed a r\u016fst.<\/span><\/p>\n<p><span dir=\"auto\">Dva r\u016fzn\u00ed hr\u00e1\u010di. Jedna sd\u00edlen\u00e1 zpr\u00e1va:<\/span><\/p>\n<div class=\"twitter-tweet twitter-tweet-rendered\"><iframe id=\"twitter-widget-0\" class=\"\" title=\"X Post\" src=\"https:\/\/platform.twitter.com\/embed\/Tweet.html?dnt=false&amp;embedId=twitter-widget-0&amp;features=eyJ0ZndfdGltZWxpbmVfbGlzdCI6eyJidWNrZXQiOltdLCJ2ZXJzaW9uIjpudWxsfSwidGZ3X2ZvbGxvd2VyX2NvdW50X3N1bnNldCI6eyJidWNrZXQiOnRydWUsInZlcnNpb24iOm51bGx9LCJ0ZndfdHdlZXRfZWRpdF9iYWNrZW5kIjp7ImJ1Y2tldCI6Im9uIiwidmVyc2lvbiI6bnVsbH0sInRmd19yZWZzcmNfc2Vzc2lvbiI6eyJidWNrZXQiOiJvbiIsInZlcnNpb24iOm51bGx9LCJ0ZndfZm9zbnJfc29mdF9pbnRlcnZlbnRpb25zX2VuYWJsZWQiOnsiYnVja2V0Ijoib24iLCJ2ZXJzaW9uIjpudWxsfSwidGZ3X21peGVkX21lZGlhXzE1ODk3Ijp7ImJ1Y2tldCI6InRyZWF0bWVudCIsInZlcnNpb24iOm51bGx9LCJ0ZndfZXhwZXJpbWVudHNfY29va2llX2V4cGlyYXRpb24iOnsiYnVja2V0IjoxMjA5NjAwLCJ2ZXJzaW9uIjpudWxsfSwidGZ3X3Nob3dfYmlyZHdhdGNoX3Bpdm90c19lbmFibGVkIjp7ImJ1Y2tldCI6Im9uIiwidmVyc2lvbiI6bnVsbH0sInRmd19kdXBsaWNhdGVfc2NyaWJlc190b19zZXR0aW5ncyI6eyJidWNrZXQiOiJvbiIsInZlcnNpb24iOm51bGx9LCJ0ZndfdXNlX3Byb2ZpbGVfaW1hZ2Vfc2hhcGVfZW5hYmxlZCI6eyJidWNrZXQiOiJvbiIsInZlcnNpb24iOm51bGx9LCJ0ZndfdmlkZW9faGxzX2R5bmFtaWNfbWFuaWZlc3RzXzE1MDgyIjp7ImJ1Y2tldCI6InRydWVfYml0cmF0ZSIsInZlcnNpb24iOm51bGx9LCJ0ZndfbGVnYWN5X3RpbWVsaW5lX3N1bnNldCI6eyJidWNrZXQiOnRydWUsInZlcnNpb24iOm51bGx9LCJ0ZndfdHdlZXRfZWRpdF9mcm9udGVuZCI6eyJidWNrZXQiOiJvbiIsInZlcnNpb24iOm51bGx9fQ%3D%3D&amp;frame=false&amp;hideCard=false&amp;hideThread=false&amp;id=2046495169072288199&amp;lang=cs&amp;origin=https%3A%2F%2Funcutnews.ch%2Fputin-und-lagarde-warnen-fast-zeitgleich-europa-koennte-vor-einer-krise-stehen-gegen-die-covid-harmlos-wirkte%2F&amp;sessionId=9a54bb6dc660d96394cd11ba324175b7f47be4fa&amp;theme=light&amp;widgetsVersion=2615f7e52b7e0%3A1702314776716&amp;width=550px\" frameborder=\"0\" scrolling=\"no\" allowfullscreen=\"allowfullscreen\" data-tweet-id=\"2046495169072288199\" data-mce-fragment=\"1\"><\/iframe><\/div>\n<div class=\"twitter-tweet twitter-tweet-rendered\"><iframe id=\"twitter-widget-1\" class=\"\" title=\"X Post\" src=\"https:\/\/platform.twitter.com\/embed\/Tweet.html?dnt=false&amp;embedId=twitter-widget-1&amp;features=eyJ0ZndfdGltZWxpbmVfbGlzdCI6eyJidWNrZXQiOltdLCJ2ZXJzaW9uIjpudWxsfSwidGZ3X2ZvbGxvd2VyX2NvdW50X3N1bnNldCI6eyJidWNrZXQiOnRydWUsInZlcnNpb24iOm51bGx9LCJ0ZndfdHdlZXRfZWRpdF9iYWNrZW5kIjp7ImJ1Y2tldCI6Im9uIiwidmVyc2lvbiI6bnVsbH0sInRmd19yZWZzcmNfc2Vzc2lvbiI6eyJidWNrZXQiOiJvbiIsInZlcnNpb24iOm51bGx9LCJ0ZndfZm9zbnJfc29mdF9pbnRlcnZlbnRpb25zX2VuYWJsZWQiOnsiYnVja2V0Ijoib24iLCJ2ZXJzaW9uIjpudWxsfSwidGZ3X21peGVkX21lZGlhXzE1ODk3Ijp7ImJ1Y2tldCI6InRyZWF0bWVudCIsInZlcnNpb24iOm51bGx9LCJ0ZndfZXhwZXJpbWVudHNfY29va2llX2V4cGlyYXRpb24iOnsiYnVja2V0IjoxMjA5NjAwLCJ2ZXJzaW9uIjpudWxsfSwidGZ3X3Nob3dfYmlyZHdhdGNoX3Bpdm90c19lbmFibGVkIjp7ImJ1Y2tldCI6Im9uIiwidmVyc2lvbiI6bnVsbH0sInRmd19kdXBsaWNhdGVfc2NyaWJlc190b19zZXR0aW5ncyI6eyJidWNrZXQiOiJvbiIsInZlcnNpb24iOm51bGx9LCJ0ZndfdXNlX3Byb2ZpbGVfaW1hZ2Vfc2hhcGVfZW5hYmxlZCI6eyJidWNrZXQiOiJvbiIsInZlcnNpb24iOm51bGx9LCJ0ZndfdmlkZW9faGxzX2R5bmFtaWNfbWFuaWZlc3RzXzE1MDgyIjp7ImJ1Y2tldCI6InRydWVfYml0cmF0ZSIsInZlcnNpb24iOm51bGx9LCJ0ZndfbGVnYWN5X3RpbWVsaW5lX3N1bnNldCI6eyJidWNrZXQiOnRydWUsInZlcnNpb24iOm51bGx9LCJ0ZndfdHdlZXRfZWRpdF9mcm9udGVuZCI6eyJidWNrZXQiOiJvbiIsInZlcnNpb24iOm51bGx9fQ%3D%3D&amp;frame=false&amp;hideCard=false&amp;hideThread=false&amp;id=2046550891638272280&amp;lang=cs&amp;origin=https%3A%2F%2Funcutnews.ch%2Fputin-und-lagarde-warnen-fast-zeitgleich-europa-koennte-vor-einer-krise-stehen-gegen-die-covid-harmlos-wirkte%2F&amp;sessionId=9a54bb6dc660d96394cd11ba324175b7f47be4fa&amp;theme=light&amp;widgetsVersion=2615f7e52b7e0%3A1702314776716&amp;width=550px\" frameborder=\"0\" scrolling=\"no\" allowfullscreen=\"allowfullscreen\" data-tweet-id=\"2046550891638272280\" data-mce-fragment=\"1\"><\/iframe><\/div>\n<p><span dir=\"auto\">Co \u0161\u00e9f ECB p\u0159edpov\u00edd\u00e1,\u00a0<\/span><a href=\"https:\/\/uncutnews.ch\/ezb-chefin-schlaegt-alarm-rationierung-inflation-und-versorgungsschock-drohen-europa\/\" target=\"_blank\" rel=\"noreferrer noopener\" data-type=\"link\" data-id=\"https:\/\/uncutnews.ch\/ezb-chefin-schlaegt-alarm-rationierung-inflation-und-versorgungsschock-drohen-europa\/\"><span dir=\"auto\">si m\u016f\u017eete p\u0159e\u010d\u00edst zde.<\/span><\/a><\/p>\n<h3><strong><span dir=\"auto\">Evropa nen\u00ed p\u0159ipravena na mnoho\u010detn\u00fd \u0161ok!<\/span><\/strong><\/h3>\n<p><span dir=\"auto\">A tento \u0161ok by se li\u0161il od covidu.<\/span><\/p>\n<p><span dir=\"auto\">Covid byl prim\u00e1rn\u011b \u201ekriz\u00ed zdrav\u00ed a lockdownu\u201c. Hroz\u00edc\u00ed dal\u0161\u00ed vlna by byla\u00a0<\/span><strong><span dir=\"auto\">z\u00e1rove\u0148 kriz\u00ed dod\u00e1vek, energie a prosperity<\/span><\/strong><span dir=\"auto\">\u00a0.<\/span><\/p>\n<p><span dir=\"auto\">Pokud rusk\u00e1 energetika bude nad\u00e1le selh\u00e1vat a situace na Bl\u00edzk\u00e9m v\u00fdchod\u011b bude eskalovat, n\u00e1sledky by mohly b\u00fdt:<\/span><\/p>\n<p><span dir=\"auto\">\u2022 Ceny elekt\u0159iny a plynu op\u011bt prudce rostou<\/span><br \/>\n<span dir=\"auto\">\u2022 Ceny benzinu, nafty a topn\u00e9ho oleje prudce rostou<\/span><br \/>\n<span dir=\"auto\">\u2022 Ceny potravin rostou kv\u016fli n\u00e1klad\u016fm na hnojiva a dopravu<\/span><br \/>\n<span dir=\"auto\">\u2022 P\u0159ek\u00e1\u017eky v dod\u00e1vk\u00e1ch zbo\u017e\u00ed a n\u00e1hradn\u00edch d\u00edl\u016f<\/span><br \/>\n<span dir=\"auto\">\u2022 Zkr\u00e1cen\u00e1 pracovn\u00ed doba, uzav\u00edr\u00e1n\u00ed tov\u00e1ren, propou\u0161t\u011bn\u00ed<\/span><br \/>\n<span dir=\"auto\">\u2022 Nov\u00e1 inflace uprost\u0159ed slab\u00e9 ekonomiky<\/span><br \/>\n<span dir=\"auto\">\u2022 Klesaj\u00edc\u00ed kupn\u00ed s\u00edla milion\u016f dom\u00e1cnost\u00ed<\/span><\/p>\n<p><span dir=\"auto\">To by si mnoho lid\u00ed v\u0161imlo p\u0159\u00edmo\u010da\u0159eji ne\u017e Covid:<\/span><\/p>\n<p><span dir=\"auto\">V t\u00e9 dob\u011b byl do\u010dasn\u00fd nedostatek toaletn\u00edho pap\u00edru.<\/span><br \/>\n<span dir=\"auto\">Probl\u00e9mem se pak mohlo st\u00e1t vyt\u00e1p\u011bn\u00ed, tankov\u00e1n\u00ed a ka\u017edodenn\u00ed nakupov\u00e1n\u00ed.<\/span><\/p>\n<p><strong><span dir=\"auto\">Politicky by to bylo v\u00fdbu\u0161n\u00e9:<\/span><\/strong><\/p>\n<p><span dir=\"auto\">Ti, kdo se l\u00e9ta spol\u00e9hali na eskalaci, sankce bez strategie odchodu a geopolitickou pod\u0159\u00edzenost, nesou \u010d\u00e1ste\u010dnou odpov\u011bdnost za d\u016fsledky. Evropa \u010dasto nese ekonomick\u00e9 n\u00e1klady glob\u00e1ln\u00edch mocensk\u00fdch boj\u016f, zat\u00edmco jej\u00ed ob\u010dan\u00e9 plat\u00ed \u00fa\u010det.<\/span><\/p>\n<h3><span dir=\"auto\">Ho\u0159k\u00e1 pravda:<\/span><\/h3>\n<p><strong><span dir=\"auto\">Pokud se tento v\u00fdvoj vymkne kontrole, covid by se zp\u011btn\u011b mohl jevit jako proch\u00e1zka r\u016f\u017eov\u00fdm sadem \u2013 proto\u017ee tentokr\u00e1t je omezen nejen pohyb, ale pod tlakem je i \u017eivotn\u00ed \u00farove\u0148, z\u00e1sobov\u00e1n\u00ed a soci\u00e1ln\u00ed stabilita.<\/span><\/strong><\/p>\n<p><span dir=\"auto\">A op\u011bt, zaplat\u00ed ti, kte\u0159\u00ed maj\u00ed nejm\u00e9n\u011b slov: obyvatelstvo.<\/span><\/p>\n<p><img decoding=\"async\" loading=\"lazy\" class=\"alignnone size-full wp-image-1185\" src=\"http:\/\/www.infokuryr.cz\/n\/wp-content\/uploads\/2021\/04\/kuryr-podpis.png\" alt=\"\" width=\"84\" height=\"24\" \/><\/p>\n<p>&nbsp;<\/p>\n","protected":false},"excerpt":{"rendered":"<p>V rychl\u00e9m sledu zazn\u011bla dv\u011b prohl\u00e1\u0161en\u00ed, kter\u00e1 je t\u0159eba br\u00e1t v\u00e1\u017en\u011b. Putin\u00a0ozn\u00e1mil, \u017ee Rusko zva\u017euje&#8230;<\/p>\n","protected":false},"author":2,"featured_media":101763,"comment_status":"closed","ping_status":"closed","sticky":false,"template":"","format":"standard","meta":[],"categories":[7],"tags":[1503,371,8823,102,1402],"_links":{"self":[{"href":"https:\/\/www.infokuryr.cz\/n\/wp-json\/wp\/v2\/posts\/105191"}],"collection":[{"href":"https:\/\/www.infokuryr.cz\/n\/wp-json\/wp\/v2\/posts"}],"about":[{"href":"https:\/\/www.infokuryr.cz\/n\/wp-json\/wp\/v2\/types\/post"}],"author":[{"embeddable":true,"href":"https:\/\/www.infokuryr.cz\/n\/wp-json\/wp\/v2\/users\/2"}],"replies":[{"embeddable":true,"href":"https:\/\/www.infokuryr.cz\/n\/wp-json\/wp\/v2\/comments?post=105191"}],"version-history":[{"count":0,"href":"https:\/\/www.infokuryr.cz\/n\/wp-json\/wp\/v2\/posts\/105191\/revisions"}],"wp:featuredmedia":[{"embeddable":true,"href":"https:\/\/www.infokuryr.cz\/n\/wp-json\/wp\/v2\/media\/101763"}],"wp:attachment":[{"href":"https:\/\/www.infokuryr.cz\/n\/wp-json\/wp\/v2\/media?parent=105191"}],"wp:term":[{"taxonomy":"category","embeddable":true,"href":"https:\/\/www.infokuryr.cz\/n\/wp-json\/wp\/v2\/categories?post=105191"},{"taxonomy":"post_tag","embeddable":true,"href":"https:\/\/www.infokuryr.cz\/n\/wp-json\/wp\/v2\/tags?post=105191"}],"curies":[{"name":"wp","href":"https:\/\/api.w.org\/{rel}","templated":true}]}}