{"id":105184,"date":"2026-04-23T00:15:50","date_gmt":"2026-04-22T22:15:50","guid":{"rendered":"https:\/\/www.infokuryr.cz\/n\/?p=105184"},"modified":"2026-04-22T11:22:26","modified_gmt":"2026-04-22T09:22:26","slug":"scott-ritter-trump-a-hegseth-nemaji-ani-poneti-znicujici-analyza-politiky-usa-a-iranu","status":"publish","type":"post","link":"https:\/\/www.infokuryr.cz\/n\/2026\/04\/23\/scott-ritter-trump-a-hegseth-nemaji-ani-poneti-znicujici-analyza-politiky-usa-a-iranu\/","title":{"rendered":"Scott Ritter: Trump a Hegseth nemaj\u00ed ani pon\u011bt\u00ed \u2013 Zni\u010duj\u00edc\u00ed anal\u00fdza politiky USA a \u00cdr\u00e1nu"},"content":{"rendered":"<div id=\"fb-root\"><\/div>\n<p><span dir=\"auto\">V ned\u00e1vn\u00e9m rozhovoru se soudcem Andrewem Napolitanem v podcastu \u201eJudging Freedom\u201c (20. dubna 2026) p\u0159ednesl b\u00fdval\u00fd inspektor OSN pro zbran\u011b a vojensk\u00fd expert Scott Ritter drtivou anal\u00fdzu sou\u010dasn\u00e9 politiky USA a \u00cdr\u00e1nu. Ritter obvi\u0148uje prezidenta Donalda Trumpa a ministra obrany Peta Hegsetha z nepochopen\u00ed vojensk\u00e9, diplomatick\u00e9 a mezin\u00e1rodn\u011bpr\u00e1vn\u00ed reality na Bl\u00edzk\u00e9m v\u00fdchod\u011b. Washington se m\u00edsto toho zapojuje do sm\u011bsi nez\u00e1konn\u00fdch demonstrac\u00ed moci, psychologick\u00e9 v\u00e1lky a nebezpe\u010dn\u00e9 p\u0159ehnan\u00e9 sebed\u016fv\u011bry, kter\u00e1 d\u00e1le ohro\u017euje m\u00edr v Persk\u00e9m z\u00e1livu.<\/span><\/p>\n<figure class=\"wp-block-embed is-type-video is-provider-youtube wp-block-embed-youtube wp-embed-aspect-16-9 wp-has-aspect-ratio\">\n<div class=\"wp-block-embed__wrapper\"><iframe loading=\"lazy\" title=\"Scott Ritter: Trump a Hegseth nemaj\u00ed ani pon\u011bt\u00ed\" src=\"https:\/\/www.youtube.com\/embed\/QRkC8xniXkQ?feature=oembed\" width=\"800\" height=\"450\" frameborder=\"0\" allowfullscreen=\"allowfullscreen\" data-mce-fragment=\"1\"><\/iframe><\/div>\n<\/figure>\n<h2 class=\"wp-block-heading\"><span dir=\"auto\">Incident na voln\u00e9m mo\u0159i: \u201ePir\u00e1tsk\u00fd \u010din\u201c<\/span><\/h2>\n<p><span dir=\"auto\">Ritter za\u010d\u00edn\u00e1 ud\u00e1lostmi v\u00edkendu. \u00cdr\u00e1nsk\u00e1 n\u00e1kladn\u00ed lo\u010f byla v Persk\u00e9m z\u00e1livu zastavena americkou v\u00e1le\u010dnou lod\u00ed. Pot\u00e9, co se lodi nepoda\u0159ilo zastavit, americk\u00e9 n\u00e1mo\u0159nictvo zah\u00e1jilo palbu na strojovnu, \u010d\u00edm\u017e lo\u010f zastavilo, a na palubu se na ni vloupal t\u00fdm n\u00e1mo\u0159n\u00ed p\u011bchoty.<\/span><\/p>\n<p><span dir=\"auto\">Pro Rittera se jedn\u00e1 o jasn\u00fd akt pir\u00e1tstv\u00ed bez jak\u00e9koli legitimity podle mezin\u00e1rodn\u00edho pr\u00e1va. Tvrd\u00ed, \u017ee poru\u0161uje dohodu o p\u0159\u00edm\u011b\u0159\u00ed dosa\u017eenou v Isl\u00e1m\u00e1b\u00e1du a svobodu plavby. C\u00edlem, jak tvrd\u00ed, nebylo skute\u010dn\u00e9 naru\u0161en\u00ed lodn\u00ed dopravy, ale \u010dist\u011b psychologick\u00e1 operace (psyop): Trump m\u011bl b\u00fdt vykreslen jako sil\u00e1ka, kter\u00fd donut\u00ed \u00cdr\u00e1nce ustoupit blok\u00e1dou a n\u00e1sil\u00edm.<\/span><\/p>\n<h2 class=\"wp-block-heading\"><span dir=\"auto\">Ne\u00fasp\u011b\u0161n\u00e1 jedn\u00e1n\u00ed v Isl\u00e1m\u00e1b\u00e1du<\/span><\/h2>\n<h3 class=\"wp-block-heading\"><span dir=\"auto\">Americk\u00e1 strana byla naprosto nep\u0159ipraven\u00e1.<\/span><\/h3>\n<p><span dir=\"auto\">Ritter podrobn\u011b popisuje, jak bl\u00edzko byli k dohod\u011b. \u00cdr\u00e1nsk\u00e1 delegace dorazila do Isl\u00e1m\u00e1b\u00e1du s kompletn\u00edmi dokumenty z jedn\u00e1n\u00ed, fakty a fin\u00e1ln\u00ed dohodou.<\/span><\/p>\n<p><span dir=\"auto\">Americk\u00e1 strana \u2013 J. D. Vance, Jared Kushner a dal\u0161\u00ed poradce \u2013 si s sebou nic nep\u0159ivezli. Ameri\u010dan\u00e9 pouze pro\u0161li \u00edr\u00e1nsk\u00e9 n\u00e1vrhy, polo\u017eili ot\u00e1zky a pot\u00e9 se telefonicky poradili s Trumpem.<\/span><\/p>\n<p><span dir=\"auto\">S\u00e1m Trump nem\u011bl \u017e\u00e1dn\u00e9 informa\u010dn\u00ed materi\u00e1ly a nebyl p\u0159ipraven \u2013 \u201e\u010dist\u011b reaktivn\u00ed politika\u201c.<\/span><\/p>\n<p><span dir=\"auto\">Kdy\u017e bylo memorandum o porozum\u011bn\u00ed t\u00e9m\u011b\u0159 p\u0159ipraveno k podpisu, zas\u00e1hl Benjamin Netanjahu a varoval Trumpa, \u017ee takov\u00e1 dohoda by ho oslabila. Jedn\u00e1n\u00ed byla p\u0159eru\u0161ena a m\u00edsto toho n\u00e1sledovala hrozba blok\u00e1dy.<\/span><\/p>\n<p><span dir=\"auto\">Ritter zd\u016fraz\u0148uje: \u00cdr\u00e1nci si ji\u017e dlouho uv\u011bdomuj\u00ed, \u017ee USA nejednaj\u00ed v dobr\u00e9 v\u00ed\u0159e. Proto jsou \u00edr\u00e1n\u0161t\u00ed vyjednava\u010di nyn\u00ed zp\u011bt v Teher\u00e1nu, zat\u00edmco Vance a jeho kolegov\u00e9 \u010dekaj\u00ed v hotelu v Isl\u00e1m\u00e1b\u00e1du.<\/span><\/p>\n<h2 class=\"wp-block-heading\"><span dir=\"auto\">Hroz\u00edc\u00ed eskalace: \u00cdr\u00e1n m\u00e1 lep\u0161\u00ed karty.<\/span><\/h2>\n<p><span dir=\"auto\">Pokud by se ve st\u0159edu v\u00e1lka znovu rozho\u0159ela \u2013 jak ozn\u00e1mil Trump \u2013 \u00cdr\u00e1n nebude v\u00e1hat s odpov\u011bd\u00ed.<\/span><\/p>\n<p><span dir=\"auto\">Ritter varuje: \u00cdr\u00e1nci by okam\u017eit\u011b \u201es\u00e1hli po krku\u201c. C\u00edlen\u00fdmi \u00fatoky na elektr\u00e1rny a odsolovac\u00ed za\u0159\u00edzen\u00ed v zem\u00edch Persk\u00e9ho z\u00e1livu (Ab\u00fa Zab\u00ed, Dubaj, Kuvajt, Man\u00e1ma) by mohli u\u010dinit cel\u00e1 m\u011bsta neobyvateln\u00fdmi. Tyto zem\u011b by byly ve velmi kr\u00e1tk\u00e9 dob\u011b \u201evypr\u00e1zdn\u011bny od zdroj\u016f\u201c.<\/span><\/p>\n<p><span dir=\"auto\">Sa\u00fadsk\u00e1 Ar\u00e1bie \u010del\u00ed trval\u00e9 ztr\u00e1t\u011b sv\u00e9 ekonomick\u00e9 konkurenceschopnosti. H\u00fat\u00edov\u00e9 nav\u00edc ozn\u00e1mili sv\u016fj z\u00e1m\u011br uzav\u0159\u00edt pr\u016fliv B\u00e1b al-Mandab \u2013 co\u017e by byla smrteln\u00e1 r\u00e1na pro sa\u00fadsk\u00fd ropn\u00fd pr\u016fmysl a glob\u00e1ln\u00ed dod\u00e1vky energie.<\/span><\/p>\n<p><span dir=\"auto\">USA a Izrael nezp\u016fsobily b\u011bhem prvn\u00edch 40 dn\u016f v\u00e1lky \u017e\u00e1dn\u00e9 v\u00fdznamn\u00e9 \u0161kody: pouze pr\u00e1zdn\u00e9 budovy, n\u011bkolik most\u016f \u2013 \u017e\u00e1dn\u00e9 naru\u0161en\u00ed strategick\u00fdch schopnost\u00ed \u00cdr\u00e1nu.<\/span><\/p>\n<p><span dir=\"auto\">Podzemn\u00ed tov\u00e1rny na rakety vyr\u00e1b\u011bly je\u0161t\u011b rychleji ne\u017e d\u0159\u00edve. \u00cdr\u00e1n disponuje nejmodern\u011bj\u0161\u00edmi, p\u0159esn\u00fdmi raketami a od sam\u00e9ho za\u010d\u00e1tku je hojn\u011b nasad\u00ed.<\/span><\/p>\n<h2 class=\"wp-block-heading\"><span dir=\"auto\">Jadern\u00e9 fantazie a odm\u00edtnut\u00ed n\u00e1\u010deln\u00edka gener\u00e1ln\u00edho \u0161t\u00e1bu<\/span><\/h2>\n<p><span dir=\"auto\">Ritter popisuje Trumpovo nakl\u00e1d\u00e1n\u00ed s jadernou variantou jako obzvl\u00e1\u0161t\u011b alarmuj\u00edc\u00ed. Podle informac\u00ed z B\u00edl\u00e9ho domu se Trump dvakr\u00e1t pokusil informovat o pou\u017eit\u00ed jadern\u00fdch zbran\u00ed \u2013 gener\u00e1l Charles \u201eCQ\u201c Brown (p\u0159edseda Sboru n\u00e1\u010deln\u00edk\u016f \u0161t\u00e1b\u016f) to v obou p\u0159\u00edpadech odm\u00edtl.<\/span><\/p>\n<p><span dir=\"auto\">Nasazen\u00ed by bylo v rozporu s mezin\u00e1rodn\u00edm pr\u00e1vem, nep\u0159im\u011b\u0159en\u00e9 a poru\u0161ovalo by z\u00e1sadu rozli\u0161ov\u00e1n\u00ed mezi vojensk\u00fdmi a civiln\u00edmi c\u00edli.<\/span><\/p>\n<p><span dir=\"auto\">Ritter, kter\u00fd s\u00e1m pracoval ve vl\u00e1dn\u00edm situa\u010dn\u00edm centru, zd\u016fraz\u0148uje: \u201eArm\u00e1da bere svou \u00fastavn\u00ed p\u0159\u00edsahu v\u00e1\u017en\u011b \u2013 a to i v\u016f\u010di prezidentovi, kter\u00fd tuto p\u0159\u00edsahu zjevn\u011b nesd\u00edl\u00ed.\u201c<\/span><\/p>\n<p><span dir=\"auto\">Ritter ozna\u010duje Trumpovo ned\u00e1vn\u00e9 prohl\u00e1\u0161en\u00ed, \u017ee by USA a \u00cdr\u00e1n m\u011bly \u201espole\u010dn\u011b\u201c \u201evykopat\u201c obohacen\u00fd uran, za \u201e\u00fanik z reality\u201c.<\/span><\/p>\n<p><span dir=\"auto\">Ve skute\u010dnosti byla dohodnuta pouze inspekce pod dohledem MAAE za \u00fa\u010dasti americk\u00fdch inspektor\u016f \u2013 nikoli vojensk\u00e1 okupace.<\/span><\/p>\n<h2 class=\"wp-block-heading\"><span dir=\"auto\">Poru\u0161en\u00ed mezin\u00e1rodn\u00edho pr\u00e1va a v\u00e1le\u010dn\u00e9 zlo\u010diny<\/span><\/h2>\n<p><span dir=\"auto\">Ritter ost\u0159e kritizuje argument americk\u00fdch z\u00e1stupc\u016f, \u017ee ni\u010den\u00ed most\u016f a elektr\u00e1ren nen\u00ed v\u00e1le\u010dn\u00fdm zlo\u010dinem, proto\u017ee je \u00fadajn\u011b provozuj\u00ed \u00edr\u00e1nsk\u00e9 revolu\u010dn\u00ed gardy (IRGC).<\/span><\/p>\n<p><span dir=\"auto\">Vysv\u011btluje: Po \u00edr\u00e1nsko-ir\u00e1ck\u00e9 v\u00e1lce IRGC z\u00e1m\u011brn\u011b p\u0159evzaly projekty civiln\u00ed infrastruktury, aby integrovaly b\u00fdval\u00e9 bojovn\u00edky do ekonomiky. V\u011bt\u0161ina t\u011bchto za\u0159\u00edzen\u00ed nem\u011bla \u017e\u00e1dnou vojenskou funkci.<\/span><\/p>\n<p><span dir=\"auto\">Kdyby ho m\u011bli, byli by napadeni b\u011bhem prvn\u00edch 40 dn\u016f.<\/span><\/p>\n<p><span dir=\"auto\">N\u00e1sledn\u00e9 roz\u0161\u00ed\u0159en\u00ed seznamu c\u00edl\u016f o \u010dist\u011b civiln\u00ed infrastrukturu p\u0159edstavuje kolektivn\u00ed trest \u2013 klasick\u00fd v\u00e1le\u010dn\u00fd zlo\u010din.<\/span><\/p>\n<h2 class=\"wp-block-heading\"><span dir=\"auto\">Kdo ovl\u00e1d\u00e1 Hormuzsk\u00fd pr\u016fliv?<\/span><\/h2>\n<p><span dir=\"auto\">Ritter up\u0159es\u0148uje: Hormuzsk\u00fd pr\u016fliv kontroluje \u00cdr\u00e1n. Je otev\u0159en\u00fd, kdykoli si to Teher\u00e1n p\u0159eje, a m\u016f\u017ee b\u00fdt kdykoli uzav\u0159en nebo omezen.<\/span><\/p>\n<p><span dir=\"auto\">USA zde nemaj\u00ed \u017e\u00e1dnou p\u00e1ku.<\/span><\/p>\n<p><span dir=\"auto\">Takzvan\u00e1 \u201eRada m\u00edru\u201c, kterou cht\u011bl Trump \u00fadajn\u011b vytvo\u0159it pro m\u00edr, fakticky selhala \u2013 p\u0159edev\u0161\u00edm proto, \u017ee ji financovaly st\u00e1ty Persk\u00e9ho z\u00e1livu, kter\u00e9 Trumpovi ji\u017e ned\u016fv\u011b\u0159uj\u00ed.<\/span><\/p>\n<h2 class=\"wp-block-heading\"><span dir=\"auto\">Z\u00e1v\u011br: Trump se s\u00e1m zahnal do kouta.<\/span><\/h2>\n<p><span dir=\"auto\">Scott Ritter vykresluje bez\u00fat\u011b\u0161n\u00fd obraz: Trump a Hegseth jsou uv\u011bzn\u011bni ve sv\u011bt\u011b fantazie. Masivn\u011b p\u0159ecenili sv\u00e9 vlastn\u00ed vojensk\u00e9 \u00fasp\u011bchy, podcenili \u00edr\u00e1nsk\u00e9 odhodl\u00e1n\u00ed a svou vlastn\u00ed r\u00e9torikou a blok\u00e1dou se dostali do situace, kdy se \u00fastup zd\u00e1 politicky nemo\u017en\u00fd.<\/span><\/p>\n<p><span dir=\"auto\">Z\u00e1rove\u0148 neexistuje \u017e\u00e1dn\u00e9 realistick\u00e9 vojensk\u00e9 \u0159e\u0161en\u00ed.<\/span><\/p>\n<p><span dir=\"auto\">V\u00fdsledkem by mohla b\u00fdt zni\u010duj\u00edc\u00ed eskalace, v n\u00ed\u017e by masivn\u011b utrp\u011bly nejen Izrael, ale zejm\u00e9na st\u00e1ty Persk\u00e9ho z\u00e1livu a americk\u00e9 z\u00e1jmy.<\/span><\/p>\n<p><span dir=\"auto\">Ritter uzav\u00edr\u00e1 jasn\u00fdm varov\u00e1n\u00edm: Nejv\u011bt\u0161\u00ed nebezpe\u010d\u00ed pro svobodu v sou\u010dasnosti nespo\u010d\u00edv\u00e1 v \u00fadajn\u00fdch nep\u0159\u00e1tel\u00edch Ameriky, ale ve vl\u00e1d\u011b, kter\u00e1 pova\u017euje n\u00e1sil\u00ed poru\u0161uj\u00edc\u00ed mezin\u00e1rodn\u00ed pr\u00e1vo za norm\u00e1ln\u00ed a odm\u00edt\u00e1 uznat realitu.<\/span><\/p>\n<p><span dir=\"auto\">Zda se sv\u011bt v\u010das pou\u010d\u00ed z t\u00e9to lekce, se rozhodne v p\u0159\u00ed\u0161t\u00edch n\u011bkolika dnech.<\/span><\/p>\n<p><img decoding=\"async\" loading=\"lazy\" class=\"alignnone size-full wp-image-1185\" src=\"http:\/\/www.infokuryr.cz\/n\/wp-content\/uploads\/2021\/04\/kuryr-podpis.png\" alt=\"\" width=\"84\" height=\"24\" \/><\/p>\n<p>&nbsp;<\/p>\n","protected":false},"excerpt":{"rendered":"<p>V ned\u00e1vn\u00e9m rozhovoru se soudcem Andrewem Napolitanem v podcastu \u201eJudging Freedom\u201c (20. dubna 2026) p\u0159ednesl&#8230;<\/p>\n","protected":false},"author":2,"featured_media":76462,"comment_status":"closed","ping_status":"closed","sticky":false,"template":"","format":"standard","meta":[],"categories":[7],"tags":[1042,10067,38,452,37],"_links":{"self":[{"href":"https:\/\/www.infokuryr.cz\/n\/wp-json\/wp\/v2\/posts\/105184"}],"collection":[{"href":"https:\/\/www.infokuryr.cz\/n\/wp-json\/wp\/v2\/posts"}],"about":[{"href":"https:\/\/www.infokuryr.cz\/n\/wp-json\/wp\/v2\/types\/post"}],"author":[{"embeddable":true,"href":"https:\/\/www.infokuryr.cz\/n\/wp-json\/wp\/v2\/users\/2"}],"replies":[{"embeddable":true,"href":"https:\/\/www.infokuryr.cz\/n\/wp-json\/wp\/v2\/comments?post=105184"}],"version-history":[{"count":0,"href":"https:\/\/www.infokuryr.cz\/n\/wp-json\/wp\/v2\/posts\/105184\/revisions"}],"wp:featuredmedia":[{"embeddable":true,"href":"https:\/\/www.infokuryr.cz\/n\/wp-json\/wp\/v2\/media\/76462"}],"wp:attachment":[{"href":"https:\/\/www.infokuryr.cz\/n\/wp-json\/wp\/v2\/media?parent=105184"}],"wp:term":[{"taxonomy":"category","embeddable":true,"href":"https:\/\/www.infokuryr.cz\/n\/wp-json\/wp\/v2\/categories?post=105184"},{"taxonomy":"post_tag","embeddable":true,"href":"https:\/\/www.infokuryr.cz\/n\/wp-json\/wp\/v2\/tags?post=105184"}],"curies":[{"name":"wp","href":"https:\/\/api.w.org\/{rel}","templated":true}]}}