{"id":105151,"date":"2026-04-22T00:33:18","date_gmt":"2026-04-21T22:33:18","guid":{"rendered":"https:\/\/www.infokuryr.cz\/n\/?p=105151"},"modified":"2026-04-21T16:53:54","modified_gmt":"2026-04-21T14:53:54","slug":"jiri-vyvadil-macinka-stale-vice-nadbiha-ukrajine-co-s-nim","status":"publish","type":"post","link":"https:\/\/www.infokuryr.cz\/n\/2026\/04\/22\/jiri-vyvadil-macinka-stale-vice-nadbiha-ukrajine-co-s-nim\/","title":{"rendered":"Ji\u0159\u00ed Vyvadil: Macinka st\u00e1le v\u00edce nadb\u00edh\u00e1 Ukrajin\u011b. Co s n\u00edm?"},"content":{"rendered":"<div id=\"fb-root\"><\/div>\n<p><strong>To, \u017ee \u010cesko, po\u010d\u00ednaje muni\u010dn\u00ed iniciativou p\u0159es mohutnou podporu zbroja\u0159\u016f vyr\u00e1b\u011bj\u00edc\u00edch zbran\u011b proti Rusku se pod\u00edl\u00ed na v\u00e1lce proti Rusku je nepochybn\u00e9.<\/strong><\/p>\n<p style=\"font-weight: 400;\">\u017de Medv\u011bd\u011bv, kter\u00fd nem\u00e1 pot\u0159ebu se kontrolovat a m\u00e1 nepochybn\u011b od Putina zcela volnou ruku ve formulac\u00edch , by\u0165 i ostr\u00fdch n\u00e1zor\u016f, kritizoval mimo jin\u00e9 i \u010ceskou republiku, \u017ee vytv\u00e1\u0159\u00ed zbroja\u0159sk\u00e9 p\u0159edpol\u00ed Ukrajiny proti Rusku je faktem.<\/p>\n<p style=\"font-weight: 400;\">Polovina \u010ceska tomu tlesk\u00e1, ta druh\u00e1 nikoliv.<\/p>\n<p style=\"font-weight: 400;\">A\u017e dote\u010f jsem si myslil, \u017ee tou tleskaj\u00edc\u00ed \u010d\u00e1st\u00ed je jenom opozice.<\/p>\n<p style=\"font-weight: 400;\">Ale zd\u00e1 se, \u017ee tomu tak nen\u00ed.<\/p>\n<p style=\"font-weight: 400;\">V\u00a0m\u00e9di\u00edch jsem zaznamenal ostrou kritiku V\u00e1clava Klause proti sv\u00e9mu b\u00fdval\u00e9mu tajemn\u00edkovi Macinkovi, \u017ee je nekriticky vst\u0159\u00edcn\u00fd k\u00a0Ukrajin\u011b, stejn\u011b jako nekriticky nad\u0161en\u00fd v\u016f\u010di v\u00e1le\u010dn\u00e9mu zlo\u010dinci Netanjahuovi, co\u017e projevil p\u0159i sv\u00e9 n\u00e1v\u0161t\u011bv\u011b Izraele.<\/p>\n<p style=\"font-weight: 400;\">Byl jsem des\u00edtku let \u010dlenem \u010cSSD a jako poslanec \u010di sen\u00e1tor v\u00a0jej\u00edch barv\u00e1ch jsem p\u0159irozen\u011b h\u00e1jil jej\u00ed barvy\u00a0\u00a0v\u00a0soci\u00e1ln\u011b-ekonomick\u00fdch\u00a0\u00a0ot\u00e1zk\u00e1ch, ale v\u017edycky odjak\u017eiva jsem byl zajedno s\u00a0prezidentem\u00a0\u00a0Klausem v\u00a0zahrani\u010dn\u00edch ot\u00e1zk\u00e1ch: nap\u0159.\u00a0\u00a0kdysi v odporu v\u016f\u010di v\u00e1lce v\u00a0Ir\u00e1ku (na rozd\u00edl od Havla), pot\u0159eb\u011b spolupr\u00e1ce s\u00a0Ruskem, kter\u00e9 je a bude rozhoduj\u00edc\u00ed vojenskou velmoc\u00ed Evropy a jednou z\u00a0kl\u00ed\u010dov\u00fdch politick\u00fdch velmoc\u00ed Glob\u00e1ln\u00edho jihu.<\/p>\n<p style=\"font-weight: 400;\">Vtipn\u00e9 glosy proti Petru Pavlovi ze strany ministra Macinky jsem a\u017e dosud kvitoval nesporn\u011b kladn\u011b.<\/p>\n<p style=\"font-weight: 400;\">Ov\u0161em, jestli\u017ee nyn\u00ed ve vztahu k\u00a0Ukrajin\u011b najel zcela na r\u00e9toriku\u00a0\u00a0Fialovy vl\u00e1dy, body mu to nez\u00edsk\u00e1. Stejn\u011b tak podpora v\u00e1le\u010dn\u00e9ho zlo\u010dince Netanjahua asi nen\u00ed nejvhodn\u011bj\u0161\u00ed. A natvrdo je\u0161t\u011b m\u00e9n\u011b podpora Donalda Trumpa, jeho\u017e naprosto nep\u0159ijateln\u00e9 krimin\u00e1ln\u00ed v\u00fdroky na adresu Ir\u00e1nu, o kter\u00fdch naprosto p\u0159esn\u011b Zeman spr\u00e1vn\u011b \u0159ekl, \u017ee by je nepou\u017eil ani Adolf Hitler.<\/p>\n<p style=\"font-weight: 400;\">Motorist\u00e9 jist\u011b do\u017eij\u00ed toto volebn\u00ed obdob\u00ed, kter\u00e9 je konec konc\u016f st\u00e1le na sv\u00e9m po\u010d\u00e1tku. Je jejich p\u0159\u00ednosem, \u017ee po odpadnut\u00ed levicov\u00e9ho uskupen\u00ed Sta\u010dilo umo\u017enili vznik t\u00e9to vl\u00e1dy. A my m\u00e1me je\u0161t\u011b t\u00e9m\u011b\u0159 4 roky solidn\u00edho vl\u00e1dnut\u00ed.<\/p>\n<p style=\"font-weight: 400;\">Za to jim pat\u0159\u00ed d\u00edk.<\/p>\n<p style=\"font-weight: 400;\">Ale na rovinu: Pokud se nevzpamatuj\u00ed a nep\u016fjdou do sebe, dal\u0161\u00ed \u0161anci u\u017e nedostanou.<\/p>\n<p><a href=\"https:\/\/vasevec.info\/komentare\/macinka-stale-vice-nadbiha-ukrajine-co-s-nim\">Ji\u0159\u00ed Vyvadil<\/a><\/p>\n<p><img decoding=\"async\" loading=\"lazy\" class=\"alignnone size-medium wp-image-16474\" src=\"http:\/\/www.infokuryr.cz\/n\/wp-content\/uploads\/2022\/10\/jiri-vyvadil-300x200.jpg\" alt=\"\" width=\"300\" height=\"200\" srcset=\"https:\/\/www.infokuryr.cz\/n\/wp-content\/uploads\/2022\/10\/jiri-vyvadil-300x200.jpg 300w, https:\/\/www.infokuryr.cz\/n\/wp-content\/uploads\/2022\/10\/jiri-vyvadil-768x512.jpg 768w, https:\/\/www.infokuryr.cz\/n\/wp-content\/uploads\/2022\/10\/jiri-vyvadil.jpg 800w\" sizes=\"(max-width: 300px) 100vw, 300px\" \/><\/p>\n<p>&nbsp;<\/p>\n","protected":false},"excerpt":{"rendered":"<p>To, \u017ee \u010cesko, po\u010d\u00ednaje muni\u010dn\u00ed iniciativou p\u0159es mohutnou podporu zbroja\u0159\u016f vyr\u00e1b\u011bj\u00edc\u00edch zbran\u011b proti Rusku se&#8230;<\/p>\n","protected":false},"author":2,"featured_media":100443,"comment_status":"closed","ping_status":"closed","sticky":false,"template":"","format":"standard","meta":[],"categories":[6],"tags":[1503,10914,122,26],"_links":{"self":[{"href":"https:\/\/www.infokuryr.cz\/n\/wp-json\/wp\/v2\/posts\/105151"}],"collection":[{"href":"https:\/\/www.infokuryr.cz\/n\/wp-json\/wp\/v2\/posts"}],"about":[{"href":"https:\/\/www.infokuryr.cz\/n\/wp-json\/wp\/v2\/types\/post"}],"author":[{"embeddable":true,"href":"https:\/\/www.infokuryr.cz\/n\/wp-json\/wp\/v2\/users\/2"}],"replies":[{"embeddable":true,"href":"https:\/\/www.infokuryr.cz\/n\/wp-json\/wp\/v2\/comments?post=105151"}],"version-history":[{"count":0,"href":"https:\/\/www.infokuryr.cz\/n\/wp-json\/wp\/v2\/posts\/105151\/revisions"}],"wp:featuredmedia":[{"embeddable":true,"href":"https:\/\/www.infokuryr.cz\/n\/wp-json\/wp\/v2\/media\/100443"}],"wp:attachment":[{"href":"https:\/\/www.infokuryr.cz\/n\/wp-json\/wp\/v2\/media?parent=105151"}],"wp:term":[{"taxonomy":"category","embeddable":true,"href":"https:\/\/www.infokuryr.cz\/n\/wp-json\/wp\/v2\/categories?post=105151"},{"taxonomy":"post_tag","embeddable":true,"href":"https:\/\/www.infokuryr.cz\/n\/wp-json\/wp\/v2\/tags?post=105151"}],"curies":[{"name":"wp","href":"https:\/\/api.w.org\/{rel}","templated":true}]}}