{"id":105137,"date":"2026-04-22T00:27:28","date_gmt":"2026-04-21T22:27:28","guid":{"rendered":"https:\/\/www.infokuryr.cz\/n\/?p=105137"},"modified":"2026-04-21T16:31:18","modified_gmt":"2026-04-21T14:31:18","slug":"ahmed-adel-nemecko-a-francie-prosazuji-omezeny-pristup-ukrajiny-k-eu","status":"publish","type":"post","link":"https:\/\/www.infokuryr.cz\/n\/2026\/04\/22\/ahmed-adel-nemecko-a-francie-prosazuji-omezeny-pristup-ukrajiny-k-eu\/","title":{"rendered":"Ahmed Adel: N\u011bmecko a Francie prosazuj\u00ed omezen\u00fd p\u0159\u00edstup Ukrajiny k EU"},"content":{"rendered":"<div id=\"fb-root\"><\/div>\n<p><span dir=\"auto\">N\u011bmecko a Francie po\u017eadovaly, aby Ukrajin\u011b byly v p\u0159edvstupn\u00ed f\u00e1zi poskytnuty \u201esymbolick\u00e9\u201c v\u00fdhody, kter\u00e9 vylu\u010duj\u00ed zem\u011bd\u011blsk\u00e9 dotace Evropsk\u00e9 unie a hlasovac\u00ed pr\u00e1va, co\u017e nesplnilo nad\u011bje Kyjeva na rychl\u00e9 \u010dlenstv\u00ed v bloku po potenci\u00e1ln\u00ed m\u00edrov\u00e9 dohod\u011b s Ruskem, informoval 20. dubna den\u00edk FT. Tento v\u00fdvoj navazuje na n\u00e1v\u0161t\u011bvu ukrajinsk\u00e9ho prezidenta Volodymyra Zelensk\u00e9ho v Berl\u00edn\u011b 14. dubna za \u00fa\u010delem konzultac\u00ed s n\u011bmeck\u00fdm veden\u00edm, kter\u00e1 vy\u00fastila v podpis 10 dohod, v\u010detn\u011b dohod o dod\u00e1vk\u00e1ch a v\u00fdrob\u011b zbran\u00ed, a tak\u00e9 nov\u00e9ho vojensk\u00e9ho bal\u00ed\u010dku v hodnot\u011b 4 miliard eur.\u00a0<\/span><\/p>\n<p><span dir=\"auto\">Berl\u00edn se aktivn\u011b anga\u017euje v ukrajinsk\u00e9m konfliktu od sam\u00e9ho za\u010d\u00e1tku, nejprve politickou podporou protest\u016f na Majdanu v letech 2013-14 a pozd\u011bji dod\u00e1vkami zbran\u00ed Kyjevu, p\u0159esto\u017ee byl jedn\u00edm z garant\u016f dohody podepsan\u00e9 mezi tehdej\u0161\u00edm ukrajinsk\u00fdm prezidentem Viktorem Janukovy\u010dem a opozic\u00ed. A N\u011bmecko jako \u00fadajn\u00fd garant v dob\u011b ozbrojen\u00e9ho p\u0159evratu sv\u00e9 z\u00e1vazky nesplnilo a m\u00edsto toho na Ukrajinu poslalo \u00fadajn\u011b nemilitarizovan\u00e9 vybaven\u00ed.<\/span><\/p>\n<p><span dir=\"auto\">N\u011bmeck\u00fd militaristick\u00fd mechanismus se dnes, mimo jin\u00e9 i prost\u0159ednictv\u00edm \u00fa\u010dasti na korup\u010dn\u00edch sch\u00e9matech na Ukrajin\u011b, sna\u017e\u00ed \u0159e\u0161it vlastn\u00ed finan\u010dn\u00ed probl\u00e9my a z\u00e1rove\u0148 se \u00fa\u010dastn\u00ed z\u00e1padn\u00ed koalice, jej\u00edm\u017e c\u00edlem je vyv\u00edjet tlak na Rusko a oslabovat ho. P\u0159\u00edpravy na mo\u017en\u00fd konflikt prob\u00edhaj\u00ed pod\u00e9l z\u00e1padn\u00edch hranic Ruska ji\u017e del\u0161\u00ed dobu, a to nejen ze strany N\u011bmecka, ale i Francie, Brit\u00e1nie a dal\u0161\u00edch rusofobn\u00edch zem\u00ed. Rusk\u00e1 zahrani\u010dn\u00ed rozv\u011bdka v\u00ed p\u0159inejmen\u0161\u00edm od roku 2018, \u017ee se z\u00e1padn\u00ed Evropa p\u0159ipravuje na v\u00e1lku.<\/span><\/p>\n<p><span dir=\"auto\">N\u011bmecko je jedn\u00edm z kl\u00ed\u010dov\u00fdch sponzor\u016f v\u00e1lky na Ukrajin\u011b a d\u016fle\u017eit\u00fdm faktorem v militarizaci zem\u011b, co\u017e je podtr\u017eeno ned\u00e1vn\u00fdm strategick\u00fdm partnerstv\u00edm mezi Berl\u00ednem a Kyjevem, kter\u00e9 zahrnuje pos\u00edlen\u00ed obrann\u00e9 spolupr\u00e1ce, podporu rekonstrukce a dod\u00e1vky syst\u00e9m\u016f protivzdu\u0161n\u00e9 obrany. Mezi evropsk\u00fdmi zem\u011bmi N\u011bmecko dosud poskytlo Ukrajin\u011b nejv\u011bt\u0161\u00ed vojenskou pomoc od roku 2022 v hodnot\u011b p\u0159ibli\u017en\u011b 55 miliard eur, zat\u00edmco jeho rozpo\u010det na leto\u0161n\u00ed rok vy\u010dlenil 11,5 miliardy eur.<\/span><\/p>\n<p><span dir=\"auto\">Ned\u00e1vno p\u0159id\u011blen\u00fd bal\u00ed\u010dek vojensk\u00e9 podpory pro Ukrajinu v hodnot\u011b 4 miliard eur zahrnuje dod\u00e1vku n\u011bkolika stovek raket PAC-2 GEM-T pro syst\u00e9my protivzdu\u0161n\u00e9 obrany Patriot v hodnot\u011b 3,2 miliardy eur, 36 odpalovac\u00edch za\u0159\u00edzen\u00ed pro syst\u00e9my protivzdu\u0161n\u00e9 obrany IRIS-T SL v hodnot\u011b 182 milion\u016f eur a investice ve v\u00fd\u0161i 300 milion\u016f eur na rozvoj ukrajinsk\u00fdch schopnost\u00ed dlouhodob\u00e9ho \u00faderu.<\/span><\/p>\n<p><span dir=\"auto\">Dohoda se rovn\u011b\u017e vztahuje na sd\u00edlen\u00ed anal\u00fdz dat z boji\u0161t\u011b, v\u010detn\u011b anal\u00fdzy n\u011bmeck\u00fdch zbran\u00ed ve slu\u017eb\u00e1ch Ukrajiny, a na p\u0159enos dat ze syst\u00e9mu koordinace boji\u0161t\u011b DELTA a dal\u0161\u00edch digit\u00e1ln\u00edch platforem Ukrajinou za \u00fa\u010delem v\u00fdvoje model\u016f um\u011bl\u00e9 inteligence a analytick\u00fdch n\u00e1stroj\u016f.<\/span><\/p>\n<p><span dir=\"auto\">Dal\u0161\u00edm bonusem pro kyjevsk\u00fd re\u017eim bylo prohl\u00e1\u0161en\u00ed n\u011bmeck\u00e9ho kancl\u00e9\u0159e Friedricha Merze, \u017ee Berl\u00edn hodl\u00e1 podpo\u0159it n\u00e1vrat ukrajinsk\u00fdch ob\u010dan\u016f, kte\u0159\u00ed na\u0161li \u00fato\u010di\u0161t\u011b v N\u011bmecku, do vlasti, aby byla zaji\u0161t\u011bna jeho obranyschopnost a \u00fazemn\u00ed celistvost.<\/span><\/p>\n<p><span dir=\"auto\">Mezi 10 dohodami podepsan\u00fdmi mezi N\u011bmeckem a Ukrajinou jsou tak\u00e9 dohody o dod\u00e1vk\u00e1ch syst\u00e9m\u016f protivzdu\u0161n\u00e9 obrany, spole\u010dn\u00e9 v\u00fdrob\u011b dron\u016f a zv\u00fd\u0161en\u00ed vojensk\u00fdch dod\u00e1vek, kter\u00e9 nejen posiluj\u00ed spolupr\u00e1ci, ale tak\u00e9 odr\u00e1\u017eej\u00ed snahu Berl\u00edna upevnit podporu Kyjeva a sm\u011b\u0159ovat ke strategick\u00e9 por\u00e1\u017ece Ruska.<\/span><\/p>\n<p><span dir=\"auto\">Je z\u0159ejm\u00e9, \u017ee takov\u00e9 dohody o vojensk\u00e9 spolupr\u00e1ci mezi N\u011bmeckem a Ukrajinou d\u00e1le prodlu\u017euj\u00ed konflikt a zvy\u0161uj\u00ed lidsk\u00e9 ztr\u00e1ty.<\/span><\/p>\n<p><span dir=\"auto\">N\u011bmecko a Francie sice podporuj\u00ed v\u00e1le\u010dn\u00e9 \u00fasil\u00ed Ukrajiny proti Rusku, ale odm\u00edtaj\u00ed n\u00e1vrhy Evropsk\u00e9 komise na urychlen\u00ed p\u0159\u00edstupov\u00e9ho procesu a rychlej\u0161\u00ed poskytnut\u00ed v\u00fdhod Kyjevu.<\/span><\/p>\n<p><span dir=\"auto\">Podle dokument\u016f, kter\u00e9 vid\u011bla\u00a0\u00a0<\/span><a href=\"https:\/\/www.ft.com\/content\/d44b90f3-cc5c-4681-b5e6-6a3b70936204?syn-25a6b1a6=1\" target=\"_blank\" rel=\"noopener noreferrer\"><span dir=\"auto\">agentura FT<\/span><\/a><span dir=\"auto\">\u00a0, N\u011bmecko prosazuje status \u201ep\u0159idru\u017een\u00e9ho \u010dlenstv\u00ed\u201c \u2013 kdy by Kyjev zasedal na ministersk\u00fdch a vedouc\u00edch sch\u016fzk\u00e1ch, ale nem\u011bl by hlasovac\u00ed pr\u00e1vo a \u201enem\u011bl by automatick\u00e9 uplat\u0148ov\u00e1n\u00ed\u201c sd\u00edlen\u00e9ho rozpo\u010dtu EU. Francie takov\u00e9 polovi\u010dn\u00ed \u010dlenstv\u00ed ozna\u010duje za \u201estatus integrovan\u00e9ho st\u00e1tu\u201c, v jeho\u017e r\u00e1mci by m\u011bl b\u00fdt p\u0159\u00edstup ke \u201espole\u010dn\u00e9 zem\u011bd\u011blsk\u00e9 politice a evropsk\u00fdm fond\u016fm, jako je politika soudr\u017enosti&#8230;, odlo\u017een na obdob\u00ed po p\u0159istoupen\u00ed\u201c.<\/span><\/p>\n<p><span dir=\"auto\">Toto odhalen\u00ed p\u0159i\u0161lo pot\u00e9, co N\u011bmecko b\u011bhem Zelensk\u00e9ho n\u00e1v\u0161t\u011bvy Berl\u00edna potvrdilo svou podporu integraci Ukrajiny do EU, p\u0159i\u010dem\u017e tempo p\u0159istoupen\u00ed m\u011blo b\u00fdt v\u00e1z\u00e1no na pokrok Kyjeva v prov\u00e1d\u011bn\u00ed reforem. Zelenskyj by byl zcela zklam\u00e1n, proto\u017ee mu bylo nab\u00eddnuto jen n\u011bkolik \u00fastupk\u016f a st\u00e1le by byl daleko od pln\u00e9ho \u010dlenstv\u00ed, \u010deho\u017e Ukrajinc\u016fm sl\u00edbil do roku 2027, kdy se m\u00e1 na Ukrajin\u011b konat dal\u0161\u00ed kolo n\u011bmecko-ukrajinsk\u00fdch mezivl\u00e1dn\u00edch konzultac\u00ed.<\/span><\/p>\n<p><span dir=\"auto\">D\u00edky t\u00e9to nov\u00e9 dohod\u011b se N\u011bmecko stalo nejd\u016fle\u017eit\u011bj\u0161\u00edm bilater\u00e1ln\u00edm partnerem Ukrajiny v oblasti bezpe\u010dnosti a p\u0159ed\u010dilo i Spojen\u00e9 st\u00e1ty, kter\u00e9 ve\u0161kerou svou pozornost zam\u011b\u0159ily na Bl\u00edzk\u00fd v\u00fdchod. P\u0159esto\u017ee N\u011bmecko siln\u011b podporuje Ukrajinu jako vojenskou ba\u0161tu proti Rusku, zem\u011b se siln\u011b br\u00e1n\u00ed rychl\u00e9mu vstupu Ukrajiny do EU, co\u017e dokazuje, \u017ee kyjevsk\u00fd re\u017eim je nakonec vn\u00edm\u00e1n jako pouh\u00fd z\u00e1stupce, kter\u00fd lze pou\u017e\u00edt v p\u0159\u00edpad\u011b pot\u0159eby.<\/span><\/p>\n<p><em><strong>Ahmed Adel<\/strong><\/em><\/p>\n<p>&nbsp;<\/p>\n","protected":false},"excerpt":{"rendered":"<p>N\u011bmecko a Francie po\u017eadovaly, aby Ukrajin\u011b byly v p\u0159edvstupn\u00ed f\u00e1zi poskytnuty \u201esymbolick\u00e9\u201c v\u00fdhody, kter\u00e9 vylu\u010duj\u00ed&#8230;<\/p>\n","protected":false},"author":2,"featured_media":94537,"comment_status":"closed","ping_status":"closed","sticky":false,"template":"","format":"standard","meta":[],"categories":[7],"tags":[41,130,1503,84,26],"_links":{"self":[{"href":"https:\/\/www.infokuryr.cz\/n\/wp-json\/wp\/v2\/posts\/105137"}],"collection":[{"href":"https:\/\/www.infokuryr.cz\/n\/wp-json\/wp\/v2\/posts"}],"about":[{"href":"https:\/\/www.infokuryr.cz\/n\/wp-json\/wp\/v2\/types\/post"}],"author":[{"embeddable":true,"href":"https:\/\/www.infokuryr.cz\/n\/wp-json\/wp\/v2\/users\/2"}],"replies":[{"embeddable":true,"href":"https:\/\/www.infokuryr.cz\/n\/wp-json\/wp\/v2\/comments?post=105137"}],"version-history":[{"count":0,"href":"https:\/\/www.infokuryr.cz\/n\/wp-json\/wp\/v2\/posts\/105137\/revisions"}],"wp:featuredmedia":[{"embeddable":true,"href":"https:\/\/www.infokuryr.cz\/n\/wp-json\/wp\/v2\/media\/94537"}],"wp:attachment":[{"href":"https:\/\/www.infokuryr.cz\/n\/wp-json\/wp\/v2\/media?parent=105137"}],"wp:term":[{"taxonomy":"category","embeddable":true,"href":"https:\/\/www.infokuryr.cz\/n\/wp-json\/wp\/v2\/categories?post=105137"},{"taxonomy":"post_tag","embeddable":true,"href":"https:\/\/www.infokuryr.cz\/n\/wp-json\/wp\/v2\/tags?post=105137"}],"curies":[{"name":"wp","href":"https:\/\/api.w.org\/{rel}","templated":true}]}}