{"id":105129,"date":"2026-04-22T00:13:33","date_gmt":"2026-04-21T22:13:33","guid":{"rendered":"https:\/\/www.infokuryr.cz\/n\/?p=105129"},"modified":"2026-04-21T11:20:59","modified_gmt":"2026-04-21T09:20:59","slug":"ukrajinska-pravda-sluzebnici-midasovi-proc-jaro-neodhali-kdo-kde-ukradl","status":"publish","type":"post","link":"https:\/\/www.infokuryr.cz\/n\/2026\/04\/22\/ukrajinska-pravda-sluzebnici-midasovi-proc-jaro-neodhali-kdo-kde-ukradl\/","title":{"rendered":"Ukrajinsk\u00e1 pravda: \u201eSlu\u017eebn\u00edci Midasovi.\u201c Pro\u010d jaro neodhal\u00ed, kdo kde ukradl"},"content":{"rendered":"<div id=\"fb-root\"><\/div>\n<p>Ukrajina, Ukrajina a\u00a0 zase\u00a0 Ukrajina\u2026. Mus\u00edme\u00a0 st\u00e1t\u00a0 na jej\u00ed\u00a0 stran\u011b, proto\u017ee n\u00e1s\u00a0 chr\u00e1n\u00ed\u00a0 p\u0159ed\u00a0 odpudiv\u00fdm\u00a0 barbarem\u00a0 z v\u00fdchodu, co\u00a0 by n\u00e1m ukradl\u00a0 demokracii a\u00a0 svobodu a\u00a0 zanesl\u00a0 sem\u00a0 byzantskou\u00a0 korupci!\u00a0 State\u010dn\u00ed\u00a0 obyvatel\u00e9\u00a0 Ukrajiny a\u00a0 je\u0161t\u011b\u00a0 state\u010dn\u011bj\u0161\u00ed\u00a0 p\u0159edstavitel\u00e9\u00a0 jej\u00edho politick\u00e9ho veden\u00ed\u00a0 jsou\u00a0 toho z\u00e1rukou. Proto\u00a0 je\u00a0 t\u0159eba je podporovat,\u00a0 i\u00a0 kdybychom\u00a0 sami m\u011bli\u00a0 padnout!<\/p>\n<p>Mezi\u00a0 t\u011bmi\u00a0 nejtvrd\u0161\u00edmi\u00a0 ukrajinsk\u00fdmi\u00a0 zdroji vynik\u00e1\u00a0 Ukrajinsk\u00e1 pravda.\u00a0 A nebudete\u00a0 v\u011b\u0159it\u00a0 tomu, co\u00a0 p\u0159inesla\u00a0 ohledn\u011b\u00a0 pom\u011br\u016f\u00a0 v nejvy\u0161\u0161\u00edm pat\u0159e\u00a0 ukrajinsk\u00e9ho politick\u00e9ho veden\u00ed!<\/p>\n<h3 class=\"post_article_title\"><a href=\"https:\/\/www.pravda.com.ua\/rus\/articles\/2026\/04\/16\/8030352\/\"><strong>\u201e\u0421\u043b\u0443\u0433\u0438 \u041c\u0438\u0434\u0430\u0441\u0430\u201c. \u041f\u043e\u0447\u0435\u043c\u0443 \u0432\u0435\u0441\u043d\u0430 \u041d\u0415 \u043f\u043e\u043a\u0430\u0436\u0435\u0442, \u043a\u0442\u043e \u0433\u0434\u0435 \u0432\u043e\u0440\u043e\u0432\u0430\u043b<\/strong><\/a><\/h3>\n<p>podle\u00a0 p\u0159eklada\u010de<\/p>\n<h3 class=\"post_article_title\"><strong>\u201eSlu\u017eebn\u00edci Midasovi.\u201c Pro\u010d jaro neodhal\u00ed, kdo kde ukradl<\/strong><\/h3>\n<p>V\u00fdjime\u010dn\u011b\u00a0 za\u010dnu p\u016fvodn\u00edm\u00a0 \u00a0ilustrativn\u00edm obr\u00e1zkem\u00a0 origin\u00e1ln\u00edho \u010dl\u00e1nku<\/p>\n<p><img decoding=\"async\" loading=\"lazy\" class=\"aligncenter\" src=\"https:\/\/uimg.pravda.com.ua\/buckets\/upstatic\/images\/doc\/c\/e\/810325\/ce4c08d840d92f123cf4ed9a63b88098.jpeg?w=1920&amp;q=90\" alt=\"Midasovi slu\u017eebn\u00edci: Pro\u010d jaro neodhal\u00ed, kdo kde kradl\" width=\"572\" height=\"321\" \/><\/p>\n<p>No\u00a0 a te\u010f\u00a0 si\u00a0 d\u00e1me\u00a0 to, co\u00a0 o t\u011bhlech\u00a0 mil\u00fdch\u00a0 chlapc\u00edch, co\u00a0 jsou\u00a0 z\u00e1\u0161titou\u00a0 Evropy,\u00a0 jej\u00ed\u00a0 svobody, demokracie a prosperity,\u00a0 p\u011bkn\u00e9ho\u00a0 napsala\u00a0 kyjevsk\u00e1\u00a0 Pravda.\u00a0 Snad\u00a0 nejtvrd\u0161\u00ed\u00a0 a nejzu\u0159iv\u011bj\u0161\u00ed\u00a0 ukrajinsk\u00fd\u00a0 zdroj:<\/p>\n<p>Zneu\u017eit\u00ed moci za stann\u00e9ho pr\u00e1va p\u0159edv\u00eddateln\u011b vedlo na konci lo\u0148sk\u00e9ho roku k nejv\u011bt\u0161\u00ed politick\u00e9\u00a0<a href=\"https:\/\/www.pravda.com.ua\/rus\/news\/2025\/11\/14\/8007271\/\">krizi\u00a0<\/a>, a to nejen od tot\u00e1ln\u00ed invaze, ale tak\u00e9 od za\u010d\u00e1tku neomezen\u00e9ho funk\u010dn\u00edho obdob\u00ed prezidenta Volodymyra Zelensk\u00e9ho.<\/p>\n<p>P\u0159esto\u017ee politici, novin\u00e1\u0159i a znepokojen\u00ed ob\u010dan\u00e9 od poloviny roku 2022 opakovan\u011b varuj\u00ed Bankovou, \u017ee syst\u00e9m vl\u00e1dnut\u00ed postaven\u00fd na kump\u00e1nech, stranick\u00fdch p\u0159\u00e1tel\u00edch a jejich d\u016fv\u011brn\u00edc\u00edch nevyhnuteln\u011b vede ke korupci, tahle\u00a0 politick\u00e1 generace se st\u00e1le nepou\u010dila od sv\u00fdch p\u0159edch\u016fdc\u016f.<\/p>\n<p>V d\u016fsledku toho byly na nejdra\u017e\u0161\u00edch\u00a0 ukrajinsk\u00fdch\u00a0 \u00a0pozemc\u00edch\u00a0 v\u016fbec, v hlavn\u00edm m\u011bst\u011b -Koz\u00edn\u011b, b\u011bhem v\u00e1lky postaveny \u010dty\u0159i\u00a0<a href=\"https:\/\/www.youtube.com\/watch?v=WIuAeuez0oc&amp;t=1868s\" target=\"_blank\" rel=\"noopener\">usedlosti\u00a0<\/a>\u2013 ka\u017ed\u00e1 o rozloze p\u0159ibli\u017en\u011b 1 000 metr\u016f \u010dtvere\u010dn\u00edch.<\/p>\n<p>V politick\u00fdch kruz\u00edch je to dlouho ve\u0159ejn\u00fdm tajemstv\u00edm: \u010dty\u0159i soudruzi zorganizovali sou\u017eit\u00ed takov\u00e9ho rozsahu, \u017ee se samo o sob\u011b stalo p\u0159edm\u011btem diskuse. Zd\u00e1 se v\u0161ak, \u017ee NABU a SAPO jsou st\u00e1le ve f\u00e1zi shroma\u017e\u010fov\u00e1n\u00ed d\u016fkaz\u016f a nen\u00ed jasn\u00e9, zda se jim poda\u0159\u00ed v\u011bc dov\u00e9st k n\u011bjak\u00e9mu\u00a0 uchopiteln\u00e9mu z\u00e1v\u011bru.<\/p>\n<p>Mezit\u00edm si vlastn\u00edk\u00a0 nejv\u011bt\u0161\u00edho z t\u011bchto dom\u016f m\u016f\u017ee u\u017e\u00edvat de facto imunity v\u016f\u010di protikorup\u010dn\u00edmu st\u00edh\u00e1n\u00ed, alespo\u0148 dokud z\u016fstane ve funkci.<\/p>\n<p>Podle zdroj\u016f UP z politick\u00fdch kruh\u016f za\u010dal \u00fatok na nez\u00e1vislost NABU a SAP v \u010dervenci lo\u0148sk\u00e9ho roku emotivn\u00edm a odhaluj\u00edc\u00edm prohl\u00e1\u0161en\u00edm prezidenta:<strong>\u00a0\u201eVm\u011b\u0161uj\u00ed se do rodiny.\u201c<\/strong><\/p>\n<p>Uplynulo jen p\u00e1r m\u011bs\u00edc\u016f a tato logika se bolestn\u011b obr\u00e1tila proti n\u011bmu: t\u0159i z jeho nejbli\u017e\u0161\u00edch p\u0159\u00e1tel se ocitli v centru v\u00fdznamn\u00fdch korup\u010dn\u00edch kauz na nejvy\u0161\u0161\u00ed \u00farovni.<\/p>\n<p>Konec situace byl stejn\u011b n\u00e1hl\u00fd jako za\u010d\u00e1tek: prezident se ve\u0159ejn\u011b distancoval a prohl\u00e1sil, \u017ee b\u011bhem v\u00e1lky \u201ep\u0159\u00e1tel\u00e9 neexistuj\u00ed\u201c. Ot\u00e1zkou v\u0161ak z\u016fst\u00e1v\u00e1: existuj\u00ed skute\u010dn\u011b nebo se pouze m\u011bn\u00ed zp\u016fsob jejich ochrany?<\/p>\n<p>Zd\u00e1lo se, \u017ee p\u0159ehnan\u00e1 chamtivost politick\u00e9ho centra, kter\u00e9 ji\u017e v \u0161est\u00e9m roce vl\u00e1dy soust\u0159edilo moc nikoli z nutnosti, ale ze setrva\u010dnosti a shov\u00edvavosti ob\u010dan\u016f, se m\u00e1 obr\u00e1tit proti nim. Symbolizovalo to nap\u0159\u00edklad tzv. \u201eMinisterstvo n\u00e1rodn\u00ed jednoty\u201c, vytvo\u0159en\u00e9 pro konkr\u00e9tn\u00ed osobu- Alexeje \u010cerny\u0161ova, kmotra prezidentsk\u00e9 rodiny.<\/p>\n<p>Existovala iluze, \u017ee pr\u00e1v\u011b v tomto okam\u017eiku se parlament, pon\u00ed\u017een\u00fd\u00a0<a href=\"https:\/\/www.pravda.com.ua\/rus\/articles\/2025\/07\/25\/7523334\/\">\u010dervencov\u00fdm hlasov\u00e1n\u00edm,\u00a0<\/a>kone\u010dn\u011b pokus\u00ed o pomstu. To se ale nestalo.<\/p>\n<p>Na Silvestra, m\u011bs\u00edc po\u00a0<a href=\"https:\/\/www.pravda.com.ua\/rus\/news\/2025\/11\/28\/8009349\/\">prohl\u00eddk\u00e1ch\u00a0<\/a>u Andrije Jermaka, \u0161\u00e9fa prezidentsk\u00e9 administrativy, provedly NABU a SAP ne\u010dekan\u011b razii v kol\u00e9bce ukrajinsk\u00e9ho parlamentarismu. Jurij Kisil, dal\u0161\u00ed bl\u00edzk\u00fd spolupracovn\u00edk Volodymyra Zelensk\u00e9ho z Kriv\u00e9ho Rohu, a n\u011bkolik poslanc\u016f\u00a0<a href=\"https:\/\/www.pravda.com.ua\/rus\/news\/2025\/12\/27\/8013602\/\">z prezidentsk\u00e9\u00a0<\/a>frakce byli podez\u0159el\u00ed z \u00fa\u010dasti v zlo\u010dineck\u00e9 organizaci, kter\u00e1 podle vy\u0161et\u0159ovatel\u016f rozd\u00e1vala\u00a0<a href=\"https:\/\/www.pravda.com.ua\/rus\/news\/2025\/12\/27\/8013640\/\">poslanc\u016fm \u00faplatky\u00a0<\/a>za disciplinovan\u00e9\u00a0 hlasov\u00e1n\u00ed. V d\u016fsledku toho v\u011bt\u0161ina poslanc\u016f nemohla t\u00e9m\u011b\u0159 \u010dty\u0159i m\u011bs\u00edce vykon\u00e1vat sv\u00e9 \u00fastavn\u00ed povinnosti.<\/p>\n<p>Ukrajinsk\u00e1 parlamentn\u011b-prezidentsk\u00e1 republika proto do roku 2026 vstoupila nejen s v\u00fdpadky proudu a tepla \u2013 d\u016fsledkem rusk\u00e9ho ost\u0159elov\u00e1n\u00ed a ne\u00fasp\u011b\u0161n\u00e9 p\u0159\u00edpravy elektrick\u00e9 s\u00edt\u011b na\u00a0 ruskou\u00a0 kampa\u0148\u2013 ale tak\u00e9 se st\u00e1le rafinovan\u011bj\u0161\u00edmi podez\u0159en\u00edmi z rozs\u00e1hl\u00e9 korupce v obou centrech moci. To se zd\u00e1lo b\u00fdt obzvl\u00e1\u0161t\u011b nebezpe\u010dn\u00e9 vzhledem k absenci jak\u00e9koli vyhl\u00eddky na volby.<\/p>\n<p>Navzdory hmatateln\u00fdm o\u010dek\u00e1v\u00e1n\u00edm, a to i mezi samotnou vl\u00e1dnouc\u00ed elitou, politick\u00fd \u0161ok z akce\u00a0 NABU nevedl k p\u0159ehodnocen\u00ed situace. Nevedl ani ke zv\u00fd\u0161en\u00ed odpov\u011bdnosti, ani k \u0159e\u0161en\u00ed chyb, ani k pokus\u016fm o omezen\u00ed nadm\u011brn\u00e9 koncentrace moci prost\u0159ednictv\u00edm reforem, jak na tom trvali evrop\u0161t\u00ed partne\u0159i.<\/p>\n<p>V rozhovorech s p\u0159edstaviteli EU nena\u0161li vl\u00e1dn\u00ed mluv\u010d\u00ed nic lep\u0161\u00edho na pr\u00e1ci, ne\u017e obvi\u0148ovat ty, kdo poodhalili ukrajinskou korupci. M\u00edsto boje na front\u011b se Jermak vydal\u00a0<a href=\"https:\/\/www.pravda.com.ua\/rus\/news\/2026\/03\/03\/8023621\/\">na druh\u00e9\u00a0<\/a>kolo politick\u00e9ho vzestupu prost\u0159ednictv\u00edm obhajoby. Parlament se mezit\u00edm zam\u011b\u0159il na jedn\u00e1n\u00ed o bezpe\u010dnostn\u00edch z\u00e1ruk\u00e1ch. Z\u00e1ruky bezpe\u010dnosti pro\u00a0 \u010dleny parlamentu.<\/p>\n<p>A\u010dkoli je kon\u00e1n\u00ed prezidentsk\u00fdch a parlamentn\u00edch voleb b\u011bhem tot\u00e1ln\u00ed invaze nemo\u017en\u00e9, prezident a \u010dlenov\u00e9 parlamentu jsou v podstat\u011b jedin\u00fdmi ob\u010dany Ukrajiny, kte\u0159\u00ed i za stann\u00e9ho pr\u00e1va maj\u00ed st\u00e1le prostor pro volbu.<\/p>\n<p>Jeliko\u017e se ale seznam nezbytn\u00fdch reforem ve \u010dtvrt\u00e9m m\u011bs\u00edci nov\u00e9ho roku st\u00e1le jev\u00ed jako n\u011bco, co je zcela v rozporu s \u201eturbo re\u017eimem\u201c, zd\u00e1 se, \u017ee tato volba byla u\u010din\u011bna. Je tu ale h\u00e1\u010dek.<\/p>\n<p>\u201eUkrajinsk\u00e1 pravda\u201c se pokusila pochopit, jak se Timur Mindi\u010d mohl st\u00e1t \u201eDion\u00fdsem\u201c v z\u00e1v\u011bre\u010dn\u00e9m aktu operace NABU a SAP, v\u00fdmluvn\u011b pojmenovan\u00e9 \u201eMidas\u201c, pro\u010d se podez\u0159el\u00ed z operace dosud navz\u00e1jem neudali a kde se mohlo ztratit Jermakovo podez\u0159en\u00ed.<\/p>\n<h2>Nov\u00e1 sez\u00f3na se star\u00fdmi tv\u00e1\u0159emi<\/h2>\n<p><em>Zat\u00edmco Dion\u00fdsos cestoval po sv\u011bt\u011b, jeho spole\u010dn\u00edk Silenos se zastavil a usnul v r\u016f\u017eov\u00e9 zahrad\u011b. Zahradn\u00edci kr\u00e1le Midase ho chytili a p\u0159ivedli ke kr\u00e1li. Ten sv\u00e9ho hosta p\u0159ijal a n\u011bkolik dn\u00ed poslouchal jeho vypr\u00e1v\u011bn\u00ed o dalek\u00fdch zem\u00edch a divech. Pak ho propustil a poslal zp\u011bt k Dion\u00fdsovi.<\/em><\/p>\n<p><em>Jako projev vd\u011b\u010dnosti b\u016fh sl\u00edbil splnit jedno p\u0159\u00e1n\u00ed. Midas po\u017e\u00e1dal, aby se v\u0161e, \u010deho se dotkne, prom\u011bnilo ve zlato. Zpo\u010d\u00e1tku se radoval: v jeho rukou se t\u0159pytily kameny a kv\u011btiny.<\/em><\/p>\n<p><em>Ale brzy se i j\u00eddlo a pit\u00ed zbarvily dozlatova. Kr\u00e1l se polekal a za\u010dal prosit, aby mu byl jeho dar odebr\u00e1n. A Dion\u00fdsos mu na\u0159\u00eddil, aby se vykoupal v \u0159ece Pactolus\u00a0<\/em>\u2013\u00a0<em>tam byl Midas osvobozen od sv\u00e9 ni\u010div\u00e9 moci.<\/em><\/p>\n<p>Nejvlivn\u011bj\u0161\u00ed akt\u00e9\u0159i ukrajinsk\u00e9ho politick\u00e9ho \u017eivota v tomto m\u00fdtu snadno najdou paralely se sou\u010dasnost\u00ed.<\/p>\n<p>Timur Mindich, kter\u00fd byl podle mnoha lid\u00ed bl\u00edzk\u00fdch prezidentovi mnohem v\u00edc ne\u017e jen jako\u00a0 spolumajitel Kvartalu 95.<\/p>\n<p>Alexej \u010cerny\u0161ov, kter\u00fd nejen\u017ee ud\u011blal z\u00e1vratn\u00fd skok a stal se m\u00edstop\u0159edsedou vl\u00e1dy Ukrajiny, ale stal se i \u00fat\u011bchou prezidenta.<\/p>\n<p>Zem\u011b u\u017e sly\u0161ela, jak mohl \u201eDionis\u201c radit dal\u0161\u00edmu hostu vl\u00e1dn\u00edch \u201ezahr\u00e1dek\u201c, ministru energetiky Germanu Galu\u0161\u010denkovi, a to d\u00edky nahr\u00e1vk\u00e1m zve\u0159ejn\u011bn\u00fdm protikorup\u010dn\u00edmi aktivisty.<\/p>\n<p>A jak by se ukrajinsk\u00e1 energie mohla p\u0159em\u011b\u0148ovat na \u201ezlato\u201c na exotick\u00fdch offshore \u00fa\u010dtech, je pops\u00e1no v ofici\u00e1ln\u00edch zpr\u00e1v\u00e1ch NABU a SAP ohledn\u011b podez\u0159en\u00ed v\u016f\u010di \u010dlen\u016fm organizovan\u00e9 skupiny prezidenta.<\/p>\n<p><a href=\"https:\/\/www.pravda.com.ua\/rus\/news\/2026\/01\/02\/8014417\/\">A\u010dkoli mnoho politick\u00fdch zdroj\u016f, s nimi\u017e Ukrajinsk\u00e1 pravda hovo\u0159ila, sarkasticky ozna\u010dilo person\u00e1ln\u00ed zm\u011bny\u00a0<\/a>na za\u010d\u00e1tku ledna za novou s\u00e9rii star\u00e9ho televizn\u00edho seri\u00e1lu \u201eSluha lidu\u201c, ti sam\u00ed lid\u00e9 doned\u00e1vna vkl\u00e1dali nad\u011bje alespo\u0148 v zapuzen\u00ed Andrije Jermaka. O n\u011bco v\u00edce doufali, \u017ee zapomenut\u00e1 postava bude nakonec \u010delit\u00a0 ofici\u00e1ln\u00edmu podez\u0159en\u00ed.<\/p>\n<p>T\u00e9m\u011b\u0159 p\u011bt m\u011bs\u00edc\u016f po rezignaci nedo\u0161lo k \u017e\u00e1dn\u00e9mu uzav\u0159en\u00ed ani k vyvozen\u00ed odpov\u011bdnosti. Kl\u00ed\u010dov\u00e9 osobnosti z\u016fst\u00e1vaj\u00ed na sv\u00fdch m\u00edstech a byly jmenov\u00e1ny sp\u00ed\u0161e z loajality ne\u017e z profesionality.<\/p>\n<p>Andrij Jermak si nad\u00e1le upev\u0148uje sv\u016fj vliv a vyu\u017e\u00edv\u00e1 nedostatku opera\u010dn\u00ed konkurence a alternativn\u00edch center rozhodov\u00e1n\u00ed. Podle zdroj\u016f Ukrajinsk\u00e9 pravdy z politick\u00fdch a obchodn\u00edch kruh\u016f nejen\u017ee pln\u011b rozum\u00ed vnit\u0159n\u00edm proces\u016fm v prezidentsk\u00e9 kancel\u00e1\u0159i, ale tak\u00e9 si udr\u017euje rozhoduj\u00edc\u00ed vliv na v\u011bt\u0161inu jmenovan\u00fdch osob, kter\u00e9 tam byly jmenov\u00e1ny b\u011bhem p\u016fsoben\u00ed Andrije Borisovi\u010de.<\/p>\n<p>Ve skute\u010dnosti mluv\u00edme o kontrole nad drtivou v\u011bt\u0161inou nejvy\u0161\u0161\u00edho st\u00e1tn\u00edho apar\u00e1tu.<\/p>\n<p>\u201e\u00a0<em>Jeden sign\u00e1l od prezidenta a v\u0161ichni p\u0159estanou zvedat telefon od AB. Ale \u017e\u00e1dn\u00fd takov\u00fd sign\u00e1l neexistuje. Naopak, existuje sign\u00e1l, kter\u00fd potvrzuje Andrejovu autoritu,\u201c\u00a0<\/em>poznamen\u00e1v\u00e1 zdroj UP z politick\u00fdch kruz\u00edch.<\/p>\n<p>\u201e\u00a0<em>Jermak tam fyzicky\u00a0 nen\u00ed\u00a0<\/em>,\u00a0<em>ale po\u0159\u00e1d tam je. Jen mus\u00ed poslat p\u011bt textov\u00fdch zpr\u00e1v\u00a0<\/em>m\u00edsto\u00a0<em>deseti. A o v\u0161echno ostatn\u00ed se postaraj\u00ed d\u016fv\u011bryhodn\u00ed lid\u00e9,\u201c\u00a0<\/em>tvrd\u00ed dal\u0161\u00ed zdroj z mocensk\u00e9 vertik\u00e1ly.<\/p>\n<p><em>\u201eSviridenkov\u00e1 je po\u0159\u00e1d na sv\u00e9m m\u00edst\u011b. Kuleba je po\u0159\u00e1d na sv\u00e9m m\u00edst\u011b. Krav\u010denko je po\u0159\u00e1d na sv\u00e9m m\u00edst\u011b. Pronin je po\u0159\u00e1d na sv\u00e9m m\u00edst\u011b. Dokonce i Kiper je po\u0159\u00e1d na sv\u00e9m m\u00edst\u011b. GUR\u00a0<\/em>je\u00a0<em>v\u00fdtvor AB. Volba na \u0161\u00e9fa SVR\u00a0<\/em>byla\u00a0<em>tak\u00e9 od AB. Co se zm\u011bnilo po Jermakov\u011b rezignaci? Budanov se p\u0159idal k OP? No, a\u0165 se pokus\u00ed nahradit jednoho ze sv\u00fdch z\u00e1stupc\u016f\u00a0<\/em>\u2013\u00a0<em>nebo sp\u00ed\u0161e Jermakov\u00fdch z\u00e1stupc\u016f,\u201c\u00a0<\/em>zu\u0159il dal\u0161\u00ed politick\u00fd t\u011b\u017ekop\u00e1dn\u00fd hr\u00e1\u010d.<\/p>\n<p>Jermak, kter\u00fd sv\u00e9ho \u010dasu jmenoval nejen\u00a0<a href=\"https:\/\/champion.com.ua\/ukr\/football\/rebrov-yermak-buv-initsiatorom-toho-shchob-ya-povernuvsya-v-ukrayinu-937749\/\" target=\"_blank\" rel=\"noopener\">hlavn\u00edm tren\u00e9rem ukrajinsk\u00e9\u00a0<\/a>fotbalov\u00e9 reprezentace, ale dokonce i\u00a0<a href=\"https:\/\/champion.com.ua\/ukr\/chess\/ministra-z-pitan-strategichnih-galuzey-promislovosti-obrali-prezidentom-federaciji-shahiv-ukrajini-1009511\/\" target=\"_blank\" rel=\"noopener\">prezidentem\u00a0<\/a>federace\u00a0<a href=\"https:\/\/www.pravda.com.ua\/rus\/articles\/2024\/07\/19\/7466397\/\">\u0161achov\u00e9\u00a0<\/a>, se podle \u010detn\u00fdch zdroj\u016f dotazovan\u00fdch den\u00edkem UP, nikoli v\u0161ak z prezidentsk\u00e9 kancel\u00e1\u0159e, skute\u010dn\u011b st\u00e1hl do st\u00ednu.<\/p>\n<p>\u201e\u00a0<em>Zkuste se dostat ke v\u0161em brig\u00e1d\u00e1m nebo vstoupit do advok\u00e1tn\u00ed komory bez prezidentova svolen\u00ed,\u201c\u00a0<\/em>poznamenal jeden zku\u0161en\u00fd politik.<\/p>\n<p><em>\u201eMysleli jsme si, \u017ee probl\u00e9m je v Jermakovi, a proto s Jermakem bojujeme, ale on byl prezident,\u201c\u00a0<\/em>prohl\u00e1sil\u00a0<em>neofici\u00e1ln\u011b\u00a0<\/em>jeden z vysoce postaven\u00fdch \u010dlen\u016f Zelensk\u00e9ho t\u00fdmu v rozhovoru s autorem tohoto \u010dl\u00e1nku dva m\u011bs\u00edce po rezignaci \u0161\u00e9fa prezidentsk\u00e9 kancel\u00e1\u0159e.<\/p>\n<p>Pr\u00e1v\u011b proto z\u00e1stupci politick\u00e9ho establishmentu, kte\u0159\u00ed sv\u00e9ho \u010dasu vid\u011bli ve jmenov\u00e1n\u00ed gener\u00e1la Kirilla Budanova \u0161anci restartovat vertik\u00e1ln\u00ed mocenskou strukturu a o\u010distit ji od \u201ep\u0159\u00e1tel p\u0159\u00edtele Sullivana\u201c, st\u00e1le \u010dast\u011bji vysv\u011btluj\u00ed sou\u010dasn\u00e9 person\u00e1ln\u00ed zm\u011bny nikoli logikou ve\u0159ejn\u00e9 spr\u00e1vy, ale logikou s\u00e9riov\u00e9ho sc\u00e9n\u00e1\u0159e.<\/p>\n<p><em>\u201eVym\u011bnili negativn\u00ed postavu za pozitivn\u00ed a prezident se sna\u017eil p\u0159iv\u00e9st zp\u011bt obl\u00edbence div\u00e1k\u016f z p\u0159edchoz\u00edch sez\u00f3n (setk\u00e1n\u00ed s Alexandrem Kubrakovem, Dmitrijem Kulebou a dal\u0161\u00edmi),\u201c\u00a0<\/em>za\u017eertoval jeden politick\u00fd veter\u00e1n.<\/p>\n<p>V\u011bt\u0161ina zdroj\u016f, kter\u00e9 Ukrajinsk\u00e1 pravda oslovila, se shoduje: v prezidentsk\u00e9 kancel\u00e1\u0159i se skute\u010dn\u011b \u201ed\u00fdch\u00e1 sn\u00e1ze\u201c \u2013 Jermak u\u017e nemonopolizuje p\u0159\u00edstup a nov\u00fd \u0161\u00e9f kancel\u00e1\u0159e zaznamenal n\u00e1vrat front n\u00e1v\u0161t\u011bvn\u00edk\u016f, kter\u00e9 syst\u00e9m dlouho blokoval.<\/p>\n<p>Tato zd\u00e1nliv\u00e1 dekoncentrace vlivu se v\u0161ak m\u016f\u017ee uk\u00e1zat sp\u00ed\u0161e jako taktick\u00e1 iluze ne\u017e struktur\u00e1ln\u00ed zm\u011bna. Proto\u017ee p\u0159edpoklad, \u017ee Andrej Borisovi\u010d ztratil kontrolu nad samotn\u00fdmi mechanismy \u201eventilace\u201c, se zd\u00e1 b\u00fdt p\u0159inejmen\u0161\u00edm p\u0159ed\u010dasn\u00fd.<\/p>\n<p>Pr\u00e1v\u011b proto je b\u00fdval\u00fd \u0161\u00e9f tajn\u00fdch slu\u017eeb zem\u011b b\u011bhem prvn\u00edch sto dn\u016f sv\u00e9ho jmenov\u00e1n\u00ed nucen p\u016fsobit nejen jako administr\u00e1tor, ale tak\u00e9 jako analytik politick\u00e9 kontrarozv\u011bdky \u2013 mapovat sf\u00e9ry vlivu sv\u00e9ho p\u0159edch\u016fdce a sna\u017eit se odd\u011blit form\u00e1ln\u00ed zm\u011bny od skute\u010dn\u00fdch center moci.<\/p>\n<p>Podle zdroj\u016f bl\u00edzk\u00fdch Budanovovi v\u00fdsledky tohoto auditu nenab\u00edzej\u00ed \u017e\u00e1dn\u00fd d\u016fvod k optimismu. Pro samotn\u00e9ho Jermaka se v\u0161ak zd\u00e1, \u017ee nov\u00e1 konfigurace pouze roz\u0161i\u0159uje jeho mo\u017enosti.<\/p>\n<p>Podle zdroj\u016f z politick\u00fdch kruh\u016f nad\u00e1le uva\u017euje o institucionalizaci vlivu \u2013 zejm\u00e9na prost\u0159ednictv\u00edm mo\u017en\u00e9ho zvolen\u00ed p\u0159edsedou Ukrajinsk\u00e9 advok\u00e1tn\u00ed komory a \u010dlenstv\u00edm ve Vysok\u00e9 rad\u011b spravedlnosti.<\/p>\n<h2>Podez\u0159en\u00ed na nejlep\u0161\u00edho herce ve vedlej\u0161\u00ed roli<\/h2>\n<p>Podle zdroj\u016f Ukrajinsk\u00e9 pravdy z \u0159ad policist\u016f provedly NABU a SAP ned\u00e1vno dal\u0161\u00ed prohl\u00eddku v centru hlavn\u00edho m\u011bsta na dnes ji\u017e legend\u00e1rn\u00ed adrese Gru\u0161evsk\u00e9ho ulici 9A. Pr\u00e1v\u011b tam policist\u00e9 loni v listopadu prohled\u00e1vali nemovitosti Timura Mindi\u010de. Pro\u010d pot\u0159ebovali \u00fa\u0159edn\u00edci protikorup\u010dn\u00edho \u00fa\u0159adu opakovan\u00e9 prohl\u00eddky p\u011bt m\u011bs\u00edc\u016f po prvn\u00ed?<\/p>\n<p>Podle zdroj\u016f UP z politick\u00fdch kruh\u016f Mindich sou\u010dasn\u011b obdr\u017eel p\u0159edvol\u00e1n\u00ed k Nejvy\u0161\u0161\u00edmu protikorup\u010dn\u00edmu soudu. Tentokr\u00e1t v\u0161ak jeho jm\u00e9no nebylo v soudn\u00edch dokumentech jedin\u00e9: p\u0159edvol\u00e1n\u00ed k Nejvy\u0161\u0161\u00edmu protikorup\u010dn\u00edmu soudu obdr\u017eel i Andrij Jermak.<\/p>\n<p>Toto je prvn\u00ed ve\u0159ejn\u011b zdokumentovan\u00fd p\u0159\u00edpad, kdy se b\u00fdval\u00fd \u0161\u00e9f prezidentsk\u00e9 kancel\u00e1\u0159e objevil ve stejn\u00e9m kontextu jako jin\u00e1 osoba bl\u00edzk\u00e1 Volodymyru Zelensk\u00e9mu \u2013 v r\u00e1mci operace Midas, kter\u00e1 se t\u00fdk\u00e1 mo\u017en\u00e9ho zneu\u017e\u00edv\u00e1n\u00ed v energetick\u00e9m sektoru.<\/p>\n<p>Podle zdroj\u016f z donucovac\u00edch org\u00e1n\u016f se sly\u0161en\u00ed u Vrchn\u00edho protikorup\u010dn\u00edho soudu t\u00fdkalo zabaven\u00ed majetku v r\u00e1mci trestn\u00edho \u0159\u00edzen\u00ed.<\/p>\n<p>Zvl\u00e1\u0161tn\u00ed pozornost si zaslou\u017e\u00ed, m\u00edrn\u011b \u0159e\u010deno, neobvykl\u00fd seznam p\u0159edm\u011bt\u016f zabaven\u00fdch p\u0159i prohl\u00eddk\u00e1ch. Podle stejn\u00fdch zdroj\u016f se mezi t\u011bmito p\u0159edm\u011bty nejednalo o telefony, notebooky ani jin\u00e1 pam\u011b\u0165ov\u00e1 m\u00e9dia, ale sp\u00ed\u0161e o d\u00e1lkov\u00e9 ovlada\u010de dom\u00e1c\u00edch spot\u0159ebi\u010d\u016f, hygienick\u00e9 pot\u0159eby, boty a oble\u010den\u00ed.<\/p>\n<p>Tento specifick\u00fd vzorec zabaven\u00ed m\u016f\u017ee nazna\u010dovat p\u0159\u00edpravy na biologick\u00e9 vy\u0161et\u0159en\u00ed DNA \u2013 k prok\u00e1z\u00e1n\u00ed vlastnictv\u00ed t\u011bchto p\u0159edm\u011bt\u016f konkr\u00e9tn\u00edmi osobami. A to je jen jeden z mo\u017en\u00fdch rozm\u011br\u016f tohoto p\u0159\u00edb\u011bhu.<\/p>\n<p>Mezit\u00edm se ani Mindi\u010d, ani Andrij Jermak na sly\u0161en\u00ed HACC nedostavili. Mindi\u010dova nep\u0159\u00edtomnost m\u00e1 sice z\u0159ejm\u00e9 vysv\u011btlen\u00ed \u2013 zemi opustil v p\u0159edve\u010der prohl\u00eddek NABU a SAP a podle zdroj\u016f se nach\u00e1z\u00ed v Izraeli \u2013 d\u016fvod Jermakovy nep\u0159\u00edtomnosti z\u016fst\u00e1v\u00e1 nejasn\u00fd.<\/p>\n<p>A to vyvol\u00e1v\u00e1 \u0161ir\u0161\u00ed ot\u00e1zku: mohla by samotn\u00e1 skute\u010dnost jeho p\u0159edvol\u00e1n\u00ed k soudu nazna\u010dovat pokus vy\u0161et\u0159ov\u00e1n\u00ed zjistit, zda v\u011bci zabaven\u00e9 p\u0159i prohl\u00eddce bytu na Gru\u0161evsk\u00e9ho ulici 9A pat\u0159\u00ed b\u00fdval\u00e9mu \u0161\u00e9fovi prezidentsk\u00e9 kancel\u00e1\u0159e?<\/p>\n<p>Redakce se domn\u00edv\u00e1, \u017ee je t\u0159eba v\u011bnovat je\u0161t\u011b v\u011bt\u0161\u00ed pozornost ot\u00e1zce: pro\u010d by \u00fa\u0159edn\u00edci protikorup\u010dn\u00edch \u00fa\u0159ad\u016f cht\u011bli zji\u0161\u0165ovat, \u010d\u00ed v\u011bci se nach\u00e1zej\u00ed v majetku Timura Mindi\u010de, nebo \u010d\u00ed otisky prst\u016f se na t\u011bchto v\u011bcech nach\u00e1zej\u00ed? Mohlo by takov\u00e9 jedn\u00e1n\u00ed org\u00e1n\u016f \u010dinn\u00fdch v trestn\u00edm \u0159\u00edzen\u00ed nazna\u010dovat, \u017ee Mindi\u010d mohl Jermakovi poskytnout nebo darovat jeden ze sv\u00fdch byt\u016f?<\/p>\n<p>Mo\u017en\u00e1, \u017ee odpov\u011b\u010f na tuto ot\u00e1zku le\u017e\u00ed 30 kilometr\u016f od skand\u00e1ln\u00edho domu \u2013 na \u00fazem\u00ed dru\u017estva s v\u00fdmluvn\u00fdm n\u00e1zvem \u201eDynastie\u201c.<\/p>\n<p>Po zve\u0159ejn\u011bn\u00ed tohoto vy\u0161et\u0159ov\u00e1n\u00ed\u00a0<a href=\"https:\/\/www.youtube.com\/watch?v=WIuAeuez0oc&amp;t=1868s\" target=\"_blank\" rel=\"noopener\">zah\u00e1jili\u00a0<\/a>kolegov\u00e9 z NABU a SAP trestn\u00ed st\u00edh\u00e1n\u00ed \u2013 dal\u0161\u00ed, kter\u00e9 se t\u00fdk\u00e1 b\u00fdval\u00e9ho m\u00edstop\u0159edsedy vl\u00e1dy.<\/p>\n<p>Podle zdroj\u016f Ukrajinsk\u00e9 pravdy z protikorup\u010dn\u00edch org\u00e1n\u016f dohl\u00ed\u017eel na v\u00fdstavbu t\u011bchto s\u00eddli\u0161\u0165 Oleksij \u010cerny\u0161ov \u2013 nejprve jako ministr pro region\u00e1ln\u00ed rozvoj, pot\u00e9 jako \u0161\u00e9f N\u00e1rodn\u00ed akciov\u00e9 spole\u010dnosti Naftogaz a nakonec jako m\u00edstop\u0159edseda vl\u00e1dy.<\/p>\n<p>Opr\u00e1vn\u011bn\u00e9 podez\u0159en\u00ed se v\u0161ak net\u00fdk\u00e1 jen samotn\u00e9 stavby, ale i mo\u017en\u00e9ho krimin\u00e1ln\u00edho p\u016fvodu finan\u010dn\u00edch prost\u0159edk\u016f. V\u017edy\u0165 podle novin\u00e1\u0159\u016f by p\u0159ibli\u017en\u00e1 hodnota ka\u017ed\u00e9 poz\u016fstalosti mohla dos\u00e1hnout deseti milion\u016f dolar\u016f.<\/p>\n<p>Ji\u017e v listopadu lo\u0148sk\u00e9ho roku, kdy se operace Midas stala ve\u0159ejnou, NABU a SAP\u00a0<a href=\"https:\/\/www.youtube.com\/watch?v=V6XHQVl2CCM\" target=\"_blank\" rel=\"noopener\">zve\u0159ejnily tzv.\u00a0<\/a>Mindi\u010dovy nahr\u00e1vky, kter\u00e9 odhalily, \u017ee:<\/p>\n<p><b>\u2013 Mu\u017e, jeho\u017e hlas se podob\u00e1 hlasu Alexeje \u010cerny\u0161eva, hovo\u0159\u00ed o p\u0159ij\u00edm\u00e1n\u00ed velk\u00fdch \u010d\u00e1stek pen\u011bz v kancel\u00e1\u0159i osob zapojen\u00fdch do p\u0159\u00edpadu.<\/b><\/p>\n<p><b>\u2013 Mu\u017e, jeho\u017e hlas se podob\u00e1 Timuru Mindi\u010dovi, hovo\u0159\u00ed o pozastaven\u00ed v\u00fdstavby a rizic\u00edch pro stavebnictv\u00ed spojen\u00fdch s odhalen\u00edm Alexeje \u010cerny\u0161ova protikorup\u010dn\u00edmi org\u00e1ny.<\/b><\/p>\n<p>Na z\u00e1klad\u011b z\u00e1znam\u016f, kter\u00e9 ji\u017e zve\u0159ejnilo ofici\u00e1ln\u00ed vy\u0161et\u0159ov\u00e1n\u00ed, lze p\u0159edpokl\u00e1dat, \u017ee \u010cerny\u0161ov mohl postavit \u010dty\u0159i usedlosti v dru\u017estvu Dynastie v Kozinu s vyu\u017eit\u00edm pen\u011bz poskytnut\u00fdch Timurem Mindi\u010dem.<\/p>\n<p>P\u016fvod t\u011bchto pen\u011bz a majitel\u00e9 t\u011bchto \u010dty\u0159 dom\u016f st\u00e1le z\u016fst\u00e1vaj\u00ed z\u00e1hadou.<\/p>\n<p>Dlouho p\u0159ed zji\u0161t\u011bn\u00edmi novin\u00e1\u0159\u016f se v politick\u00fdch a obchodn\u00edch kruz\u00edch mluvilo o tom, \u017ee Oleksij \u010cerny\u0161ov \u00fadajn\u011b stav\u00ed n\u011bkolik s\u00eddli\u0161\u0165 na kyjevsk\u00e9m p\u0159edm\u011bst\u00ed \u2013 pro sebe, Mindy\u010de, Andrije Jermaka a prezidenta Zelensk\u00e9ho. V t\u00e9 dob\u011b to ale bylo vn\u00edm\u00e1no sp\u00ed\u0161e jako informa\u010dn\u00ed \u0161um nebo dal\u0161\u00ed informa\u010dn\u011b-psychologick\u00e1 operace ne\u017e jako n\u011bco, co vy\u017eadovalo v\u00e1\u017enou pozornost.<\/p>\n<p>Zdroje z UP v protikorup\u010dn\u00edch agentur\u00e1ch se k mo\u017en\u00fdm epizod\u00e1m s Jermakem ve\u0159ejn\u011b nevyjad\u0159uj\u00ed. V neform\u00e1ln\u00edch rozhovorech v\u0161ak opakuj\u00ed: Operace Midas mohla postupovat v\u00fdrazn\u011b rychleji, kdyby byly spln\u011bny t\u0159i podm\u00ednky.<\/p>\n<p>Zaprv\u00e9, kdyby St\u00e1tn\u00ed slu\u017eba pro finan\u010dn\u00ed monitorov\u00e1n\u00ed v \u010dele s Filipem Proninem\u00a0<i>(kter\u00e9ho jmenuje a odvol\u00e1v\u00e1 prezident\u00a0<\/i><i>\u2013 \u200b\u200bUP )\u00a0<\/i>spolupracovala a odhalila pohyb finan\u010dn\u00edch prost\u0159edk\u016f spojen\u00fdch s ob\u017ealovan\u00fdmi.<\/p>\n<p>Za druh\u00e9, pokud by NABU a SAP m\u011bly vlastn\u00ed expertn\u00ed instituci, Evropsk\u00e1 unie pot\u0159ebuje jejich p\u0159\u00edtomnost k urychlen\u00ed p\u0159istoupen\u00ed Ukrajiny.<\/p>\n<p>A za t\u0159et\u00ed, pokud \u00fa\u0159edn\u00edci spojen\u00ed s ob\u017ealovan\u00fdmi v t\u011bchto p\u0159\u00edpadech nevyv\u00edjeli n\u00e1tlak na vy\u0161et\u0159ov\u00e1n\u00ed, ale naopak ho usnad\u0148ovali.<\/p>\n<p>Nen\u00ed zn\u00e1mo, kter\u00fd z t\u011bchto faktor\u016f mohl b\u00fdt rozhoduj\u00edc\u00ed pro to, zda Andriy Jermak obdr\u017eel ozn\u00e1men\u00ed o st\u00edh\u00e1n\u00ed po prohl\u00eddk\u00e1ch, kter\u00e9 NABU a SAP provedly koncem listopadu lo\u0148sk\u00e9ho roku \u010di nikoli.<\/p>\n<p>Zaj\u00edmav\u00fd detail: Zdroje Ukrajinsk\u00e9 pravdy z nejbli\u017e\u0161\u00edho kruhu prezidenta neofici\u00e1ln\u011b odhalily, \u017ee protikorup\u010dn\u00ed agentury potvrdily, \u017ee Jermak p\u0159ed p\u0159ijet\u00edm ur\u010dit\u00fdch vl\u00e1dn\u00edch rozhodnut\u00ed, zejm\u00e9na p\u0159ed d\u016fle\u017eit\u00fdmi jmenov\u00e1n\u00edmi, vyu\u017e\u00edval slu\u017eeb numerolog\u016f a astrolog\u016f.<\/p>\n<p>Redakce zaslala \u017e\u00e1dost Andreyi Jermakovi, ale v dob\u011b vyd\u00e1n\u00ed neobdr\u017eela odpov\u011b\u010f.<\/p>\n<h2>Konverze monomajority, aneb Poj\u010fme je \u201espojit\u201c<\/h2>\n<p>Dal\u0161\u00edm kl\u00ed\u010dov\u00fdm probl\u00e9mem pro zemi, kter\u00fd s velkou pompou za\u010dal na konci lo\u0148sk\u00e9ho roku a nyn\u00ed zcela zmizel z medi\u00e1ln\u00ed sc\u00e9ny, je ot\u00e1zka \u201edoplatk\u016f\u201c poslanc\u016f v ob\u00e1lk\u00e1ch.<\/p>\n<p>Koncem lo\u0148sk\u00e9ho roku Ukrajinsk\u00e1 pravda\u00a0<a href=\"https:\/\/www.pravda.com.ua\/rus\/news\/2025\/12\/27\/8013640\/\">informovala\u00a0<\/a>, \u017ee v r\u00e1mci odhalen\u00ed organizovan\u00e9 zlo\u010dineck\u00e9 skupiny ze strany NABU a SAP byla vznesena podez\u0159en\u00ed proti poslanc\u016fm strany Sluha lidu Jevhenu Pivovarovovi, Igorovi Negulevsk\u00e9mu, Olze Sav\u010denkov\u00e9 a Juriji Kiselovi. Podle zdroj\u016f ze Zerkalo ned\u011ble byla jeho kancel\u00e1\u0159 odposlouch\u00e1v\u00e1na polici\u00ed\u00a0<a href=\"https:\/\/zn.ua\/ukr\/POLITICS\/proslushka-u-kisjelja-nabu-rozrobljalo-ofis-de-sluhi-narodu-otrimuvali-konverti-z-hroshima.html\" target=\"_blank\" rel=\"noopener\">a\u00a0<\/a>dokonce i nat\u00e1\u010dena.<\/p>\n<p>Jurij Kisel je bl\u00edzk\u00fd a dlouholet\u00fd p\u0159\u00edtel prezidenta Volodymyra Zelensk\u00e9ho. Byl to Kisel, kdo koupil prezident\u016fv majetek, kdy\u017e se p\u0159est\u011bhoval do st\u00e1tn\u00ed da\u010di. Byl to tak\u00e9 poslanec Kisel, kdo zam\u011bstnal syna dal\u0161\u00edho bl\u00edzk\u00e9ho p\u0159\u00edtele a b\u00fdval\u00e9ho prvn\u00edho asistenta prezidenta, Sergeje \u0160efira.<\/p>\n<p>Pr\u00e1v\u011b po t\u011bchto prohl\u00eddk\u00e1ch a podez\u0159en\u00edch \u00fadajn\u011b za\u010dala\u00a0<a href=\"https:\/\/www.pravda.com.ua\/rus\/articles\/2026\/03\/12\/8025068\/\">tzv. parlamentn\u00ed krize\u00a0<\/a>. Podle zdroj\u016f UP z politick\u00fdch kruh\u016f se vyhrotila natolik, \u017ee Taras Ka\u010dka, ukrajinsk\u00fd m\u00edstop\u0159edseda vl\u00e1dy pro evropskou integraci, za\u010dal b\u011bhem sch\u016fzek s evropsk\u00fdmi \u00fa\u0159edn\u00edky v Bruselu obvi\u0148ovat protikorup\u010dn\u00ed agentury z \u201erozb\u00edjen\u00ed parlamentu\u201c.<\/p>\n<p>Podle zdroj\u016f Ukrajinsk\u00e9 pravdy z NABU a SAP by celkov\u00fd po\u010det doty\u010dn\u00fdch vypl\u00e1cen\u00fdch\u00a0 poslanc\u016f z prezidentsk\u00e9 frakce mohl p\u0159es\u00e1hnout 150.<\/p>\n<p>Autor tohoto \u010dl\u00e1nku n\u00e1sledn\u011b opakovan\u011b sly\u0161el od r\u016fzn\u00fdch partner\u016f v politick\u00fdch kulo\u00e1rech, \u017ee se poslanci boj\u00ed hlasovat, proto\u017ee by je \u00fa\u0159edn\u00edci protikorup\u010dn\u00edch \u00fa\u0159ad\u016f mohli za hlasov\u00e1n\u00ed st\u00edhat. Vlivn\u00fd zdroj v t\u011bchto org\u00e1nech v\u0161ak poznamen\u00e1v\u00e1, \u017ee se jedn\u00e1 \u201e\u00a0<em>v\u00fdhradn\u011b o potenci\u00e1ln\u00ed \u00faplatky, nikoli o hlasov\u00e1n\u00ed\u201c.<\/em><\/p>\n<p>A\u0165 je to jakkoli, za \u010dty\u0159i m\u011bs\u00edce od prvn\u00edch p\u011bti podez\u0159en\u00ed proti poslanc\u016fm, neobdr\u017eel ani jeden z lidov\u00fdch poslanc\u016f \u017e\u00e1dn\u00e9 dal\u0161\u00ed obvin\u011bn\u00ed<\/p>\n<p>\u0160\u00e9fov\u00e9 NABU a SAP minul\u00fd t\u00fdden\u00a0<a href=\"https:\/\/zn.ua\/ukr\/POLITICS\/u-sluzi-narodu-zajavljali-pro-kompromis-iz-nabu-ta-antikoruptsijni-orhani-tse-zaperechili.html\" target=\"_blank\" rel=\"noopener\">jak\u00e9koli dohody v tomto p\u0159\u00edpad\u011b pop\u0159eli\u00a0<\/a>a zd\u016fraznili, \u017ee vy\u0161et\u0159ov\u00e1n\u00ed st\u00e1le prob\u00edh\u00e1 a \u017ee ji\u017e bylo vyslechnuto v\u00edce ne\u017e 20 poslanc\u016f.<\/p>\n<p>Publikace \u201eZerkalo ned\u011ble\u201c poznamenala, \u017ee tentokr\u00e1t\u00a0<a href=\"https:\/\/zn.ua\/ukr\/anticorruption\/hroshi-za-holos-shcho-vidbuvajetsja-v-spravakh-nabu-proti-kisjelja-j-timoshenko.html\" target=\"_blank\" rel=\"noopener\">m\u016f\u017ee vy\u0161et\u0159ov\u00e1n\u00ed br\u00e1nit\u00a0<\/a>gener\u00e1ln\u00ed prokur\u00e1tor Ruslan Krav\u010denko , kter\u00fd je rovn\u011b\u017e chr\u00e1n\u011bncem Jermaka a Zelensk\u00e9ho .<\/p>\n<p>Podle zdroj\u016f Ukrajinsk\u00e9 pravdy z \u0159ad policist\u016f byly 27. prosince lo\u0148sk\u00e9ho roku, kdy NABU a SAP provedly domovn\u00ed prohl\u00eddky poslanc\u016f, provedeny vy\u0161et\u0159ovac\u00ed \u00fakony i v rezidenci Davida Arachamiji, asistenta \u0161\u00e9fa prezidentsk\u00e9 frakce. Nen\u00ed v\u0161ak zn\u00e1mo, zda byly nalezeny n\u011bjak\u00e9 d\u016fkazy o zapojen\u00ed osob p\u0159\u00edmo spojen\u00fdch s \u0161\u00e9fem prezidentsk\u00e9 frakce nebo samotn\u00e9ho \u0161\u00e9fa frakce do nez\u00e1konn\u00fdch aktivit.<\/p>\n<h2>Uk\u00e1\u017ee jaro, kdo kde kradl?<\/h2>\n<p>A\u010dkoli je v prvn\u00edm a druh\u00e9m p\u0159\u00edpad\u011b je\u0161t\u011b p\u0159\u00edli\u0161 brzy na vyvozov\u00e1n\u00ed kone\u010dn\u00fdch z\u00e1v\u011br\u016f, pr\u016fb\u011b\u017en\u00e1 pozorov\u00e1n\u00ed se ji\u017e zdaj\u00ed b\u00fdt zcela z\u0159ejm\u00e1.<\/p>\n<p>Nikdo na vrcholu mocensk\u00e9ho \u0159et\u011bzce neprojevuje ochotu uzav\u0159\u00edt s vy\u0161et\u0159ov\u00e1n\u00edm dohodu o vin\u011b a trestu. Nikdo nen\u00ed ochoten p\u0159iznat\u00a0 se sv\u00e9 vlastn\u00ed viny. A nikdo nesp\u011bch\u00e1 s t\u00edm, aby p\u0159estal tla\u010dit na vy\u0161et\u0159ov\u00e1n\u00ed NABU a SAP. Pro\u010d?<\/p>\n<p>Samoz\u0159ejm\u011b se v\u011bci mohly vyvinout jinak. Po s\u00e9rii v\u00fdznamn\u00fdch korup\u010dn\u00edch skand\u00e1l\u016f se vl\u00e1da mohla rychle pustit do reforem. Mohla omezit sv\u016fj vlastn\u00ed vliv a sn\u00ed\u017eit rizika korupce.<\/p>\n<p>Pak by se dalo \u0159\u00edct, \u017ee to nejhor\u0161\u00ed m\u00e1me za sebou.<\/p>\n<p>Zat\u00edmco ukrajinsk\u00e1 spole\u010dnost riskuje, \u017ee se nikdy nedozv\u00ed, kdo skute\u010dn\u011b slo\u017eil kauci za Alexeje \u010cerny\u0161ova, v\u00a0 podez\u0159en\u00ed je Andrej Jermak,\u00a0 \u010d\u00ed pen\u00edze byly poslanc\u016fm vyplaceny v ob\u00e1lk\u00e1ch, situace vypad\u00e1 jinak.<\/p>\n<p>Po\u017eadavky evropsk\u00fdch partner\u016f na reformy se st\u00e1le v\u00edce podobaj\u00ed v\u00fdzv\u011b vl\u00e1d\u011b, aby se porazila sama. Nebo, jak ji sami naz\u00fdvaj\u00ed, aby se \u201e vytvo\u0159ila\u201c.<\/p>\n<p>Ale por\u00e1\u017eet s\u00e1m sebe nen\u00ed sou\u010d\u00e1st\u00ed ukrajinsk\u00e9 politick\u00e9 tradice. Je to od staro\u0159eck\u00fdch m\u00fdt\u016f o Midasovi stejn\u011b vzd\u00e1len\u00e9, jako je Ukrajina od voleb.<\/p>\n<p>ooooooooooooooooooooooooooooooooooooooooooooooooooooooooooooooooooo<\/p>\n<p>Tak\u00a0 takhle\u00a0 vid\u00ed\u00a0 Ukrajinsk\u00e1\u00a0 pravda\u00a0 situaci\u00a0 v\u00a0 nejvy\u0161\u0161\u00edch politick\u00fdch\u00a0 patrech\u00a0 Ukrajiny \u2013 v prezidentsk\u00e9\u00a0 kancel\u00e1\u0159i. Zelensk\u00fd, Jermak, \u010cerny\u0161ov, Kuleba a\u00a0 jak se v\u0161ichni\u00a0 ti\u00a0 demokrat\u00e9, co\u00a0 state\u010dn\u011b\u00a0 krv\u00e1c\u00ed\u00a0 za\u00a0 Evropu\u00a0 jmenuj\u00ed.\u00a0 \u0158e\u010deno\u00a0 jednoduchou\u00a0 \u010de\u0161tinou \u2013 podle\u00a0 Ukrajinsk\u00e9\u00a0 pravdy\u00a0 kradou\u00a0 jako\u00a0 o\u00a0 \u017eivot. \u010c\u00edm d\u00e1l v\u00edce.<\/p>\n<p>Ty nutn\u011b\u00a0 v\u00a0 Evropsk\u00e9 uHnii\u00a0 pot\u0159ebujeme!<\/p>\n<p><a href=\"https:\/\/vlkovobloguje.wordpress.com\/2026\/04\/21\/ukrajinska-pravda-sluzebnici-midasovi-proc-jaro-neodhali-kdo-kde-ukradl\/#more-1034210\">Petr Vlk<\/a><\/p>\n<p><img decoding=\"async\" loading=\"lazy\" class=\"alignnone size-full wp-image-63439\" src=\"http:\/\/www.infokuryr.cz\/n\/wp-content\/uploads\/2024\/10\/petr-vlk.jpg\" alt=\"\" width=\"182\" height=\"176\" \/><\/p>\n<p>&nbsp;<\/p>\n","protected":false},"excerpt":{"rendered":"<p>Ukrajina, Ukrajina a\u00a0 zase\u00a0 Ukrajina\u2026. Mus\u00edme\u00a0 st\u00e1t\u00a0 na jej\u00ed\u00a0 stran\u011b, proto\u017ee n\u00e1s\u00a0 chr\u00e1n\u00ed\u00a0 p\u0159ed\u00a0 odpudiv\u00fdm\u00a0&#8230;<\/p>\n","protected":false},"author":2,"featured_media":105130,"comment_status":"closed","ping_status":"closed","sticky":false,"template":"","format":"standard","meta":[],"categories":[6],"tags":[1503,207,26],"_links":{"self":[{"href":"https:\/\/www.infokuryr.cz\/n\/wp-json\/wp\/v2\/posts\/105129"}],"collection":[{"href":"https:\/\/www.infokuryr.cz\/n\/wp-json\/wp\/v2\/posts"}],"about":[{"href":"https:\/\/www.infokuryr.cz\/n\/wp-json\/wp\/v2\/types\/post"}],"author":[{"embeddable":true,"href":"https:\/\/www.infokuryr.cz\/n\/wp-json\/wp\/v2\/users\/2"}],"replies":[{"embeddable":true,"href":"https:\/\/www.infokuryr.cz\/n\/wp-json\/wp\/v2\/comments?post=105129"}],"version-history":[{"count":0,"href":"https:\/\/www.infokuryr.cz\/n\/wp-json\/wp\/v2\/posts\/105129\/revisions"}],"wp:featuredmedia":[{"embeddable":true,"href":"https:\/\/www.infokuryr.cz\/n\/wp-json\/wp\/v2\/media\/105130"}],"wp:attachment":[{"href":"https:\/\/www.infokuryr.cz\/n\/wp-json\/wp\/v2\/media?parent=105129"}],"wp:term":[{"taxonomy":"category","embeddable":true,"href":"https:\/\/www.infokuryr.cz\/n\/wp-json\/wp\/v2\/categories?post=105129"},{"taxonomy":"post_tag","embeddable":true,"href":"https:\/\/www.infokuryr.cz\/n\/wp-json\/wp\/v2\/tags?post=105129"}],"curies":[{"name":"wp","href":"https:\/\/api.w.org\/{rel}","templated":true}]}}