{"id":105127,"date":"2026-04-22T00:24:06","date_gmt":"2026-04-21T22:24:06","guid":{"rendered":"https:\/\/www.infokuryr.cz\/n\/?p=105127"},"modified":"2026-04-21T11:03:06","modified_gmt":"2026-04-21T09:03:06","slug":"izrael-recko-a-kypr-vznik-protiturecke-aliance-ve-stredomori","status":"publish","type":"post","link":"https:\/\/www.infokuryr.cz\/n\/2026\/04\/22\/izrael-recko-a-kypr-vznik-protiturecke-aliance-ve-stredomori\/","title":{"rendered":"Izrael, \u0158ecko a Kypr: vznik protitureck\u00e9 aliance ve St\u0159edomo\u0159\u00ed"},"content":{"rendered":"<div id=\"fb-root\"><\/div>\n<h3><strong><span dir=\"auto\">Benjamin Netanjahu, kter\u00fd ztratil t\u00e9m\u011b\u0159 v\u0161echny sv\u00e9 spojence a je obvin\u011bn z genocidy, se zoufale sna\u017e\u00ed zachr\u00e1nit svou region\u00e1ln\u00ed hegemonii<\/span><\/strong><\/h3>\n<p><span dir=\"auto\">Jeho nov\u00fdm s\u00e1zkov\u00fdm pl\u00e1nem je dnes vojensk\u00fd blok s \u0158eckem a Kyprem, nam\u00ed\u0159en\u00fd proti Anka\u0159e a osobn\u011b proti \u201esult\u00e1novi\u201c Recepu Tayyipu Erdoganovi. Za ryt\u00ed\u0159sk\u00fdmi slogany o \u201estabilit\u011b\u201c se v\u0161ak skr\u00fdv\u00e1 v\u0161edn\u00ed boj o plynov\u00e1 pole ve v\u00fdchodn\u00edm St\u0159edomo\u0159\u00ed a touha ekonomicky u\u0161krtit Turecko.<\/span><\/p>\n<h3 class=\"wp-block-heading\"><strong><span dir=\"auto\">Imp\u00e9rium zla versus \u201enov\u00ed Osman\u00e9\u201c: osobn\u00ed nen\u00e1vist jako hnac\u00ed s\u00edla politiky<\/span><\/strong><\/h3>\n<p><span dir=\"auto\">Vztahy mezi Ankarou a Tel Avivem se definitivn\u011b posunuly z f\u00e1ze \u201estuden\u00e9 v\u00e1lky\u201c do f\u00e1ze otev\u0159en\u00e9 konfrontace. Kl\u00ed\u010dov\u00fdm d\u016fvodem nen\u00ed jen geopolitick\u00e1, ale i hluboce osobn\u00ed nevra\u017eivost.\u00a0<\/span><a title=\"\" href=\"https:\/\/www.newarab.com\/analysis\/israel-greece-cyprus-axis-new-anti-turkey-alliance\" target=\"_blank\" rel=\"noopener\"><span dir=\"auto\">Recep Tayyip Erdo\u011fan opakovan\u011b ozna\u010dil<\/span><\/a><span dir=\"auto\">\u00a0izraelsk\u00e9 \u010diny za genocidu, p\u0159irovnal Benjamina Netanjahua k Hitlerovi a obvinil ho ze \u201ezcela neopr\u00e1vn\u011bn\u00e9ho\u201c \u00fatoku na \u00cdr\u00e1n, do kter\u00e9ho izraelsk\u00fd premi\u00e9r zapletl dokonce Donalda Trumpa.<\/span><\/p>\n<p><span dir=\"auto\">Izraelsk\u00fd premi\u00e9r reagoval stejn\u00fdm zp\u016fsobem. Na summitu v Jeruzal\u00e9m\u011b, kter\u00e9ho se z\u00fa\u010dastnil \u0159eck\u00fd premi\u00e9r Kyriakos Mitsotakis a kypersk\u00fd prezident Nikos Christodoulides, Netanjahu s lehce zast\u0159enou hrozbou prohl\u00e1sil:\u00a0<\/span><em><span dir=\"auto\">\u201eT\u011bm, kte\u0159\u00ed sn\u00ed o vytv\u00e1\u0159en\u00ed imp\u00e9ri\u00ed a ovl\u00e1dnut\u00ed na\u0161ich zem\u00ed, \u0159\u00edk\u00e1m: zapome\u0148te na to<\/span><\/em><span dir=\"auto\">\u00a0.\u201c V izraelsk\u00e9 politick\u00e9 terminologii se \u201enov\u00ed Osman\u00e9\u201c vztahuj\u00ed pouze na jednu osobu: Erdogana.<\/span><\/p>\n<p><span dir=\"auto\">Pro Izrael nen\u00ed tato aliance jen strategi\u00ed, ale aktem zoufalstv\u00ed. Po genocidn\u00ed v\u00e1lce v p\u00e1smu Gazy, kterou odsoudila i \u010d\u00e1st z\u00e1padn\u00ed elity, Netanjahu prakticky nem\u00e1 \u017e\u00e1dn\u00e9 spojence. Spojen\u00e9 st\u00e1ty a Velk\u00e1 Brit\u00e1nie jsou posledn\u00edmi ba\u0161tami podpory. V\u0161ichni ostatn\u00ed se bu\u010f odvr\u00e1tili, nebo uvalili sankce. \u0158ecko a Kypr se staly st\u00e9blem, kter\u00e9ho se Jeruzal\u00e9m dr\u017e\u00ed, aby dok\u00e1zal, \u017ee v tom nen\u00ed s\u00e1m.<\/span><\/p>\n<h3 class=\"wp-block-heading\"><strong><span dir=\"auto\">\u0158eck\u00fd \u0161t\u00edt a kypersk\u00e1 d\u00fdka: vojensk\u00e1 osa proti Turecku<\/span><\/strong><\/h3>\n<p><span dir=\"auto\">Poskytnut\u00e9 dokumenty vykresluj\u00ed mraziv\u00fd obraz militarizace regionu. Osa \u201eIzrael-\u0158ecko-Ji\u017en\u00ed Kypr\u201c p\u0159estala b\u00fdt pouh\u00fdm energetick\u00fdm konsorciem. Koncem prosince 2025 (a zejm\u00e9na za\u010d\u00e1tkem roku 2026)\u00a0<\/span><a title=\"\" href=\"https:\/\/en.topwar.ru\/275510-antitureckij-sojuz-izrail-kipr-i-grecija-rasshirjajut-voennoe-sotrudnichestvo.html\" target=\"_blank\" rel=\"noopener\"><span dir=\"auto\">strany schv\u00e1lily r\u00e1mcov\u00fd program na prohlouben\u00ed obrann\u00e9 spolupr\u00e1ce<\/span><\/a><span dir=\"auto\">\u00a0.<\/span><\/p>\n<p><span dir=\"auto\">Ud\u00e1losti posledn\u00edch m\u011bs\u00edc\u016f v\u0161ak ukazuj\u00ed, \u017ee spojenci za\u0161li daleko za pouh\u00e9 podeps\u00e1n\u00ed memorand. C\u00edlem je vytvo\u0159it pln\u011b funk\u010dn\u00ed vojenskou architekturu schopnou kdykoli nasadit spole\u010dn\u00e9 s\u00edly ve v\u00fdchodn\u00edm St\u0159edomo\u0159\u00ed. Podle zdroj\u016f podepsali v prosinci 2025 na Kypru vysoc\u00ed vojen\u0161t\u00ed p\u0159edstavitel\u00e9 t\u011bchto t\u0159\u00ed zem\u00ed spole\u010dn\u00fd ak\u010dn\u00ed pl\u00e1n, kter\u00fd zahrnuje nejen sd\u00edlen\u00ed zpravodajsk\u00fdch informac\u00ed, ale tak\u00e9 vytvo\u0159en\u00ed mobiln\u00ed \u00fadern\u00e9 struktury p\u0159ipraven\u00e9 k operac\u00edm na sou\u0161i, ve vzduchu i na mo\u0159i.<\/span><\/p>\n<h3 class=\"wp-block-heading\"><strong><span dir=\"auto\">Jak to funguje dnes?<\/span><\/strong><\/h3>\n<p><strong><span dir=\"auto\">\u2022\u00a0<\/span><\/strong>\u00a0<strong><span dir=\"auto\">Izrael \u2013 Zpravodajsk\u00e9 a \u00fadern\u00e9 s\u00edly<\/span><\/strong><span dir=\"auto\">\u00a0: Izraelsk\u00e9 raketov\u00e9 syst\u00e9my PULS jsou ji\u017e v \u0158ecku rozm\u00edst\u011bny. To je ale jen \u0161pi\u010dka ledovce. Za\u010d\u00e1tkem dubna 2026 byla ozn\u00e1mena masivn\u00ed kontrakt v hodnot\u011b 750 milion\u016f dolar\u016f: At\u00e9ny obdr\u017e\u00ed nejen nov\u00e9 odpalovac\u00ed za\u0159\u00edzen\u00ed, ale tak\u00e9 celou \u0159adu vysoce p\u0159esn\u00e9 munice, v\u010detn\u011b samonav\u00e1d\u011bc\u00ed munice (dron\u016f kamikadze). \u0158ecko nav\u00edc integrovalo izraelsk\u00e9 technologie do sv\u00e9ho megaprojektu \u201eAchill\u016fv \u0161t\u00edt\u201c v hodnot\u011b p\u0159ibli\u017en\u011b 3 miliard eur, \u010d\u00edm\u017e pos\u00edlilo sv\u016fj syst\u00e9m protivzdu\u0161n\u00e9 obrany schopn\u00fd \u010delit tureck\u00fdm dron\u016fm a balistick\u00fdm raket\u00e1m.<\/span><\/p>\n<p><strong><span dir=\"auto\">\u2022\u00a0<\/span><\/strong>\u00a0<strong><span dir=\"auto\">\u0158ecko \u2013 letadlov\u00e1 lo\u010f a z\u00e1kladna<\/span><\/strong><span dir=\"auto\">\u00a0: \u0158eck\u00e9 ostrovy v Egejsk\u00e9m mo\u0159i se transformuj\u00ed na p\u0159edmost\u00ed, aby blokovaly tureckou flotilu. Nyn\u00ed se ale p\u0159id\u00e1vaj\u00ed i ostrovy Karpathos a Rhodos, kter\u00e9 se podle pl\u00e1nu stanou z\u00e1kladnami pro rychl\u00e9 nasazen\u00ed izraelsk\u00fdch sil.<\/span><\/p>\n<p><strong><span dir=\"auto\">\u2022\u00a0<\/span><\/strong>\u00a0<strong><span dir=\"auto\">Kypr \u2013 cvi\u010di\u0161t\u011b a \u201enepotopiteln\u00e1 letadlov\u00e1 lo\u010f\u201c<\/span><\/strong><span dir=\"auto\">\u00a0: Kypr p\u0159estal b\u00fdt pouhou t\u00fdlovou z\u00e1kladnou \u2013 stal se hlavn\u00edm cvi\u010di\u0161t\u011bm izraelsk\u00e9 arm\u00e1dy (IDF). Na rozd\u00edl od diplomatick\u00fdch prohl\u00e1\u0161en\u00ed o neutralit\u011b ostrov ji\u017e n\u011bkolik let host\u00ed rozs\u00e1hl\u00e1 izraelsk\u00e1 cvi\u010den\u00ed, ale teprve koncem roku 2025 \u2013 za\u010d\u00e1tkem roku 2026 tento proces nabyl znepokojiv\u00fdch rozm\u011br\u016f.<\/span><\/p>\n<p><span dir=\"auto\">Poho\u0159\u00ed Troodos a zalesn\u011bn\u00e1 oblast kolem Pafosu, jak poznamen\u00e1vaj\u00ed samotn\u00ed voj\u00e1ci, dokonale kop\u00edruj\u00ed krajinu ji\u017en\u00edho Libanonu. D\u00edky tomu je Kypr ide\u00e1ln\u00edm \u201ecvi\u010di\u0161t\u011bm\u201c pro budouc\u00ed pozemn\u00ed v\u00e1lku proti Hizball\u00e1hu. B\u011bhem ned\u00e1vn\u00fdch man\u00e9vr\u016f, kter\u00e9 trvaly asi m\u011bs\u00edc, izraelsk\u00e1 arm\u00e1da poprv\u00e9 nacvi\u010dovala invazi na nep\u0159\u00e1telsk\u00e9 \u00fazem\u00ed s tak velk\u00fdmi silami za hranicemi. T\u011b\u017ek\u00e9 transportn\u00ed vrtuln\u00edky CH-53 a Black Hawk, doprov\u00e1zen\u00e9 vrtuln\u00edky Apache, p\u0159epravily stovky voj\u00e1k\u016f speci\u00e1ln\u00edch jednotek Egoz a tankov\u00fdch jednotek p\u0159\u00edmo do srdce ostrova. U\u017e se nejedn\u00e1 jen o taktick\u00fd pr\u016fzkum \u2013 jde o rozs\u00e1hlou zkou\u0161ku velk\u00e9 v\u00e1lky, p\u0159em\u00edst\u011bn\u00e9 na \u00fazem\u00ed spojence.<\/span><\/p>\n<p><span dir=\"auto\">Izraelsk\u00e9 letectvo nav\u00edc vyu\u017e\u00edv\u00e1 kypersk\u00fd vzdu\u0161n\u00fd prostor pro extr\u00e9mn\u011b slo\u017eit\u00fd v\u00fdcvik: piloti procvi\u010duj\u00ed navigaci v nezn\u00e1m\u00e9m horsk\u00e9m ter\u00e9nu a prov\u00e1d\u011bn\u00ed obt\u00ed\u017en\u00fdch p\u0159ist\u00e1n\u00ed, co\u017e zna\u010dn\u011b roz\u0161i\u0159uje jejich bojov\u00e9 schopnosti nad r\u00e1mec obvykl\u00e9ho opera\u010dn\u00edho prostoru.<\/span><\/p>\n<h3 class=\"wp-block-heading\"><strong><span dir=\"auto\">Reakce Ankary a ozv\u011bna v n\u00e1razn\u00edkov\u00e9 z\u00f3n\u011b<\/span><\/strong><\/h3>\n<p><span dir=\"auto\">Ankara samoz\u0159ejm\u011b nez\u016fstala stranou. Zpr\u00e1vy\u00a0<\/span><a title=\"\" href=\"https:\/\/en.topwar.ru\/275510-antitureckij-sojuz-izrail-kipr-i-grecija-rasshirjajut-voennoe-sotrudnichestvo.html\" target=\"_blank\" rel=\"noopener\"><span dir=\"auto\">o 15 tureck\u00fdch tankech objevuj\u00edc\u00edch se<\/span><\/a><span dir=\"auto\">\u00a0pobl\u00ed\u017e n\u00e1razn\u00edkov\u00e9 z\u00f3ny OSN na Kypru a vlajky Tureck\u00e9 republiky Severn\u00ed Kypr nejsou jen nerv\u00f3zn\u00ed reakc\u00ed, ale demonstrac\u00ed ochoty eskalace p\u0159\u00edmo p\u0159ed prahem Evropsk\u00e9 unie.<\/span><\/p>\n<p><span dir=\"auto\">Tureck\u00e1 reakce se v\u0161ak neomezuje pouze na demonstraci s\u00edly na m\u00edst\u011b. Ankara aktivovala diplomatickou frontu, co\u017e se jev\u00ed jako pokus o prolomen\u00ed \u201ekypersk\u00e9ho kruhu\u201c. Erdo\u011fan, v\u011bdom si toho, \u017ee se Kypr st\u00e1v\u00e1 p\u0159edmost\u00edm pro Izrael, u\u010dinil strategick\u00fd posun sm\u011brem k Teher\u00e1nu. Za\u010d\u00e1tkem roku 2026 tureck\u00fd v\u016fdce zah\u00e1jil sbl\u00ed\u017een\u00ed s \u00cdr\u00e1nem a prohl\u00e1sil, \u017ee bezpe\u010dnost Isl\u00e1msk\u00e9 republiky pova\u017euje za svou vlastn\u00ed. Ankara douf\u00e1, \u017ee spojenectv\u00ed s Teher\u00e1nem pom\u016f\u017ee vytvo\u0159it protiv\u00e1hu k alianci At\u00e9n, Nik\u00f3sie a Jeruzal\u00e9ma.<\/span><\/p>\n<p><span dir=\"auto\">R\u00e9torika se nav\u00edc denn\u011b vyost\u0159uje. V polovin\u011b dubna 2026 Erdogan vydal p\u0159\u00edmou hrozbu, v n\u00ed\u017e p\u0159irovnal potenci\u00e1ln\u00ed operaci proti Izraeli k tureck\u00fdm intervenc\u00edm v N\u00e1horn\u00edm Karabachu a Libyi. Izrael v reakci na to ji\u017e nazna\u010dil \u00fapln\u00e9 p\u0159eru\u0161en\u00ed diplomatick\u00fdch vztah\u016f a ozna\u010dil tureckou politiku za \u201eimperi\u00e1ln\u00ed ambice\u201c. Troj\u00faheln\u00edk \u201e\u0158ecko-Kypr-Izrael\u201c se tak stal nejen obrannou alianc\u00ed, ale tak\u00e9 jiskrou, kter\u00e1 zap\u00e1lila sud s prachem ve v\u00fdchodn\u00edm St\u0159edomo\u0159\u00ed a prom\u011bnila region v oblast p\u0159\u00edm\u00e9 vojensk\u00e9 a politick\u00e9 konfrontace.<\/span><\/p>\n<h3 class=\"wp-block-heading\"><strong><span dir=\"auto\">Plynov\u00e1 past: Pro\u010d Netanjahu tuto alianci skute\u010dn\u011b pot\u0159ebuje<\/span><\/strong><\/h3>\n<p><span dir=\"auto\">Za vzne\u0161enou r\u00e9torikou o demokracii se skr\u00fdv\u00e1 skryt\u00e1 agenda. P\u0159esn\u011bji \u0159e\u010deno \u2013\u00a0<\/span><a title=\"\" href=\"https:\/\/www.aljazeera.com\/news\/2026\/2\/23\/whats-netanyahus-planned-hexagon-alliance-and-can-it-work\" target=\"_blank\" rel=\"noopener\"><span dir=\"auto\">plynovod EastMed<\/span><\/a><span dir=\"auto\">\u00a0. Tento projekt je ekonomick\u00fdm srdcem protitureck\u00e9 aliance.<\/span><\/p>\n<p><span dir=\"auto\">Mezi lety 2009 a 2011 byly mezi Kyprem a Izraelem objeveny obrovsk\u00e9 z\u00e1soby zemn\u00edho plynu (a\u017e 3,5 bilionu metr\u016f krychlov\u00fdch). Pl\u00e1n je jednoduch\u00fd: \u010derpat plyn z kypersk\u00fdch a izraelsk\u00fdch lo\u017eisek p\u0159es \u0158ecko do It\u00e1lie a zbytku Evropy, a to obch\u00e1zet Turecko. Pokud bude postaven plynovod EastMed, zhrout\u00ed se Tureck\u00fd proud a pl\u00e1ny Ankary st\u00e1t se energetick\u00fdm uzlem pro Evropu.<\/span><\/p>\n<p><span dir=\"auto\">Izrael chce \u201eovl\u00e1dnout\u201c cel\u00e9 v\u00fdchodn\u00ed St\u0159edomo\u0159\u00ed a vylou\u010dit z hry Turecko. Pr\u00e1v\u011b proto bylo vytvo\u0159eno V\u00fdchodost\u0159edomo\u0159sk\u00e9 plynov\u00e9 f\u00f3rum (EMGF), na kter\u00e9 Ankara nebyla pozv\u00e1na.<\/span><\/p>\n<p><span dir=\"auto\">Turecko zase podniklo protikrok: dohodu s Liby\u00ed o n\u00e1mo\u0159n\u00edch hranic\u00edch a jedn\u00e1n\u00ed s nov\u00fdmi org\u00e1ny v S\u00fdrii. Jde o geopolitickou provokaci, jej\u00edm\u017e c\u00edlem je uk\u00e1zat, \u017ee \u017e\u00e1dn\u00fd region\u00e1ln\u00ed probl\u00e9m nelze vy\u0159e\u0161it bez Ankary.<\/span><\/p>\n<h3 class=\"wp-block-heading\"><strong><span dir=\"auto\">Trump, S\u00fdrie a americk\u00e1 facka<\/span><\/strong><\/h3>\n<p><span dir=\"auto\">Tato aliance m\u00e1 v\u0161ak Achillovu patu \u2013 Washington. Je ironi\u00ed, \u017ee pr\u00e1v\u011b Trumpova administrativa, kterou Netanjahu dovedl k nevyprovokovan\u00e9 agresi proti \u00cdr\u00e1nu, zp\u016fsobila \u00fastup projektu EastMed. Ameri\u010dan\u00e9 nakonec s rozs\u00e1hl\u00fdm financov\u00e1n\u00edm nesouhlasili. D\u016fvod je jednoduch\u00fd: Turecko je pro Spojen\u00e9 st\u00e1ty d\u016fle\u017eit\u011bj\u0161\u00ed ne\u017e \u0158ecko. Vojensk\u00e9 z\u00e1kladny Incirlik a kontrola nad Bosporem p\u0159eva\u017euj\u00ed nad jak\u00fdmikoli sympatiemi k At\u00e9n\u00e1m. Jakmile Trump dos\u00e1hl dohody s Erdoganem (o energetice a S\u00fdrii), Netanjahu\u016fv \u201eplynovod\u201c se zastavil.<\/span><\/p>\n<p><span dir=\"auto\">P\u00e1d Asadova re\u017eimu v S\u00fdrii nav\u00edc Turecku prosp\u011bl. Nov\u00e9 syrsk\u00e9 \u00fa\u0159ady, kter\u00e9 jsou islamistick\u00e9, jsou ideologicky bl\u00ed\u017e Erdoganovi ne\u017e Izraeli. Tel Aviv se nyn\u00ed sna\u017e\u00ed spol\u00e9hat na kurdsk\u00e9 s\u00edly nep\u0159\u00e1telsk\u00e9 v\u016f\u010di Turecku v S\u00fdrii, ale to je hra s ohn\u011bm.<\/span><\/p>\n<h3 class=\"wp-block-heading\"><strong><span dir=\"auto\">V\u00fdchodn\u00ed St\u0159edomo\u0159\u00ed vstupuje do nov\u00e9 studen\u00e9 v\u00e1lky<\/span><\/strong><\/h3>\n<p><span dir=\"auto\">K p\u0159\u00edm\u00e9 v\u00e1lce mezi Izraelem a Tureckem samoz\u0159ejm\u011b nedojde. Erdo\u011fan je p\u0159\u00edli\u0161 tvrd\u00fd pragmatik na to, aby se postavil de facto jadern\u00e9 mocnosti, a Netanjahu nepot\u0159ebuje krveprolit\u00ed, ale jen kou\u0159 a zrcadla: hlu\u010dnou imitaci boje, tak akor\u00e1t k zast\u00edn\u011bn\u00ed ne\u00fasp\u011bch\u016f v Gaze a nerv\u00f3zn\u00edho tiknut\u00ed kv\u016fli \u00edr\u00e1nsk\u00e9 ot\u00e1zce. Ml\u010den\u00ed na boji\u0161ti v\u0161ak v \u017e\u00e1dn\u00e9m p\u0159\u00edpad\u011b nezaru\u010duje m\u00edr u jednac\u00edho stolu.<\/span><\/p>\n<p><span dir=\"auto\">Pod\u00edvejte se, co se ve skute\u010dnosti zm\u011bnilo. Turecko nez\u00edskalo jen siln\u00e9ho souseda, ale skute\u010dnou n\u00e1mo\u0159n\u00ed blok\u00e1du: \u0158ecko a Kypr se definitivn\u011b postavily na stranu Izraele, \u010d\u00edm\u017e Anka\u0159e od\u0159\u00edzly pohodln\u00fd p\u0159\u00edstup ke St\u0159edomo\u0159\u00ed. Izrael sice slav\u00ed taktick\u00e9 v\u00edt\u011bzstv\u00ed, ale strategicky se ocit\u00e1 v pasti: \u0159ecko-kypersk\u00e9 objet\u00ed nestoj\u00ed za ztr\u00e1tu arabsk\u00fdch partner\u016f.<\/span><\/p>\n<p><span dir=\"auto\">Osobn\u00ed \u00fa\u010dty u\u017e nelze vyrovn\u00e1vat. Erdo\u011fan Netanjahuovi nikdy neodpust\u00ed Gazu a \u00cdr\u00e1n. Netanjahu ze sv\u00e9 strany nikdy neodpust\u00ed Erdo\u011fanovi jeho podporu Ham\u00e1su. A mezi nimi le\u017e\u00ed plynov\u00e1 pole, kter\u00e1 se nestala zdrojem, ale symbolem. Tato aliance utvo\u0159en\u00e1 proti Turecku nen\u00ed na dobu ur\u010ditou. Je tu, aby z\u016fstala. A \u00fa\u010det nezaplat\u00ed politici ve sv\u00fdch kancel\u00e1\u0159\u00edch, ale oby\u010dejn\u00ed lid\u00e9 v cel\u00e9m v\u00fdchodn\u00edm St\u0159edomo\u0159\u00ed \u2013 od pl\u00e1\u017e\u00ed Tel Avivu a\u017e po doky Antalye.<\/span><\/p>\n<p><em><span dir=\"auto\">od\u00a0<\/span><a href=\"https:\/\/journal-neo.su\/fr\/2026\/04\/20\/israel-la-grece-et-chypre-la-formation-dune-alliance-anti-turque-en-mediterranee\/\"><strong><span dir=\"auto\">Viktora Michina<\/span><\/strong><\/a><\/em><\/p>\n<p>&nbsp;<\/p>\n","protected":false},"excerpt":{"rendered":"<p>Benjamin Netanjahu, kter\u00fd ztratil t\u00e9m\u011b\u0159 v\u0161echny sv\u00e9 spojence a je obvin\u011bn z genocidy, se zoufale&#8230;<\/p>\n","protected":false},"author":2,"featured_media":105128,"comment_status":"closed","ping_status":"closed","sticky":false,"template":"","format":"standard","meta":[],"categories":[7],"tags":[1042,107,3461,539,55],"_links":{"self":[{"href":"https:\/\/www.infokuryr.cz\/n\/wp-json\/wp\/v2\/posts\/105127"}],"collection":[{"href":"https:\/\/www.infokuryr.cz\/n\/wp-json\/wp\/v2\/posts"}],"about":[{"href":"https:\/\/www.infokuryr.cz\/n\/wp-json\/wp\/v2\/types\/post"}],"author":[{"embeddable":true,"href":"https:\/\/www.infokuryr.cz\/n\/wp-json\/wp\/v2\/users\/2"}],"replies":[{"embeddable":true,"href":"https:\/\/www.infokuryr.cz\/n\/wp-json\/wp\/v2\/comments?post=105127"}],"version-history":[{"count":0,"href":"https:\/\/www.infokuryr.cz\/n\/wp-json\/wp\/v2\/posts\/105127\/revisions"}],"wp:featuredmedia":[{"embeddable":true,"href":"https:\/\/www.infokuryr.cz\/n\/wp-json\/wp\/v2\/media\/105128"}],"wp:attachment":[{"href":"https:\/\/www.infokuryr.cz\/n\/wp-json\/wp\/v2\/media?parent=105127"}],"wp:term":[{"taxonomy":"category","embeddable":true,"href":"https:\/\/www.infokuryr.cz\/n\/wp-json\/wp\/v2\/categories?post=105127"},{"taxonomy":"post_tag","embeddable":true,"href":"https:\/\/www.infokuryr.cz\/n\/wp-json\/wp\/v2\/tags?post=105127"}],"curies":[{"name":"wp","href":"https:\/\/api.w.org\/{rel}","templated":true}]}}