{"id":105123,"date":"2026-04-22T00:23:19","date_gmt":"2026-04-21T22:23:19","guid":{"rendered":"https:\/\/www.infokuryr.cz\/n\/?p=105123"},"modified":"2026-04-21T10:49:12","modified_gmt":"2026-04-21T08:49:12","slug":"polske-stavebnictvi-se-propada-z-utesu-propousteni-a-inflace-pokracuji","status":"publish","type":"post","link":"https:\/\/www.infokuryr.cz\/n\/2026\/04\/22\/polske-stavebnictvi-se-propada-z-utesu-propousteni-a-inflace-pokracuji\/","title":{"rendered":"Polsk\u00e9 stavebnictv\u00ed se propad\u00e1 z \u00fatesu, propou\u0161t\u011bn\u00ed a inflace pokra\u010duj\u00ed"},"content":{"rendered":"<div id=\"fb-root\"><\/div>\n<h3 class=\"s-tagline fw-tagline\"><span dir=\"auto\">Nejnov\u011bj\u0161\u00ed \u00fadaje Eurostatu ukazuj\u00ed, \u017ee Polsko m\u00e1 nejhor\u0161\u00ed v\u00fdsledky v Evrop\u011b, pokud jde o stavebnictv\u00ed.<\/span><\/h3>\n<div class=\"entry-content rbct clearfix is-highlight-shares\">\n<p><span dir=\"auto\">Podle p\u0159edb\u011b\u017en\u00fdch odhad\u016f Eurostatu klesla stavebn\u00ed produkce v EU v \u00fanoru 2026 o 2 procenta ve srovn\u00e1n\u00ed s \u00fanorem 2025. V lednu do\u0161lo k meziro\u010dn\u00edmu poklesu o 4,2 procenta, p\u0159i\u010dem\u017e \u00fanorov\u00fdm statistik\u00e1m napomohlo i lep\u0161\u00ed po\u010das\u00ed.<\/span><\/p>\n<p><span dir=\"auto\">Jinak tomu v\u0161ak nen\u00ed v Polsku, kde stavebn\u00ed produkce v \u00fanoru meziro\u010dn\u011b klesla o 13,7 procenta, co\u017e je v\u00edce ne\u017e 11procentn\u00ed pokles v lednu. Podobn\u00fd pokles, a to o 10,2 procenta, zaznamenalo i \u0160pan\u011blsko.<\/span><\/p>\n<p><span dir=\"auto\">D\u00edky tomu si Polsko v tomto odv\u011btv\u00ed vede nejh\u016f\u0159e v Evrop\u011b, uv\u00e1d\u00ed\u00a0<\/span><a href=\"https:\/\/businessinsider.com.pl\/gospodarka\/zalamanie-w-polskim-budownictwie-najwiekszy-spadek-w-unii\/0jk59rb\"><span dir=\"auto\">Business Insider<\/span><\/a><span dir=\"auto\">\u00a0, a to jak v meziro\u010dn\u00edm, tak i v mezim\u011bs\u00ed\u010dn\u00edm srovn\u00e1n\u00ed.<\/span><\/p>\n<p><span dir=\"auto\">\u201eMezi \u010dlensk\u00fdmi st\u00e1ty, pro kter\u00e9 jsou k dispozici data, byly nejv\u011bt\u0161\u00ed m\u011bs\u00ed\u010dn\u00ed poklesy stavebn\u00ed produkce zaznamen\u00e1ny v Polsku (-3,7 %), Belgii a Francii (-1,4 %) a N\u011bmecku (-1,2 %). Nejv\u011bt\u0161\u00ed n\u00e1r\u016fsty byly zaznamen\u00e1ny v Rumunsku (+8,7 %), Slovinsku (+5,5 %) a na Slovensku (+5,4 %),\u201c p\u00ed\u0161e Eurostat.<\/span><\/p>\n<p><span dir=\"auto\">K nejv\u011bt\u0161\u00edm pokles\u016fm v Polsku do\u0161lo v segmentu \u201epozemn\u00edho stavitelstv\u00ed\u201c. Zde dos\u00e1hla z\u00e1porn\u00e1 m\u00edra r\u016fstu v \u00fanoru 16,7 %. To bylo sice lep\u0161\u00ed ne\u017e meziro\u010dn\u00ed pokles o 18,4 % v lednu, ale st\u00e1le velmi negativn\u00ed.<\/span><\/p>\n<p><span dir=\"auto\">Ve \u0160pan\u011blsku byla situace v tomto segmentu je\u0161t\u011b hor\u0161\u00ed. Tam pozemn\u00ed v\u00fdstavba v \u00fanoru meziro\u010dn\u011b klesla o ohromuj\u00edc\u00edch 35,7 %.<\/span><\/p>\n<p><span dir=\"auto\">Polsk\u00e1 verze Business Insideru p\u0159ipisuje pokles v Polsku rychle se zmen\u0161uj\u00edc\u00edmu trhu s bytovou v\u00fdstavbou. Zat\u00edmco d\u0159\u00edve bylo k uspokojen\u00ed popt\u00e1vky po p\u0159\u00edlivu imigrant\u016f, p\u0159edev\u0161\u00edm z Ukrajiny, zapot\u0159eb\u00ed velk\u00e9ho mno\u017estv\u00ed byt\u016f, nyn\u00ed tyto p\u0159\u00edchoz\u00ed vysychaj\u00ed a s nimi i popt\u00e1vka po bydlen\u00ed a ve\u0161ker\u00fdch souvisej\u00edc\u00edch investic\u00edch.<\/span><\/p>\n<p><span dir=\"auto\">V \u00fanoru \u010dinil meziro\u010dn\u00ed pokles individu\u00e1ln\u00ed v\u00fdstavby ohromuj\u00edc\u00edch 25,8 procenta, p\u0159i\u010dem\u017e develope\u0159i sn\u00ed\u017eili po\u010det nov\u00fdch byt\u016f o 11,7 procenta. Rostl pouze segment soci\u00e1ln\u00edho n\u00e1jemn\u00edho bydlen\u00ed, ale ten p\u0159edstavoval pouze 343 byt\u016f v cel\u00e9 zemi, oproti t\u00e9m\u011b\u0159 10 000 byt\u016fm postaven\u00fdm developery. Specializovan\u00e1 v\u00fdstavba zaznamenala meziro\u010dn\u00ed pokles o 12,2 procenta, zat\u00edmco v\u00fdstavba in\u017een\u00fdrsk\u00fdch staveb, v\u010detn\u011b silnic a most\u016f, klesla o 11,8 procenta.<\/span><\/p>\n<p><span dir=\"auto\">Zpr\u00e1vy o poklesu jsou pro Polsko jen dal\u0161\u00ed \u0161patnou zpr\u00e1vou, proto\u017ee propou\u0161t\u011bn\u00ed a inflace nad\u00e1le zasahuj\u00ed ekonomiku. Loni na podzim\u00a0<\/span><a href=\"https:\/\/rmx.news\/article\/germanys-bosch-plans-major-layoffs-that-could-reach-into-the-tens-of-thousands\/\"><span dir=\"auto\">spole\u010dnost Bosch ozn\u00e1mila propou\u0161t\u011bn\u00ed<\/span><\/a><span dir=\"auto\">\u00a0, kter\u00e1 by se mohla vy\u0161plhat na des\u00edtky tis\u00edc. Jen p\u0159ed n\u011bkolika t\u00fddny bylo v kl\u00ed\u010dov\u00e9m polsk\u00e9m n\u00e1bytk\u00e1\u0159sk\u00e9m sektoru ozn\u00e1meno\u00a0<\/span><a href=\"https:\/\/rmx.news\/poland\/this-is-a-serious-warning-sign-mass-layoffs-hit-polands-furniture-sector\/\"><span dir=\"auto\">hromadn\u00e9 propou\u0161t\u011bn\u00ed<\/span><\/a><span dir=\"auto\"> . V roce 2024 bylo Polsko t\u0159et\u00edm nejv\u011bt\u0161\u00edm v\u00fdvozcem n\u00e1bytku na sv\u011bt\u011b s 5,7procentn\u00edm pod\u00edlem.<\/span><\/p>\n<p><span dir=\"auto\">V roce 2024 psal Remix News o tom, jak mluv\u010d\u00ed Randstatu uznal, \u017ee mnoho firem p\u0159esouv\u00e1\u00a0<\/span><a href=\"https:\/\/rmx.news\/poland\/poland-not-cheap-enough-mass-layoffs-sweep-the-nation-as-companies-shift-production-abroad\/\"><span dir=\"auto\">svou v\u00fdrobu<\/span><\/a><span dir=\"auto\">\u00a0z Polska kv\u016fli\u00a0\u00a0<\/span><a href=\"https:\/\/www.rmx.news\/european-union\/bankruptcies-across-eu-soared-to-record-levels-last-year\/\"><span dir=\"auto\">rostouc\u00edm n\u00e1klad\u016fm na pracovn\u00ed s\u00edlu<\/span><\/a><span dir=\"auto\">\u00a0, v\u010detn\u011b v\u00fdrazn\u00e9ho zv\u00fd\u0161en\u00ed minim\u00e1ln\u00ed mzdy.\u00a0<\/span><\/p>\n<p><span dir=\"auto\">Polsk\u00e1 vl\u00e1da veden\u00e1 Tuskem mezit\u00edm vylou\u010dila da\u0148ov\u00e9 \u0161krty, a to i p\u0159es ned\u00e1vn\u00fd prudk\u00fd n\u00e1r\u016fst cen energi\u00ed, a zd\u016fraznila sou\u010dasn\u00e9 priority ve v\u00fddaj\u00edch na obranu, bezpe\u010dnost a zdravotnictv\u00ed.<\/span><\/p>\n<\/div>\n<div class=\"entry-bottom\">\n<div id=\"text-3\" class=\"widget entry-widget clearfix widget_text\">\n<div class=\"textwidget\">\n<div class=\"related-sec related-5\">\n<div class=\"inner\">\n<div class=\"block-h heading-layout-5\">\n<div class=\"heading-inner\">\n<h3 class=\"heading-title none-toc\"><img decoding=\"async\" loading=\"lazy\" class=\"alignnone size-full wp-image-1185\" src=\"http:\/\/www.infokuryr.cz\/n\/wp-content\/uploads\/2021\/04\/kuryr-podpis.png\" alt=\"\" width=\"84\" height=\"24\" \/><\/h3>\n<p>&nbsp;<\/p>\n<\/div>\n<\/div>\n<\/div>\n<\/div>\n<\/div>\n<\/div>\n<\/div>\n","protected":false},"excerpt":{"rendered":"<p>Nejnov\u011bj\u0161\u00ed \u00fadaje Eurostatu ukazuj\u00ed, \u017ee Polsko m\u00e1 nejhor\u0161\u00ed v\u00fdsledky v Evrop\u011b, pokud jde o stavebnictv\u00ed&#8230;.<\/p>\n","protected":false},"author":2,"featured_media":105124,"comment_status":"closed","ping_status":"closed","sticky":false,"template":"","format":"standard","meta":[],"categories":[7],"tags":[371,31,7957,7566],"_links":{"self":[{"href":"https:\/\/www.infokuryr.cz\/n\/wp-json\/wp\/v2\/posts\/105123"}],"collection":[{"href":"https:\/\/www.infokuryr.cz\/n\/wp-json\/wp\/v2\/posts"}],"about":[{"href":"https:\/\/www.infokuryr.cz\/n\/wp-json\/wp\/v2\/types\/post"}],"author":[{"embeddable":true,"href":"https:\/\/www.infokuryr.cz\/n\/wp-json\/wp\/v2\/users\/2"}],"replies":[{"embeddable":true,"href":"https:\/\/www.infokuryr.cz\/n\/wp-json\/wp\/v2\/comments?post=105123"}],"version-history":[{"count":0,"href":"https:\/\/www.infokuryr.cz\/n\/wp-json\/wp\/v2\/posts\/105123\/revisions"}],"wp:featuredmedia":[{"embeddable":true,"href":"https:\/\/www.infokuryr.cz\/n\/wp-json\/wp\/v2\/media\/105124"}],"wp:attachment":[{"href":"https:\/\/www.infokuryr.cz\/n\/wp-json\/wp\/v2\/media?parent=105123"}],"wp:term":[{"taxonomy":"category","embeddable":true,"href":"https:\/\/www.infokuryr.cz\/n\/wp-json\/wp\/v2\/categories?post=105123"},{"taxonomy":"post_tag","embeddable":true,"href":"https:\/\/www.infokuryr.cz\/n\/wp-json\/wp\/v2\/tags?post=105123"}],"curies":[{"name":"wp","href":"https:\/\/api.w.org\/{rel}","templated":true}]}}