{"id":105107,"date":"2026-04-22T00:12:47","date_gmt":"2026-04-21T22:12:47","guid":{"rendered":"https:\/\/www.infokuryr.cz\/n\/?p=105107"},"modified":"2026-04-21T11:21:44","modified_gmt":"2026-04-21T09:21:44","slug":"co-se-vlastne-stalo-7-rijna-neprijemne-otazky-ohledne-izraelske-hannibalovy-smernice","status":"publish","type":"post","link":"https:\/\/www.infokuryr.cz\/n\/2026\/04\/22\/co-se-vlastne-stalo-7-rijna-neprijemne-otazky-ohledne-izraelske-hannibalovy-smernice\/","title":{"rendered":"Co se vlastn\u011b stalo 7. \u0159\u00edjna? Nep\u0159\u00edjemn\u00e9 ot\u00e1zky ohledn\u011b izraelsk\u00e9 \u201eHannibalovy sm\u011brnice\u201c"},"content":{"rendered":"<div id=\"fb-root\"><\/div>\n<p><span dir=\"auto\">Po rozs\u00e1hl\u00e9m \u00fatoku Ham\u00e1su na Izrael 7. \u0159\u00edjna 2023 kolovaly po cel\u00e9m sv\u011bt\u011b sn\u00edmky sho\u0159el\u00fdch vozidel, zni\u010den\u00fdch dom\u016f a \u010detn\u00fdch ob\u011bt\u00ed. Tyto sn\u00edmky v\u00fdznamn\u011b ovlivnily mezin\u00e1rodn\u00ed vn\u00edm\u00e1n\u00ed ud\u00e1lost\u00ed a izraelsk\u00e1 vl\u00e1da je citovala jako ospravedln\u011bn\u00ed n\u00e1sledn\u00e9 vojensk\u00e9 operace v p\u00e1smu Gazy.<\/span><\/p>\n<p><span dir=\"auto\">Od t\u00e9 doby se objevily kritick\u00e9 anal\u00fdzy, v\u010detn\u011b jedn\u00e9 od investigativn\u00edho novin\u00e1\u0159e Bena Swanna. V nov\u00e9m videu Swann zpochyb\u0148uje, zda lze ve\u0161ker\u00e9 ni\u010den\u00ed a ob\u011bti skute\u010dn\u011b p\u0159ipsat v\u00fdhradn\u011b \u00fatoku Ham\u00e1su. Odkazuje na tzv. Hannibalovu politiku \u2013 kontroverzn\u00ed vojensk\u00fd protokol v izraelsk\u00e9 arm\u00e1d\u011b, jeho\u017e c\u00edlem je zabr\u00e1nit tomu, aby byli voj\u00e1ci zajati za\u017eiva. Podle d\u0159\u00edv\u011bj\u0161\u00edch zpr\u00e1v m\u016f\u017ee tento postup znamenat pou\u017eit\u00ed masivn\u00ed s\u00edly, i kdy\u017e ohro\u017euje vlastn\u00ed voj\u00e1ky.<\/span><\/p>\n<div class=\"twitter-tweet twitter-tweet-rendered\"><iframe id=\"twitter-widget-0\" class=\"\" title=\"X Post\" src=\"https:\/\/platform.twitter.com\/embed\/Tweet.html?dnt=false&amp;embedId=twitter-widget-0&amp;features=eyJ0ZndfdGltZWxpbmVfbGlzdCI6eyJidWNrZXQiOltdLCJ2ZXJzaW9uIjpudWxsfSwidGZ3X2ZvbGxvd2VyX2NvdW50X3N1bnNldCI6eyJidWNrZXQiOnRydWUsInZlcnNpb24iOm51bGx9LCJ0ZndfdHdlZXRfZWRpdF9iYWNrZW5kIjp7ImJ1Y2tldCI6Im9uIiwidmVyc2lvbiI6bnVsbH0sInRmd19yZWZzcmNfc2Vzc2lvbiI6eyJidWNrZXQiOiJvbiIsInZlcnNpb24iOm51bGx9LCJ0ZndfZm9zbnJfc29mdF9pbnRlcnZlbnRpb25zX2VuYWJsZWQiOnsiYnVja2V0Ijoib24iLCJ2ZXJzaW9uIjpudWxsfSwidGZ3X21peGVkX21lZGlhXzE1ODk3Ijp7ImJ1Y2tldCI6InRyZWF0bWVudCIsInZlcnNpb24iOm51bGx9LCJ0ZndfZXhwZXJpbWVudHNfY29va2llX2V4cGlyYXRpb24iOnsiYnVja2V0IjoxMjA5NjAwLCJ2ZXJzaW9uIjpudWxsfSwidGZ3X3Nob3dfYmlyZHdhdGNoX3Bpdm90c19lbmFibGVkIjp7ImJ1Y2tldCI6Im9uIiwidmVyc2lvbiI6bnVsbH0sInRmd19kdXBsaWNhdGVfc2NyaWJlc190b19zZXR0aW5ncyI6eyJidWNrZXQiOiJvbiIsInZlcnNpb24iOm51bGx9LCJ0ZndfdXNlX3Byb2ZpbGVfaW1hZ2Vfc2hhcGVfZW5hYmxlZCI6eyJidWNrZXQiOiJvbiIsInZlcnNpb24iOm51bGx9LCJ0ZndfdmlkZW9faGxzX2R5bmFtaWNfbWFuaWZlc3RzXzE1MDgyIjp7ImJ1Y2tldCI6InRydWVfYml0cmF0ZSIsInZlcnNpb24iOm51bGx9LCJ0ZndfbGVnYWN5X3RpbWVsaW5lX3N1bnNldCI6eyJidWNrZXQiOnRydWUsInZlcnNpb24iOm51bGx9LCJ0ZndfdHdlZXRfZWRpdF9mcm9udGVuZCI6eyJidWNrZXQiOiJvbiIsInZlcnNpb24iOm51bGx9fQ%3D%3D&amp;frame=false&amp;hideCard=false&amp;hideThread=false&amp;id=2044537459371843635&amp;lang=cs&amp;origin=https%3A%2F%2Funcutnews.ch%2Fwas-geschah-am-7-oktober-wirklich-unbequeme-fragen-zur-israelischen-hannibal-richtlinie%2F&amp;sessionId=a5af963d6c734cdd29bc2af2e2593b4d5b30ca3d&amp;theme=light&amp;widgetsVersion=2615f7e52b7e0%3A1702314776716&amp;width=550px\" frameborder=\"0\" scrolling=\"no\" allowfullscreen=\"allowfullscreen\" data-tweet-id=\"2044537459371843635\" data-mce-fragment=\"1\"><\/iframe><\/div>\n<p><span dir=\"auto\">Swann d\u00e1le vysv\u011btluje, \u017ee Izrael byl p\u0159edem varov\u00e1n p\u0159ed pl\u00e1novan\u00fdm \u00fatokem, ale nereagoval odpov\u00eddaj\u00edc\u00edm zp\u016fsobem. Hovo\u0159\u00ed o mo\u017en\u00e9m \u201eustoupen\u00ed\u201c v po\u010d\u00e1te\u010dn\u00ed f\u00e1zi \u2013 co\u017e znamen\u00e1 neproveden\u00ed okam\u017eit\u00e9 vojensk\u00e9 akce.<\/span><\/p>\n<p><span dir=\"auto\">Swann se pot\u00e9 zab\u00fdv\u00e1 ot\u00e1zkou, zda byla Hannibalova sm\u011brnice 7. \u0159\u00edjna skute\u010dn\u011b uplatn\u011bna. S odvol\u00e1n\u00edm na zpr\u00e1vy izraelsk\u00fdch m\u00e9di\u00ed, v\u010detn\u011b Haaretz a Ynet, uv\u00e1d\u00ed, \u017ee izraelsk\u00e9 s\u00edly n\u011bkolikr\u00e1t zah\u00e1jily t\u011b\u017ekou palbu proti vozidl\u016fm a budov\u00e1m, v nich\u017e se nach\u00e1zeli jak bojovn\u00edci Ham\u00e1su, tak izrael\u0161t\u00ed civilist\u00e9. Podle t\u011bchto zpr\u00e1v byly pou\u017eity vrtuln\u00edky, tanky a protitankov\u00e9 zbran\u011b. N\u011bkter\u00e9 zpr\u00e1vy zmi\u0148uj\u00ed des\u00edtky vozidel, kter\u00e1 byla ost\u0159elov\u00e1na a zni\u010dena p\u0159ed dosa\u017een\u00edm p\u00e1sma Gazy.<\/span><\/p>\n<p><span dir=\"auto\">Swann se d\u00e1le odvol\u00e1v\u00e1 na v\u00fdpov\u011bdi izraelsk\u00fdch o\u010dit\u00fdch sv\u011bdk\u016f a voj\u00e1k\u016f. Ta nazna\u010duj\u00ed, \u017ee izrael\u0161t\u00ed rukojm\u00ed nebo civilist\u00e9 mohli b\u00fdt zabiti vlastn\u00ed palbou b\u011bhem boj\u016f v kibuc\u00edch a jinde. Cituje tak\u00e9 prohl\u00e1\u0161en\u00ed izraelsk\u00fdch p\u0159edstavitel\u016f, kter\u00e1 nazna\u010duj\u00ed, \u017ee byly uplatn\u011bny \u010d\u00e1sti Hannibalovy sm\u011brnice.<\/span><\/p>\n<p><span dir=\"auto\">Swann doch\u00e1z\u00ed k z\u00e1v\u011bru, \u017ee \u010d\u00e1st ni\u010den\u00ed mezin\u00e1rodn\u011b p\u0159ipisovan\u00e9ho Ham\u00e1su by mohla b\u00fdt zp\u016fsobena izraelsk\u00fdmi vojensk\u00fdmi operacemi. Zasazuje to do \u0161ir\u0161\u00edho kontextu informa\u010dn\u00ed v\u00e1lky a propagandy, v n\u00ed\u017e jsou obrazy strategicky vyu\u017e\u00edv\u00e1ny k ovliv\u0148ov\u00e1n\u00ed ve\u0159ejn\u00e9ho m\u00edn\u011bn\u00ed.<\/span><\/p>\n<p><img decoding=\"async\" loading=\"lazy\" class=\"alignnone size-full wp-image-1185\" src=\"http:\/\/www.infokuryr.cz\/n\/wp-content\/uploads\/2021\/04\/kuryr-podpis.png\" alt=\"\" width=\"84\" height=\"24\" \/><\/p>\n<p>&nbsp;<\/p>\n","protected":false},"excerpt":{"rendered":"<p>Po rozs\u00e1hl\u00e9m \u00fatoku Ham\u00e1su na Izrael 7. \u0159\u00edjna 2023 kolovaly po cel\u00e9m sv\u011bt\u011b sn\u00edmky sho\u0159el\u00fdch&#8230;<\/p>\n","protected":false},"author":2,"featured_media":105108,"comment_status":"closed","ping_status":"closed","sticky":false,"template":"","format":"standard","meta":[],"categories":[7],"tags":[347,107,1503],"_links":{"self":[{"href":"https:\/\/www.infokuryr.cz\/n\/wp-json\/wp\/v2\/posts\/105107"}],"collection":[{"href":"https:\/\/www.infokuryr.cz\/n\/wp-json\/wp\/v2\/posts"}],"about":[{"href":"https:\/\/www.infokuryr.cz\/n\/wp-json\/wp\/v2\/types\/post"}],"author":[{"embeddable":true,"href":"https:\/\/www.infokuryr.cz\/n\/wp-json\/wp\/v2\/users\/2"}],"replies":[{"embeddable":true,"href":"https:\/\/www.infokuryr.cz\/n\/wp-json\/wp\/v2\/comments?post=105107"}],"version-history":[{"count":0,"href":"https:\/\/www.infokuryr.cz\/n\/wp-json\/wp\/v2\/posts\/105107\/revisions"}],"wp:featuredmedia":[{"embeddable":true,"href":"https:\/\/www.infokuryr.cz\/n\/wp-json\/wp\/v2\/media\/105108"}],"wp:attachment":[{"href":"https:\/\/www.infokuryr.cz\/n\/wp-json\/wp\/v2\/media?parent=105107"}],"wp:term":[{"taxonomy":"category","embeddable":true,"href":"https:\/\/www.infokuryr.cz\/n\/wp-json\/wp\/v2\/categories?post=105107"},{"taxonomy":"post_tag","embeddable":true,"href":"https:\/\/www.infokuryr.cz\/n\/wp-json\/wp\/v2\/tags?post=105107"}],"curies":[{"name":"wp","href":"https:\/\/api.w.org\/{rel}","templated":true}]}}