{"id":10509,"date":"2022-05-12T01:05:27","date_gmt":"2022-05-11T23:05:27","guid":{"rendered":"http:\/\/www.infokuryr.cz\/n\/?p=10509"},"modified":"2022-05-11T12:28:45","modified_gmt":"2022-05-11T10:28:45","slug":"g7-prirovnala-rusko-k-nacistickemu-nemecku-a-pote-mu-vyhlasila-de-facto-valku","status":"publish","type":"post","link":"https:\/\/www.infokuryr.cz\/n\/2022\/05\/12\/g7-prirovnala-rusko-k-nacistickemu-nemecku-a-pote-mu-vyhlasila-de-facto-valku\/","title":{"rendered":"G7 p\u0159irovnala Rusko k nacistick\u00e9mu N\u011bmecku a pot\u00e9 mu vyhl\u00e1sila de facto v\u00e1lku"},"content":{"rendered":"<div id=\"fb-root\"><\/div>\n<div class=\"elementor-element elementor-element-1fb4c2c elementor-widget elementor-widget-theme-post-content\" data-id=\"1fb4c2c\" data-element_type=\"widget\" data-widget_type=\"theme-post-content.default\">\n<div class=\"elementor-widget-container\">\n<p><em><span>Nejde o p\u0159ehnan\u00fd v\u00fdklad jejich spole\u010dn\u00e9ho prohl\u00e1\u0161en\u00ed, ale o objektivn\u00ed \u010dten\u00ed doslovn\u00fdch slov v n\u011bm obsa\u017een\u00fdch.\u00a0Obavy Z\u00e1padu pod veden\u00edm USA z t\u0159et\u00ed sv\u011btov\u00e9 v\u00e1lky by se mohly st\u00e1t sebenapl\u0148uj\u00edc\u00edm se proroctv\u00edm, pokud se politici budou nad\u00e1le chovat iracion\u00e1ln\u011b a tla\u010dit sv\u011bt do doslovn\u00e9 apokalypsy.<\/span><\/em><\/p>\n<p><span>Spole\u010dn\u00e9\u00a0<\/span><a href=\"https:\/\/www.whitehouse.gov\/briefing-room\/statements-releases\/2022\/05\/08\/g7-leaders-statement-2\/\" target=\"_blank\" rel=\"noreferrer noopener\" data-type=\"URL\" data-id=\"https:\/\/www.whitehouse.gov\/briefing-room\/statements-releases\/2022\/05\/08\/g7-leaders-statement-2\/\"><span>prohl\u00e1\u0161en\u00ed G7<\/span><\/a><span>\u00a0, vydan\u00e9 8. kv\u011btna, v den, kdy si Z\u00e1pad pod veden\u00edm USA p\u0159ipom\u00edn\u00e1 konec 2. sv\u011btov\u00e9 v\u00e1lky (den p\u0159ed Ruskem), by se mohlo zapsat do d\u011bjin jako neofici\u00e1ln\u00ed za\u010d\u00e1tek 3. sv\u011btov\u00e9 v\u00e1lky.\u00a0Sedm nejv\u011bt\u0161\u00edch sv\u011btov\u00fdch ekonomik k tomuto symbolick\u00e9mu datu p\u0159irovnalo Rusko k nacistick\u00e9mu N\u011bmecku a pot\u00e9 zemi vyhl\u00e1silo faktickou v\u00e1lku.\u00a0Nejde o p\u0159ehnan\u00fd v\u00fdklad jejich spole\u010dn\u00e9ho prohl\u00e1\u0161en\u00ed, ale o objektivn\u00ed \u010dten\u00ed doslovn\u00fdch slov v n\u011bm obsa\u017een\u00fdch.<\/span><\/p>\n<p><span>Prvn\u00ed odstavec kon\u010d\u00ed doslovn\u00fdm historick\u00fdm revizionismem, odd\u011bluj\u00edc\u00edm z\u00e1padn\u00ed spojence od Sov\u011btsk\u00e9ho svazu, i kdy\u017e v\u0161ichni tehdej\u0161\u00ed Hitlerovi odp\u016frci byli souhrnn\u011b ozna\u010dov\u00e1ni jednodu\u0161e jako spojenci.\u00a0Sv\u011bd\u010d\u00ed o tom jejich psan\u00ed: &#8222;Truchl\u00edme nad miliony ob\u011bt\u00ed a vzd\u00e1v\u00e1me \u00factu zejm\u00e9na v\u0161em, kte\u0159\u00ed zaplatili nejvy\u0161\u0161\u00ed cenu za por\u00e1\u017eku nacistick\u00e9ho re\u017eimu, v\u010detn\u011b z\u00e1padn\u00edch spojenc\u016f a Sov\u011btsk\u00e9ho svazu.&#8220;<\/span><\/p>\n<p><span>Druh\u00fd odstavec pak p\u0159\u00edmo p\u0159irovn\u00e1v\u00e1 Rusko k nacistick\u00e9mu N\u011bmecku, o \u010dem\u017e sv\u011bd\u010d\u00ed i \u00favodn\u00ed v\u011bta, kter\u00e1 zn\u00ed: \u201eO sedmdes\u00e1t sedm let pozd\u011bji se prezident Putin a jeho re\u017eim nyn\u00ed rozhodli napadnout Ukrajinu v nevyprovokovan\u00e9 \u00fato\u010dn\u00e9 v\u00e1lce proti suver\u00e9nn\u00ed zemi. \u201c T\u0159et\u00ed odstavec slibuje \u201eplnou solidaritu a podporu odv\u00e1\u017en\u00e9 obran\u011b suverenity a \u00fazemn\u00ed celistvosti Ukrajiny\u201c.<\/span><\/p>\n<p><span>\u010ctvrt\u00fd odstavec objas\u0148uje protirusk\u00e9 v\u00e1le\u010dn\u00e9 c\u00edle G7 t\u00edm, \u017ee stanov\u00ed, \u017ee jejich podpora Kyjevu bude pokra\u010dovat a\u017e do \u201e\u00fapln\u00e9ho sta\u017een\u00ed rusk\u00fdch sil a techniky z cel\u00e9ho \u00fazem\u00ed Ukrajiny\u201c, kter\u00e9 pravd\u011bpodobn\u011b zahrnuje i Krym.\u00a0Za t\u00edmto \u00fa\u010delem jejich z\u00e1stupci prohl\u00e1sili, \u017ee \u201ebudou pokra\u010dovat v na\u0161\u00ed pokra\u010duj\u00edc\u00ed vojensk\u00e9 a obrann\u00e9 pomoci ukrajinsk\u00fdm ozbrojen\u00fdm sil\u00e1m\u201c, \u010d\u00edm\u017e potvrdili, \u017ee ukrajinsk\u00fd konflikt je ve skute\u010dnosti z\u00e1stupnou v\u00e1lkou NATO proti Rusku o Ukrajinu pod veden\u00edm USA.<\/span><\/p>\n<p><span>V sedm\u00e9m odstavci Z\u00e1padn\u00ed blok vyz\u00fdv\u00e1 \u201ev\u0161echny partnery, aby se p\u0159ipojili k na\u0161\u00ed podpo\u0159e ukrajinsk\u00e9mu lidu a uprchl\u00edk\u016fm a pomohli Ukrajin\u011b znovu vybudovat jej\u00ed budoucnost\u201c.\u00a0To se rovn\u00e1 snaze roz\u0161\u00ed\u0159it v\u00e1lku d\u00e1le t\u00edm, \u017ee slibujeme t\u011bm, kte\u0159\u00ed se p\u0159ipoj\u00ed k jejich v\u011bci, p\u0159\u00edle\u017eitost ekonomicky vyu\u017e\u00edt Ukrajinu po jej\u00edm skon\u010den\u00ed profitov\u00e1n\u00edm z jej\u00ed obnovy.\u00a0Vzhledem ke v\u0161em t\u011bmto v\u00fdslovn\u00fdm prohl\u00e1\u0161en\u00edm nelze tento dokument interpretovat jinak ne\u017e faktick\u00fdm vyhl\u00e1\u0161en\u00edm v\u00e1lky Rusku.<\/span><\/p>\n<p><span>Jak autor zd\u016fraznil p\u0159i anal\u00fdze p\u0159irovn\u00e1n\u00ed prezidenta Zelensk\u00e9ho prezidenta Putina k Hitlerovi a Rusk\u00e9 federace k nacistick\u00e9mu N\u011bmecku b\u011bhem jeho projevu ke Dni v\u00edt\u011bzstv\u00ed, p\u0159eformulov\u00e1n\u00ed konfliktu na t\u0159et\u00ed sv\u011btovou v\u00e1lku m\u00e1 odradit z\u00e1padn\u00ed ve\u0159ejnost od skute\u010dn\u00e9 p\u0159\u00ed\u010diny jejich ned\u00e1vn\u00e9 ekonomick\u00e9 rozpt\u00fdlen\u00ed utrpen\u00ed a kdo je za n\u011bj skute\u010dn\u011b zodpov\u011bdn\u00fd.\u00a0Nejde o prob\u00edhaj\u00edc\u00ed speci\u00e1ln\u00ed vojenskou operaci Ruska na Ukrajin\u011b, ale o pl\u00e1ny elit na \u201eVelk\u00fd reset\u201c.<\/span><\/p>\n<p><span>Tak\u00e9 deklarace obsa\u017een\u00e1 v jeden\u00e1ct\u00e9m odstavci spole\u010dn\u011b \u201ezakro\u010dit proti rusk\u00e9 strategii dezinformac\u00ed, kter\u00e1 z\u00e1m\u011brn\u011b manipuluje sv\u011btovou ve\u0159ejnost \u2013 v\u010detn\u011b t\u00e9 rusk\u00e9 \u2013 s c\u00edlem zamaskovat vinu rusk\u00e9ho re\u017eimu v t\u00e9to v\u00e1lce\u201c je ve skute\u010dnosti pouze v\u00fdzva k dal\u0161\u00ed cenzu\u0159e debaty v jejich civiliza\u010dn\u00edm prostoru, aby se zatemnila existence multipol\u00e1rn\u00edho konzervativn\u011b-suver\u00e9nn\u00edho sv\u011btov\u00e9ho n\u00e1zoru, kter\u00fd zpochyb\u0148uje jejich unipol\u00e1rn\u00ed liber\u00e1ln\u011b-globalistick\u00fd sv\u011bton\u00e1zor.<\/span><\/p>\n<p><span>Ekonomick\u00e9, ideologick\u00e9 a vojensk\u00e9 c\u00edle Z\u00e1padu pod veden\u00edm USA v t\u00e9to glob\u00e1ln\u00ed z\u00e1stupn\u00e9 v\u00e1lce proti Rusku p\u0159es Ukrajinu nazna\u010duj\u00ed, \u017ee v budoucnu pravd\u011bpodobn\u011b zv\u00e1\u017e\u00ed eskalaci, v\u010detn\u011b mo\u017en\u00e9ho pou\u017eit\u00ed \u201ezbran\u00ed hromadn\u00e9ho ni\u010den\u00ed\u201c (ZHN). pod fale\u0161nou vlajkou.\u00a0Proto\u017ee nyn\u00ed tento konflikt ch\u00e1pou jako de facto t\u0159et\u00ed sv\u011btovou v\u00e1lku a neofici\u00e1ln\u011b vyhl\u00e1sili v\u00e1lku Rusku, p\u0159irozen\u011b z toho vypl\u00fdv\u00e1, \u017ee pravd\u011bpodobn\u011b pou\u017eij\u00ed zbran\u011b hromadn\u00e9ho ni\u010den\u00ed, aby sv\u00fdm z\u00e1stupc\u016fm poskytli vojenskou v\u00fdhodu.<\/span><\/p>\n<p><span>Rusko se tedy mus\u00ed p\u0159ipravit na tento mo\u017en\u00fd sc\u00e9n\u00e1\u0159, pro kter\u00fd m\u00e1 pravd\u011bpodobn\u011b ji\u017e n\u011bkolik nouzov\u00fdch pl\u00e1n\u016f.\u00a0O tom, jak by na to reagoval, lze jen spekulovat, ale s nejv\u011bt\u0161\u00ed pravd\u011bpodobnost\u00ed ano, alespo\u0148 asymetricky, v dob\u011b, kterou si zvol\u00ed.\u00a0Strach Z\u00e1padu pod veden\u00edm USA z t\u0159et\u00ed sv\u011btov\u00e9 v\u00e1lky by se tak mohl st\u00e1t sebenapl\u0148uj\u00edc\u00edm se proroctv\u00edm, pokud se jeho politici budou nad\u00e1le chovat iracion\u00e1ln\u011b a tla\u010dit sv\u011bt k doslovn\u00e9 apokalypse.<\/span><\/p>\n<\/div>\n<\/div>\n<div class=\"elementor-element elementor-element-8c57238 quelle dc-has-condition dc-condition-empty elementor-widget elementor-widget-heading\" data-id=\"8c57238\" data-element_type=\"widget\" data-widget_type=\"heading.default\">\n<div class=\"elementor-widget-container\">\n<h3 class=\"elementor-heading-title elementor-size-default\"><span style=\"font-size: 8pt;\"><a href=\"http:\/\/oneworld.press\/?module=articles&amp;action=view&amp;id=2844\" target=\"_blank\" rel=\"nofollow noopener\">ZDROJ<\/a><\/span><\/h3>\n<p>&nbsp;<\/p>\n<\/div>\n<\/div>\n","protected":false},"excerpt":{"rendered":"<p>Nejde o p\u0159ehnan\u00fd v\u00fdklad jejich spole\u010dn\u00e9ho prohl\u00e1\u0161en\u00ed, ale o objektivn\u00ed \u010dten\u00ed doslovn\u00fdch slov v n\u011bm&#8230;<\/p>\n","protected":false},"author":2,"featured_media":10510,"comment_status":"closed","ping_status":"closed","sticky":false,"template":"","format":"standard","meta":[],"categories":[7],"tags":[323,22,40],"_links":{"self":[{"href":"https:\/\/www.infokuryr.cz\/n\/wp-json\/wp\/v2\/posts\/10509"}],"collection":[{"href":"https:\/\/www.infokuryr.cz\/n\/wp-json\/wp\/v2\/posts"}],"about":[{"href":"https:\/\/www.infokuryr.cz\/n\/wp-json\/wp\/v2\/types\/post"}],"author":[{"embeddable":true,"href":"https:\/\/www.infokuryr.cz\/n\/wp-json\/wp\/v2\/users\/2"}],"replies":[{"embeddable":true,"href":"https:\/\/www.infokuryr.cz\/n\/wp-json\/wp\/v2\/comments?post=10509"}],"version-history":[{"count":1,"href":"https:\/\/www.infokuryr.cz\/n\/wp-json\/wp\/v2\/posts\/10509\/revisions"}],"predecessor-version":[{"id":10511,"href":"https:\/\/www.infokuryr.cz\/n\/wp-json\/wp\/v2\/posts\/10509\/revisions\/10511"}],"wp:featuredmedia":[{"embeddable":true,"href":"https:\/\/www.infokuryr.cz\/n\/wp-json\/wp\/v2\/media\/10510"}],"wp:attachment":[{"href":"https:\/\/www.infokuryr.cz\/n\/wp-json\/wp\/v2\/media?parent=10509"}],"wp:term":[{"taxonomy":"category","embeddable":true,"href":"https:\/\/www.infokuryr.cz\/n\/wp-json\/wp\/v2\/categories?post=10509"},{"taxonomy":"post_tag","embeddable":true,"href":"https:\/\/www.infokuryr.cz\/n\/wp-json\/wp\/v2\/tags?post=10509"}],"curies":[{"name":"wp","href":"https:\/\/api.w.org\/{rel}","templated":true}]}}