{"id":105079,"date":"2026-04-21T04:44:43","date_gmt":"2026-04-21T02:44:43","guid":{"rendered":"https:\/\/www.infokuryr.cz\/n\/?p=105079"},"modified":"2026-04-21T04:44:43","modified_gmt":"2026-04-21T02:44:43","slug":"jindrich-kulhavy-zvlastni-doba-osobni-zpoved","status":"publish","type":"post","link":"https:\/\/www.infokuryr.cz\/n\/2026\/04\/21\/jindrich-kulhavy-zvlastni-doba-osobni-zpoved\/","title":{"rendered":"Jind\u0159ich Kulhav\u00fd: Zvl\u00e1\u0161tn\u00ed doba \u2013 osobn\u00ed zpov\u011b\u010f"},"content":{"rendered":"<div id=\"fb-root\"><\/div>\n<p><span class=\"anotation\">\u00a0O sv\u00e9m st\u00e1\u0159\u00ed jsem nikdy nem\u011bl jasnou p\u0159edstavu. Kdy\u017e jsem byl mlad\u00fd, d\u016fchod byl daleko a \u0161edes\u00e1tka nep\u0159edstaviteln\u011b vzd\u00e1len\u00e1. To jsem je\u0161t\u011b netu\u0161il, \u017ee odchod z\u00a0pr\u00e1ce n\u00e1m budou posouvat tak moc, \u017ee se ho plno vrstevn\u00edk\u016f nedo\u017eije. P\u0159esto\u017ee jsem nikdy nebyl konzervativn\u00ed, ten technologick\u00fd \u00faprk spojen\u00fd s\u00a0mnoho d\u016fsledky asi v\u011bt\u0161inu m\u00e9 generace jinak na mnoh\u00e9 p\u0159ipraven\u00e9 zasko\u010dil.<\/span><\/p>\n<div id=\"pagetext\">\n<p>Co se kolem n\u00e1s d\u011bje? Ne tak \u00fapln\u011b daleko l\u00e9taj\u00ed rakety, um\u00edraj\u00ed lid\u00e9. To je prvn\u00ed z\u00e1sadn\u00ed poznatek. Druh\u00fdm je ztrouchniv\u011blost kdysi tak obdivovan\u00e9ho Z\u00e1padu. Ji\u017e jsem pochopil, \u017ee chyt\u0159\u00ed politici maj\u00ed schopnost p\u0159edv\u00eddat a jestli\u017ee komunist\u00e9 n\u00e1s od toho Z\u00e1padu dr\u017eeli d\u00e1le v dob\u011b jeho rozkv\u011btu, mo\u017en\u00e1 tu\u0161ili, \u017ee blahobyt nebude m\u00edt dlouh\u00e9ho trv\u00e1n\u00ed. Neadoruji komunisty ani socialismus, s\u00e1m jsem se s nimi rval a st\u00e1lo m\u011b to vzd\u011bl\u00e1n\u00ed. Nevhodn\u00fd pro studium na V\u0160. Co z toho vyplynulo? Vcelku fajn d\u011btstv\u00ed, p\u0159e\u017eit\u00ed vojny a n\u00e1sledn\u00e9ho \u00faprku z n\u00ed k VDUP (V\u00fdstavba dol\u016f uranov\u00e9ho pr\u016fmyslu ). Po spln\u011bn\u00ed povinnost\u00ed a pro\u017eit\u00ed komedie zvan\u00e9 Sametov\u00e1 revoluce divok\u00e9 za\u010d\u00e1tky podnik\u00e1n\u00ed a \u00fa\u017easn\u00fdch deset let v devades\u00e1tk\u00e1ch.<\/p>\n<p>Nechci se zaob\u00edrat rodinou, kter\u00e1 pot\u00e9 p\u0159i\u0161la, znamenala zm\u011bnu \u017eivota, ale celkov\u011b se \u017eivot za\u010dal tak n\u011bjak komplikovat. Z politik\u016f se postupn\u011b stali gr\u00e1zlov\u00e9, z obchodn\u00edk\u016f podvodn\u00edci, novin\u00e1\u0159i se vr\u00e1tili k slep\u00e9 oslav\u011b re\u017eimu, tentokr\u00e1t liber\u00e1ln\u00edho, internet a modern\u00ed komunikace p\u0159es mobily za\u0161ly do extr\u00e9mu a ml\u00e1de\u017e ztratila radost, kterou jsme my m\u00edvali ze svobody, pohybu, zdrav\u00e9ho rebelov\u00e1n\u00ed v mez\u00edch dosahu rodi\u010dovsk\u00e9 r\u00e1kosky. To v\u0161e je pry\u010d a m\u016fj n\u00e1hled na sou\u010dasnost je \u00fapln\u011b n\u011b\u010d\u00edm jin\u00fdm, ne\u017e co jsem si kdy mohl p\u0159edstavit.<\/p>\n<p>\u017dijeme v dob\u011b, kdy se vytratily p\u0159\u00e1telstv\u00ed, logika, moudrost, vlastenectv\u00ed, spravedlnost, tolerance, rodinn\u00e9 sm\u00fd\u0161len\u00ed, \u00facta, hrdost, zodpov\u011bdnost a poctivost. M\u00edsto atribut\u016f, na nich\u017e jsem vyrostl, tu m\u00e1me hami\u017enost, podraz\u00e1ctv\u00ed, nenasytnost, manipulaci, davovou psych\u00f3zu, zlobu, aroganci, nen\u00e1vist. Nejv\u011bt\u0161\u00ed probl\u00e9m ml\u00e1de\u017e ovlivn\u011bn\u00e1 dobou. Kdy\u017e u\u017e netou\u017e\u00ed po tom b\u00fdt bezpracn\u011b ve 20 letech miliard\u00e1\u0159i, tak by cht\u011bla o v\u0161em rozhodovat, do v\u0161eho b\u00fdt zapojena, nejl\u00e9pe ve vedouc\u00edch funkc\u00edch. Ani\u017e by m\u011bla \u00farove\u0148 vzd\u011bl\u00e1n\u00ed, kter\u00e9 dosahovali v jej\u00edm v\u011bku dne\u0161n\u00ed \u0161edes\u00e1tn\u00edci, jejich zku\u0161enosti, a p\u0159edev\u0161\u00edm schopnost ust\u00e1t enormn\u00ed technologick\u00fd skok vp\u0159ed p\u0159i zachov\u00e1n\u00ed zdrav\u00e9ho rozumu, m\u00e1 pocit, \u017ee je schopna sv\u00fdm naivn\u00edm progresem popostr\u010dit sv\u011bt vp\u0159ed. Pry\u010d jsou star\u00e9 zvyky, dle kter\u00fdch si mlad\u00ed star\u00fdch v\u00e1\u017eili. Ml\u00e1d\u00ed vp\u0159ed a nejl\u00e9pe p\u0159es mrtvoly star\u00fdch. T\u011bch p\u00e1r, kter\u00e9 adoruj\u00ed, jim bu\u010f leze kamsi, nebo jsou to bezp\u00e1te\u0159n\u00ed manipulanti hledaj\u00edc\u00ed prosp\u011bch pro sebe sam\u00e9. Pro\u010d by jinak Pavel jezdil po \u0161kol\u00e1ch, kter\u00e9 u\u017e i tak ovl\u00e1d\u00e1 \u010clov\u011bk v t\u00edsni?<\/p>\n<p>Studentsk\u00e1 omladina chce nyn\u00ed t\u0159eba demonstrovat proti okle\u0161t\u011bn\u00ed p\u0159\u00edjm\u016f prolhan\u00fdch ve\u0159ejnopr\u00e1vn\u00edch m\u00e9di\u00ed, k \u010demu\u017e je postrkov\u00e1na t\u011bmi, kte\u0159\u00ed maj\u00ed z m\u00e9di\u00ed profit. Jak snadn\u00e9 je ovlivnit ml\u00e1de\u017e jinak v\u011bt\u0161inou \u010dum\u00edc\u00ed do mobil\u016f, p\u0159em\u00fd\u0161lej\u00edc\u00ed o sv\u00e9m mo\u017en\u00e9m \u010di vysn\u011bn\u00e9m sexu\u00e1ln\u00edm zam\u011b\u0159en\u00ed, maj\u00edc\u00ed chu\u0165 na sojov\u00e9 latt\u00e9 \u010di bezinkov\u00fd d\u017eus a sn\u00edc\u00ed o zelen\u00e9 budoucnosti, ani\u017e by si o n\u00ed n\u011bco seri\u00f3zn\u00edho p\u0159e\u010detla. M\u00edsto pl\u00e1n\u016f na rodinu a d\u011bti se rad\u0161i toul\u00e1 po sv\u011bt\u011b, streamuje, kou\u0159\u00ed tr\u00e1vu, chod\u00ed jako bezdomovci a k budov\u00e1n\u00ed domova m\u00e1 vlastn\u011b chu\u0165 naplnit proroctv\u00ed, dle kter\u00e9ho bude \u0161\u0165astn\u00e1, i kdy\u017e nebude nic vlastnit. St\u0159edn\u00ed generace u\u017e obdob\u00ed socialismu neza\u017eila, ale r\u00e1da o n\u011bm mluv\u00ed a kritizuje ho, p\u0159i\u010dem\u017e se pl\u00e1c\u00e1 v unijn\u00edm marastu a levn\u00e9m blahobytu ztv\u00e1rn\u011bn\u00e9m Lidlem, Globusem a Alzou. Skute\u010dn\u00e9 hodnoty jsou kde? Jist\u011b, neplat\u00ed to pro v\u0161echny, ale celkov\u00fd obraz se moc neli\u0161\u00ed.<\/p>\n<p>Alan Delon \u0159\u00edkal, \u017ee opust\u00ed tento sv\u011bt r\u00e1d a bez smutku. Ani mne nebav\u00ed poslouchat neust\u00e1l\u00e9 n\u00e1\u0159ky o tom, jak je t\u011b\u017ek\u00e9 st\u00e1t se bohat\u00fdm, zaji\u0161t\u011bn\u00fdm, co v\u0161e k tomu \u010dlov\u011bk pot\u0159ebuje. Ve skute\u010dnosti to m\u00e1lo, kter\u00e9 k spokojen\u00e9mu \u017eivotu sta\u010d\u00ed, m\u016f\u017ee m\u00edt ka\u017ed\u00fd z n\u00e1s. Pokud v\u00e1s nebude drtit touha po bohatstv\u00ed, mo\u017en\u00e1 zjist\u00edte, \u017ee ho vlastn\u011b ani nepot\u0159ebujete. V\u00e1\u0161 \u017eivot m\u016f\u017ee nakonec vypadat jinak. Je fajn parkovat v gar\u00e1\u017ei v\u00edce hezk\u00fdch aut, ale jezdit budete stejn\u011b v\u011bt\u0161inou v jednom. M\u00edt 10 pokoj\u016f, ale do t\u0159\u00ed se ani jednou za rok nepod\u00edv\u00e1te. Vlastnit deset tis\u00edc metr\u016f pozemku, ale pohybovat se na jejich desetin\u011b. \u017d\u00edt mezi lidmi, ale p\u0159\u00e1telit se aspo\u0148 s jedn\u00edm \u010dlov\u011bkem. D\u011blat v\u0161e pro d\u011bti, ale jednou sly\u0161et, \u017ee jste pro n\u011b nic ned\u011blali. V\u011bdom\u00ed, \u017ee V\u00e1s pen\u00edze osvobozuj\u00ed, je sice re\u00e1ln\u011b spr\u00e1vn\u00e9, nicm\u00e9n\u011b neznamenaj\u00ed automaticky \u0161t\u011bst\u00ed.<\/p>\n<p>Nejsem dost st\u00e1r na to, aby byl se v\u0161\u00edm sm\u00ed\u0159en jako Alan Delon. Ale jsem dost unaven na to, abych ho ch\u00e1pal. Do d\u016fchodu daleko, ml\u00e1d\u00ed v h\u00e1ji. To mne ale netr\u00e1p\u00ed. Co mne \u0161tve, poch\u00e1z\u00ed odjinud. Ne z v\u011bku, ale z nevd\u011bku, neochoty jin\u00fdch b\u00fdt samostatn\u00fdmi, ani\u017e by um\u011bli projevit \u00factu. Jen p\u00e1r lid\u00ed si nakonec zaslou\u017e\u00ed skute\u010dnou pozornost. Ostatn\u00ed se o ni p\u0159ipravuj\u00ed sami. Mo\u017en\u00e1 to m\u00e1te jinak, ale j\u00e1 vn\u00edm\u00e1m sou\u010dasn\u00fd sv\u011bt sp\u00ed\u0161e negativn\u011b. P\u0159esto\u017ee jsem vynalo\u017eil mnoho sil na to, aby to bylo jinak. M\u00edt klid, radost, dobrou n\u00e1ladu, to vy\u017eaduje n\u011bkolik dob\u0159e poskl\u00e1dan\u00fdch st\u0159\u00edpk\u016f do mozaiky. Bohu\u017eel se kolem n\u00e1s pohybuje v\u00edce lid\u00ed k\u0159iv\u00fdch a toxick\u00fdch ne\u017e p\u0159\u00ednosn\u00fdch. M\u00e1te li to lep\u0161\u00ed, blahop\u0159eji.<\/p>\n<p><a href=\"https:\/\/www.inadhled.live\/sex-a-vztahy\/zvlastni-doba-osobni-zpoved\/\">Jind\u0159ich Kulhav\u00fd<\/a><\/p>\n<p><img decoding=\"async\" loading=\"lazy\" class=\"alignnone size-full wp-image-48136\" src=\"http:\/\/www.infokuryr.cz\/n\/wp-content\/uploads\/2024\/02\/kulhavy-jindrich.jpg\" alt=\"\" width=\"219\" height=\"221\" srcset=\"https:\/\/www.infokuryr.cz\/n\/wp-content\/uploads\/2024\/02\/kulhavy-jindrich.jpg 219w, https:\/\/www.infokuryr.cz\/n\/wp-content\/uploads\/2024\/02\/kulhavy-jindrich-150x150.jpg 150w\" sizes=\"(max-width: 219px) 100vw, 219px\" \/><\/p>\n<p>&nbsp;<\/p>\n<\/div>\n","protected":false},"excerpt":{"rendered":"<p>\u00a0O sv\u00e9m st\u00e1\u0159\u00ed jsem nikdy nem\u011bl jasnou p\u0159edstavu. Kdy\u017e jsem byl mlad\u00fd, d\u016fchod byl daleko&#8230;<\/p>\n","protected":false},"author":2,"featured_media":105080,"comment_status":"closed","ping_status":"closed","sticky":false,"template":"","format":"standard","meta":[],"categories":[6],"tags":[1503,122,1706],"_links":{"self":[{"href":"https:\/\/www.infokuryr.cz\/n\/wp-json\/wp\/v2\/posts\/105079"}],"collection":[{"href":"https:\/\/www.infokuryr.cz\/n\/wp-json\/wp\/v2\/posts"}],"about":[{"href":"https:\/\/www.infokuryr.cz\/n\/wp-json\/wp\/v2\/types\/post"}],"author":[{"embeddable":true,"href":"https:\/\/www.infokuryr.cz\/n\/wp-json\/wp\/v2\/users\/2"}],"replies":[{"embeddable":true,"href":"https:\/\/www.infokuryr.cz\/n\/wp-json\/wp\/v2\/comments?post=105079"}],"version-history":[{"count":0,"href":"https:\/\/www.infokuryr.cz\/n\/wp-json\/wp\/v2\/posts\/105079\/revisions"}],"wp:featuredmedia":[{"embeddable":true,"href":"https:\/\/www.infokuryr.cz\/n\/wp-json\/wp\/v2\/media\/105080"}],"wp:attachment":[{"href":"https:\/\/www.infokuryr.cz\/n\/wp-json\/wp\/v2\/media?parent=105079"}],"wp:term":[{"taxonomy":"category","embeddable":true,"href":"https:\/\/www.infokuryr.cz\/n\/wp-json\/wp\/v2\/categories?post=105079"},{"taxonomy":"post_tag","embeddable":true,"href":"https:\/\/www.infokuryr.cz\/n\/wp-json\/wp\/v2\/tags?post=105079"}],"curies":[{"name":"wp","href":"https:\/\/api.w.org\/{rel}","templated":true}]}}