{"id":105070,"date":"2026-04-21T04:21:14","date_gmt":"2026-04-21T02:21:14","guid":{"rendered":"https:\/\/www.infokuryr.cz\/n\/?p=105070"},"modified":"2026-04-21T04:21:14","modified_gmt":"2026-04-21T02:21:14","slug":"byvaly-bulharsky-prezident-se-svoji-stranou-drtive-vyhral-parlamentni-volby-a-vyzval-k-obnove-dialogu-s-ruskem","status":"publish","type":"post","link":"https:\/\/www.infokuryr.cz\/n\/2026\/04\/21\/byvaly-bulharsky-prezident-se-svoji-stranou-drtive-vyhral-parlamentni-volby-a-vyzval-k-obnove-dialogu-s-ruskem\/","title":{"rendered":"B\u00fdval\u00fd bulharsk\u00fd prezident se svoj\u00ed stranou drtiv\u011b vyhr\u00e1l parlamentn\u00ed volby a vyzval k obnov\u011b dialogu s Ruskem"},"content":{"rendered":"<div id=\"fb-root\"><\/div>\n<h4>B\u00fdval\u00fd bulharsk\u00fd prezident se svoj\u00ed stranou drtiv\u011b vyhr\u00e1l parlamentn\u00ed volby a vyzval k obnov\u011b dialogu s Ruskem, k zastaven\u00ed vyzbrojov\u00e1n\u00ed Ukrajiny a k nastoupen\u00ed cesty pragmatismu a obnovy konkurenceschopnosti evropsk\u00fdch ekonomik za pomoci Ruska a rusk\u00fdch surovin a energi\u00ed! A nov\u00fd ma\u010farsk\u00fd premi\u00e9r navrhl, aby se Viktor Orb\u00e1n stal p\u0159edsedou Evropsk\u00e9 komise!<\/h4>\n<p>P\u0159esn\u011b t\u00fdden po ma\u010farsk\u00fdch parlamentn\u00edch volb\u00e1ch prob\u011bhly dal\u0161\u00ed ost\u0159e sledovan\u00e9 volby i v Bulharsku, kter\u00e9 vyhr\u00e1la strana\u00a0<em>Progresivn\u00ed Bulharsko<\/em>\u00a0b\u00fdval\u00e9ho a \u00fadajn\u011b\u00a0<em>pro-rusk\u00e9ho<\/em>\u00a0prezidenta Rumena Radeva. V Bruselu byly obrovsk\u00e9 obavy, proto\u017ee pr\u016fzkumy ukazovaly jeho n\u00e1skok, ale ned\u011bln\u00ed volby dopadly \u00fapln\u011b p\u0159esn\u011b jako p\u0159ed t\u00fddnem v Ma\u010farsku, tedy obrovsk\u00fdm v\u00edt\u011bzstv\u00edm, kdy Radevova strana z\u00edskala 45% hlas\u016f a v parlamentu tak bude m\u00edt naprosto pohodlnou parlamentn\u00ed v\u011bt\u0161inu a bude moci vl\u00e1dnout sama.<\/p>\n<p>Velk\u00e1 panika se rozhostila mezi bruselsk\u00fdmi k\u00e1dry, proto\u017ee Radev je pova\u017eov\u00e1n za pro-rusk\u00e9ho k\u00e1dra.\u00a0<strong>V\u00edt\u011bz bulharsk\u00fdch parlamentn\u00edch voleb, Rumen Radev ze strany \u201e<em>Progresivn\u00ed Bulharsko<\/em>\u201c, vyzval k obnoven\u00ed dialogu s Ruskem.<\/strong>\u00a0B\u00fdval\u00fd prezident dovedl nov\u011b vzniklou levicov\u011b orientovanou populistickou stranu k drtiv\u00e9mu v\u00edt\u011bzstv\u00ed d\u00edky programu zalo\u017een\u00e9mu na kritick\u00e9m dialogu s Bruselem a pragmatick\u00e9m p\u0159\u00edstupu k Moskv\u011b.<\/p>\n<p>&nbsp;<\/p>\n<div id=\"rumble_v76l584\">\n<div id=\"vid_v76l584\" class=\"rumble_v76l584-Rumble-cls\" tabindex=\"-1\">\n<div><div class='videoWrapper'>\r\n\t            <iframe src='https:\/\/rumble.com\/embed\/pj.v76l584\/' frameborder='0' allowfullscreen><\/iframe>\r\n\t        <\/div><\/div>\n<\/div>\n<\/div>\n<p>&nbsp;<\/p>\n<p>Pot\u00e9, co prvn\u00ed odhady v\u00fdsledk\u016f uk\u00e1zaly, \u017ee jeho strana jasn\u011b vede, se euroskeptik Radev v rozhovoru s novin\u00e1\u0159i vyj\u00e1d\u0159il, \u017ee Bulharsko z\u016fstane \u201ena sv\u00e9 evropsk\u00e9 cest\u011b\u201c, ale z\u00e1rove\u0148 zd\u016fraznil, \u017ee Sofie i Unie pot\u0159ebuj\u00ed v zahrani\u010dn\u00ed politice \u201e<em>kriti\u010dt\u011bj\u0161\u00ed p\u0159\u00edstup<\/em>\u201c. \u201e<em>Zeptejte se francouzsk\u00e9ho prezidenta Emmanuela Macrona, belgick\u00e9ho premi\u00e9ra, zeptejte se dal\u0161\u00edch evropsk\u00fdch l\u00eddr\u016f, v\u010detn\u011b n\u011bmeck\u00e9ho kancl\u00e9\u0159e Friedricha Merze, kter\u00fd prohl\u00e1sil, \u017ee tento dialog s Ruskem mus\u00ed b\u00fdt obnoven<\/em>,\u201c uvedl Radev a zd\u016fraznil, \u017ee dialog je nezbytn\u00fd pro utv\u00e1\u0159en\u00ed budouc\u00ed bezpe\u010dnostn\u00ed architektury Evropy a pro zastaven\u00ed jej\u00ed deindustrializace.<\/p>\n<h3>Bulharsko si zvolilo sv\u00e9ho Magyara i Orb\u00e1na v jednom<\/h3>\n<p>\u201e<em>Pokud chceme, aby Evropa m\u011bla skute\u010dnou strategickou autonomii\u2026 mus\u00ed Evropa velmi v\u00e1\u017en\u011b uva\u017eovat o tom, jak zajist\u00ed sv\u00e9 zdroje, proto\u017ee bez energetick\u00fdch zdroj\u016f nem\u016f\u017eeme hovo\u0159it o konkurenceschopnosti<\/em>,\u201c dodal. Radev tvrdil, \u017ee Unie si sama podkopala pozici t\u00edm, \u017ee usilovala o mor\u00e1ln\u00ed veden\u00ed v tom, co popsal jako sv\u011bt bez pravidel, a nyn\u00ed pot\u0159ebuje prakti\u010dt\u011bj\u0161\u00ed politiku.<\/p>\n<p><strong>Podle kone\u010dn\u00fdch v\u00fdsledk\u016f z\u00edskala Radevova strana Progresivn\u00ed Bulharsko 45,3% hlas\u016f a v\u00fdrazn\u011b tak p\u0159edstihla dlouho dominuj\u00edc\u00ed stranu GERB-SDS b\u00fdval\u00e9ho premi\u00e9ra Bojka Borisova<\/strong>, kter\u00e1 dos\u00e1hla 13,4 %, zat\u00edmco strana PP-DB \u00fa\u0159aduj\u00edc\u00edho premi\u00e9ra Andreje Gyurova zaost\u00e1v\u00e1 s 12,9 %. Aby mohla strana nebo koalice sestavit vl\u00e1du, mus\u00ed v 240\u010dlenn\u00e9m N\u00e1rodn\u00edm shrom\u00e1\u017ed\u011bn\u00ed z\u00edskat alespo\u0148 121 mand\u00e1t\u016f.<\/p>\n<p>&nbsp;<\/p>\n<div id=\"rumble_v76l59k\">\n<div id=\"vid_v76l59k\" class=\"rumble_v76l59k-Rumble-cls\" tabindex=\"-1\">\n<div><div class='videoWrapper'>\r\n\t            <iframe src='https:\/\/rumble.com\/embed\/pj.v76l59k\/' frameborder='0' allowfullscreen><\/iframe>\r\n\t        <\/div><\/div>\n<\/div>\n<\/div>\n<p>&nbsp;<\/p>\n<p>Podle p\u0159edb\u011b\u017en\u00fdch odhad\u016f strana \u201e<em>Progresivn\u00ed Bulharsko<\/em>\u201c tuto hranici ji\u017e p\u0159ekro\u010dila a z\u00edskala odhadem 131 a\u017e 134 mand\u00e1t\u016f, co\u017e j\u00ed sta\u010d\u00ed k vl\u00e1dnut\u00ed bez koalice. Radev ozna\u010dil v\u00fdsledek za \u201e<em>v\u00edt\u011bzstv\u00ed nad\u011bje nad ned\u016fv\u011brou<\/em>\u201c a uvedl, \u017ee jeho strana p\u0159ekonala apatii voli\u010d\u016f, p\u0159ipustil v\u0161ak, \u017ee ned\u016fv\u011bra v politiky p\u0159etrv\u00e1v\u00e1. Uvedl, \u017ee se k sestaven\u00ed vl\u00e1dy \u010di p\u0159\u00edpadn\u00fdm koali\u010dn\u00edm jedn\u00e1n\u00edm vyj\u00e1d\u0159\u00ed a\u017e po ozn\u00e1men\u00ed kone\u010dn\u00fdch v\u00fdsledk\u016f. Toto hlasov\u00e1n\u00ed p\u0159edstavuje ji\u017e osm\u00e9 volby v Bulharsku za posledn\u00edch p\u011bt let.<\/p>\n<h3>B\u00fdval\u00fd prezident Bulharska chce dialog s Ruskem, rusk\u00e9 energie, suroviny, a chce pokra\u010dovat v odporu proti dod\u00e1vk\u00e1m zbr\u00e1n\u00ed na Ukrajinu<\/h3>\n<p>Zem\u011b se od roku 2021, kdy Borissov rezignoval uprost\u0159ed korup\u010dn\u00edch skand\u00e1l\u016f, nach\u00e1z\u00ed ve stavu politick\u00e9 dysfunkce s nepopul\u00e1rn\u00edmi prozat\u00edmn\u00edmi vl\u00e1dami.\u00a0<strong>A\u010dkoli strana\u00a0<em>Progresivn\u00ed Bulharsko<\/em>\u00a0vznikla p\u0159ed m\u00e9n\u011b ne\u017e dv\u011bma m\u011bs\u00edci, Radev je politick\u00fdm veter\u00e1nem, kter\u00fd zast\u00e1val funkci prezidenta od roku 2017 a\u017e do odstoupen\u00ed v lednu, aby se uch\u00e1zel o post p\u0159edsedy vl\u00e1dy.<\/strong><\/p>\n<p>P\u0159i\u010dem\u017e sl\u00edbil prolomit patovou situaci a bojovat proti korupci. Radev, kter\u00fd je hlasit\u00fdm kritikem politiky EU v\u016f\u010di Ukrajin\u011b, se postavil proti bulharsk\u00e9mu embargu na rusk\u00e9 energetick\u00e9 suroviny, zablokoval pl\u00e1n z roku 2022 na vysl\u00e1n\u00ed obrn\u011bn\u00fdch vozidel na Ukrajinu a tvrdil, \u017ee tento konflikt nelze vy\u0159e\u0161it vojenskou cestou.<\/p>\n<div class=\"twitter-tweet twitter-tweet-rendered\"><a href=\"https:\/\/x.com\/TomasZdechovsky\/status\/2045980940761964962?ref_src=twsrc%5Etfw%7Ctwcamp%5Etweetembed%7Ctwterm%5E2045980940761964962%7Ctwgr%5Ec23d39a466f93411918f96b9b2779b31d0e080ef%7Ctwcon%5Es1_&amp;ref_url=https%3A%2F%2Faeronet.news%2Fbyvaly-bulharsky-prezident-se-svoji-stranou-drtive-vyhral-parlamentni-volby-a-vyzval-k-obnove-dialogu-s-ruskem-k-zastaveni-vyzbrojovani-ukrajiny-a-k-nastoupeni-cesty-pragmatismu%2F\"><img decoding=\"async\" loading=\"lazy\" class=\"wp-image-105071 aligncenter\" src=\"http:\/\/www.infokuryr.cz\/n\/wp-content\/uploads\/2026\/04\/x-10-248x300.jpg\" alt=\"\" width=\"433\" height=\"524\" srcset=\"https:\/\/www.infokuryr.cz\/n\/wp-content\/uploads\/2026\/04\/x-10-248x300.jpg 248w, https:\/\/www.infokuryr.cz\/n\/wp-content\/uploads\/2026\/04\/x-10.jpg 596w\" sizes=\"(max-width: 433px) 100vw, 433px\" \/><\/a><\/div>\n<p>U\u017e v dob\u011b, kdy byl prezidentem, tak odm\u00edtal vyzbrojov\u00e1n\u00ed Ukrajiny, odm\u00edtal protirusk\u00e9 sankce a varoval, \u017ee odst\u0159ihnut\u00ed Evropy od rusk\u00fdch zdroj\u016f a energi\u00ed zni\u010d\u00ed evropskou ekonomiku. Radevovi vypr\u0161el prezidentsk\u00fd mand\u00e1t letos v lednu a vrhl se do \u010dela st\u0159edo-lev\u00e9 koalice Progresivn\u00ed Bulharsko, kter\u00e1 prosazuje obnovu ekonomiky a pr\u016fmyslu na b\u00e1zi normalizace vztah\u016f s Ruskem. Bez rusk\u00fdch surovin a paliv to prost\u011b nejde nejen v Bulharsku, ale nejde to nikde v Evrop\u011b.<\/p>\n<p>Evropsk\u00e1 konkurenceschopnost je v trosk\u00e1ch, proto\u017ee n\u00e1kupy drah\u00fdch surovin a energi\u00ed z dalek\u00e9ho sv\u011bta nam\u00edsto z Ruska zdra\u017euj\u00ed v\u00fdrobu natolik, \u017ee produkce nedok\u00e1\u017ee konkurovat ani t\u00e9 \u010d\u00ednsk\u00e9, ani japonsk\u00e9, ani americk\u00e9, prost\u011b \u017e\u00e1dn\u00e9. N\u011bmeck\u00fd Volkswagen dokonce p\u0159e\u0161el \u010d\u00e1ste\u010dn\u011b s podporu n\u011bmeck\u00e9ho st\u00e1tu na v\u00e1le\u010dnou v\u00fdrobu a ve spolupr\u00e1ci s izraelsk\u00fdmi firmami bude vyr\u00e1b\u011bt PVO syst\u00e9my. V\u00fdroba bude \u010derpat evropsk\u00e9 a dom\u00e1c\u00ed n\u011bmeck\u00e9 dotace.<\/p>\n<h3>P\u00e9ter Magyar p\u0159ivodil apar\u00e1t\u010d\u00edk\u016fm v Bruselu infarkt \u2013 navrhl Viktora Orb\u00e1na za p\u0159edsedu Evropsk\u00e9 komise<\/h3>\n<p>\u010cesk\u00e1 euroliber\u00e1ln\u00ed fronta za\u010dala b\u00edt na poplach. Europoslanec Tom\u00e1\u0161 Zdechovsk\u00fd ozna\u010dil v\u00fdsledek voleb v Bulharsku za geopolitickou zm\u011bnu, viz jeho tweet v\u00fd\u0161e. Ale toto nen\u00ed jedin\u00fd \u0161ok pro Brusel. Ji\u017e o v\u00edkendu nov\u011b zvolen\u00fd ma\u010farsk\u00fd premi\u00e9r\u00a0<strong>P\u00e9ter Magyar znovu odjistil a \u0161kodolib\u011b vhodil gran\u00e1t do bruselsk\u00fdch kancel\u00e1\u0159\u00ed, kdy\u017e v dal\u0161\u00edm \u0161okuj\u00edc\u00edm projevu prohl\u00e1sil, \u017ee\u00a0nov\u00fdm p\u0159edsedou Evropsk\u00e9 komise by se m\u011bl st\u00e1t Viktor Orb\u00e1n.<\/strong><\/p>\n<p>Proto\u017ee lid\u00e9 v EU ho maj\u00ed r\u00e1di a m\u00e1 tvrdou a nekompromisn\u00ed politiku. Volby v Ma\u010farsku pr\u00fd prohr\u00e1l, proto\u017ee lid\u00e9 mu u\u017e nev\u011b\u0159\u00ed ve smyslu ekonomick\u00fdch n\u00e1vrh\u016f, kter\u00e9 Ma\u010farsku nijak nepomohly, ale st\u00e1le si zachov\u00e1v\u00e1 \u00factu a podporu mnoha lid\u00ed, a to p\u0159edev\u0161\u00edm v zem\u00edch EU. Orb\u00e1n je popul\u00e1rn\u00ed mezi oby\u010dejn\u00fdmi lidmi v EU, ne mezi politiky, ale lidmi, tak\u017ee by pr\u00fd dob\u0159e h\u00e1jil jejich z\u00e1jmy v Evrop\u011b.<\/p>\n<p>&nbsp;<\/p>\n<div id=\"rumble_v76l57g\">\n<div id=\"vid_v76l57g\" class=\"rumble_v76l57g-Rumble-cls\" tabindex=\"-1\">\n<div><div class='videoWrapper'>\r\n\t            <iframe src='https:\/\/rumble.com\/embed\/pj.v76l57g\/' frameborder='0' allowfullscreen><\/iframe>\r\n\t        <\/div><\/div>\n<\/div>\n<\/div>\n<p>&nbsp;<\/p>\n<p>V Bruselu se po tomto rozhovoru pro ma\u010farsk\u00fd Telex ozvaly obrovsk\u00e9 r\u00e1ny, kdy\u017e hodiny padaly ze zd\u00ed ve v\u0161ech kancel\u00e1\u0159\u00edch. Ten chlap\u00edk, kter\u00e9ho si euroliber\u00e1lov\u00e9 vykreslili a vysnili jako dal\u0161\u00edho<em>\u00a0euroboye<\/em>, kter\u00fd hned pob\u011b\u017e\u00ed do Bruselu l\u00edbat prsten, jim te\u010f chce poslat Orb\u00e1na p\u0159\u00edmo do Evropsk\u00e9 komise m\u00edsto Ur\u0161uly von der Leyen, na jej\u00ed m\u00edsto. Po skand\u00e1ln\u00edch v\u00fdroc\u00edch Magyara o tom, \u017ee Ma\u010farsko se nevzd\u00e1 rusk\u00fdch paliv, je tohle dal\u0161\u00ed \u0161ok.<\/p>\n<p>A \u017ee a\u017e skon\u010d\u00ed v\u00e1lka na Ukrajin\u011b, \u017ee Magyar o\u010dek\u00e1v\u00e1, \u017ee cel\u00e1 EU se vr\u00e1t\u00ed k rusk\u00fdm surovin\u00e1m, a \u017ee Ukrajina do EU nijak brzy nevstoup\u00ed, \u017ee o tom mus\u00ed rozhodnout referendum v Ma\u010farsku, tak po t\u011bchto v\u00fdroc\u00edch je tento Magyar\u016fv vzkaz doslova dal\u0161\u00edm gran\u00e1tem, kter\u00fd v Bruselu explodoval. Takhle se nechov\u00e1 k\u00e1dr Bruselu.\u00a0<strong>Takhle se chov\u00e1 n\u011bkdo, kdo pokra\u010duje ve \u0161l\u00e9p\u011bj\u00edch Orb\u00e1novy zahrani\u010dn\u00ed politiky.<\/strong>\u00a0Tu dom\u00e1c\u00ed mo\u017en\u00e1 bude Magyar opravdu d\u011blat jinak (<em>pokud to v\u016fbec p\u016fjde, proto\u017ee to v\u016fbec nen\u00ed jist\u00e9<\/em>), ale ta zahrani\u010dn\u00ed se podle v\u0161eho nezm\u011bn\u00ed ani o p\u00ed\u010f.<\/p>\n<h3>Orb\u00e1n a Magyar spolu p\u0159ed volbami n\u011bco upekli. Je to \u201cAbsolute Cinema\u201d na voli\u010de a pomalu se to dost\u00e1v\u00e1 na povrch<\/h3>\n<p>Dokonce to m\u016f\u017ee b\u00fdt pro Brusel je\u0161t\u011b hor\u0161\u00ed. Ma\u010far m\u016f\u017ee za\u010d\u00edt Brusel vyd\u00edrat a bude t\u0159eba cht\u00edt, aby Orb\u00e1n dostal k\u0159eslo p\u0159edsedy Evropsk\u00e9 komise v\u00fdm\u011bnou za t\u0159eba n\u011bjak\u00e9 zm\u011bny v Ma\u010farsku v z\u00e1konech, kter\u00e9 se Bruselu za Orb\u00e1na nel\u00edbily. Magyar v\u00ed, \u017ee Orb\u00e1n je st\u00e1le siln\u00fd a autorita.<\/p>\n<p>A \u017ee pro Tisza bude lep\u0161\u00ed, kdy\u017e bude p\u016fsobit v Bruselu jako \u0161\u00e9f Evropsk\u00e9 komise ne\u017e jako l\u00eddr ma\u010farsk\u00e9 opozice. To je ten prvn\u00ed\u00a0<em>leitmotiv<\/em>, kter\u00fd \u010dlov\u011bka napadne. Jen\u017ee, ten obrat Magyara po volb\u00e1ch tomu neodpov\u00edd\u00e1. Ve volb\u00e1ch byl Orb\u00e1n doslova ter\u010dem pro Magyara, ale jakmile je po volb\u00e1ch, je v\u0161echno jinak a u\u017e dokonce doporu\u010duje sv\u00e9ho \u201c<em>rivala<\/em>\u201d do funkce \u0161\u00e9fa Evropsk\u00e9 komise.<\/p>\n<p>&nbsp;<\/p>\n<div id=\"rumble_v76lbiy\">\n<div id=\"vid_v76lbiy\" class=\"rumble_v76lbiy-Rumble-cls\" tabindex=\"-1\">\n<div><div class='videoWrapper'>\r\n\t            <iframe src='https:\/\/rumble.com\/embed\/pj.v76lbiy\/' frameborder='0' allowfullscreen><\/iframe>\r\n\t        <\/div><\/div>\n<\/div>\n<\/div>\n<p>&nbsp;<\/p>\n<p>Ne, takhle povolebn\u00ed matematika nikdy nefunguje.\u00a0<strong>Tohle muselo b\u00fdt dop\u0159edu dohodnut\u00e9, jak si rozd\u011blit voli\u010de v Ma\u010farsku mezi Fidesz A a Fidesz B.<\/strong>\u00a0Je to p\u0159itom logick\u00e9. Ty obrovsk\u00e9 masy vlasteneck\u00fdch a protimigra\u010dn\u00edch voli\u010d\u016f Fidesz z roku 2022 se nikam nevypa\u0159ily p\u0159i volb\u00e1ch 12. dubna. Prost\u011b velk\u00e1 \u010d\u00e1st jich p\u0159e\u0161la do Tisza partaje veden\u00e9 b\u00fdval\u00fdm Orb\u00e1nov\u00fdm spolustran\u00edkem P\u00e9terem Magyarem. Ten vyhr\u00e1l volby.<\/p>\n<p>A te\u010f po volb\u00e1ch, nam\u00edsto bruselsk\u00fdmi liber\u00e1ly o\u010dek\u00e1van\u00e9 pomsty, odvety nebo likvidace Orb\u00e1na, p\u0159ich\u00e1z\u00ed chv\u00e1la jeho schopnost\u00ed, z\u00e1sluh a dokonce doporu\u010den\u00ed do \u010dela Evropsk\u00e9 komise. U\u017e je jasn\u00e9, pro\u010d Magyar na balk\u00f3n\u011b prezidentsk\u00e9ho pal\u00e1ce pronesl slova: \u201c<em>Absolutn\u00ed filmov\u00e1 sc\u00e9na!<\/em>\u201d v odkazu na italskou filmovou \u0161kolu (<em>Absolute Cinema<\/em>) zachycen\u00ed okam\u017eiku, kdy film a realita spl\u00fdvaj\u00ed v jeden z\u00e1b\u011br a nelze rozli\u0161it, co je hran\u00e9, a co je u\u017e realita. P\u0159esn\u011b jako v\u00a0<em>Absolute Cinema<\/em>\u00a0si te\u010f mus\u00ed p\u0159ipadat voli\u010di Magyara, ale i cel\u00e1 Evropsk\u00e1 komise.<\/p>\n<p><a href=\"https:\/\/aeronet.news\/byvaly-bulharsky-prezident-se-svoji-stranou-drtive-vyhral-parlamentni-volby-a-vyzval-k-obnove-dialogu-s-ruskem-k-zastaveni-vyzbrojovani-ukrajiny-a-k-nastoupeni-cesty-pragmatismu\/\">-VK-<\/a><\/p>\n<p>&nbsp;<\/p>\n","protected":false},"excerpt":{"rendered":"<p>B\u00fdval\u00fd bulharsk\u00fd prezident se svoj\u00ed stranou drtiv\u011b vyhr\u00e1l parlamentn\u00ed volby a vyzval k obnov\u011b dialogu&#8230;<\/p>\n","protected":false},"author":2,"featured_media":105072,"comment_status":"closed","ping_status":"closed","sticky":false,"template":"","format":"standard","meta":[],"categories":[6],"tags":[1042,190,22,27],"_links":{"self":[{"href":"https:\/\/www.infokuryr.cz\/n\/wp-json\/wp\/v2\/posts\/105070"}],"collection":[{"href":"https:\/\/www.infokuryr.cz\/n\/wp-json\/wp\/v2\/posts"}],"about":[{"href":"https:\/\/www.infokuryr.cz\/n\/wp-json\/wp\/v2\/types\/post"}],"author":[{"embeddable":true,"href":"https:\/\/www.infokuryr.cz\/n\/wp-json\/wp\/v2\/users\/2"}],"replies":[{"embeddable":true,"href":"https:\/\/www.infokuryr.cz\/n\/wp-json\/wp\/v2\/comments?post=105070"}],"version-history":[{"count":0,"href":"https:\/\/www.infokuryr.cz\/n\/wp-json\/wp\/v2\/posts\/105070\/revisions"}],"wp:featuredmedia":[{"embeddable":true,"href":"https:\/\/www.infokuryr.cz\/n\/wp-json\/wp\/v2\/media\/105072"}],"wp:attachment":[{"href":"https:\/\/www.infokuryr.cz\/n\/wp-json\/wp\/v2\/media?parent=105070"}],"wp:term":[{"taxonomy":"category","embeddable":true,"href":"https:\/\/www.infokuryr.cz\/n\/wp-json\/wp\/v2\/categories?post=105070"},{"taxonomy":"post_tag","embeddable":true,"href":"https:\/\/www.infokuryr.cz\/n\/wp-json\/wp\/v2\/tags?post=105070"}],"curies":[{"name":"wp","href":"https:\/\/api.w.org\/{rel}","templated":true}]}}