{"id":10507,"date":"2022-05-12T01:04:26","date_gmt":"2022-05-11T23:04:26","guid":{"rendered":"http:\/\/www.infokuryr.cz\/n\/?p=10507"},"modified":"2022-05-11T12:20:36","modified_gmt":"2022-05-11T10:20:36","slug":"valka-za-globalismus-na-ukrajine","status":"publish","type":"post","link":"https:\/\/www.infokuryr.cz\/n\/2022\/05\/12\/valka-za-globalismus-na-ukrajine\/","title":{"rendered":"V\u00e1lka za globalismus na Ukrajin\u011b"},"content":{"rendered":"<div id=\"fb-root\"><\/div>\n<div class=\"elementor-element elementor-element-1fb4c2c elementor-widget elementor-widget-theme-post-content\" data-id=\"1fb4c2c\" data-element_type=\"widget\" data-widget_type=\"theme-post-content.default\">\n<div class=\"elementor-widget-container\">\n<p><strong><span>Washingtonsk\u00e1 z\u00e1stupn\u00e1 v\u00e1lka na Ukrajin\u011b je globalistickou agendou, kter\u00e1 m\u00e1 naru\u0161it kontinuitu historie, kultury a geografie zt\u011blesn\u011bn\u00e9 v n\u00e1rodn\u00edm st\u00e1t\u011b.<\/span><\/strong><\/p>\n<p><span>B\u011bhem leteck\u00e9 kampan\u011b v Kosovu v roce 1999 prezident Bill Clinton \u0159ekl Ameri\u010dan\u016fm: \u201eO tom je tato v\u011bc v Kosovu: \u2026.\u00a0Je to o globalismu versus tribalismu.\u201c<\/span><\/p>\n<p><span>V roce 1999 jen velmi m\u00e1lo Ameri\u010dan\u016f v\u011bnovalo pozornost Clintonov\u00fdm pozn\u00e1mk\u00e1m.\u00a0Kosovo bylo dal\u0161\u00edm konfliktem na ciz\u00ed p\u016fd\u011b s mal\u00fdm nebo \u017e\u00e1dn\u00fdm v\u00fdznamem pro ka\u017edodenn\u00ed americk\u00fd \u017eivot.\u00a0Up\u0159\u00edmn\u011b \u0159e\u010deno, Clintonovo pou\u017eit\u00ed slova \u201etribalismus\u201c pravd\u011bpodobn\u011b zm\u00e1tlo mnoho Ameri\u010dan\u016f.\u00a0Pro v\u011bt\u0161inu Ameri\u010dan\u016f znamen\u00e1 nacionalismus oddanost zemi, ochotu Ameri\u010dan\u016f up\u0159ednostnit pot\u0159eby zem\u011b p\u0159ed sv\u00fdmi v dob\u011b krize nebo konfliktu.\u00a0Ameri\u010dt\u00ed nacionalist\u00e9 nejsou kmenov\u00ed.\u00a0Cht\u011bj\u00ed chr\u00e1nit a br\u00e1nit Spojen\u00e9 st\u00e1ty, jejich historick\u00e9 instituce a pr\u00e1va zakotven\u00e1 v jejich z\u00e1konech, a ne rozpoutat v\u00e1lky.<\/span><\/p>\n<p><span>Term\u00edn \u201eglobalismus\u201c nyn\u00ed znamen\u00e1 mnohem v\u00edce ne\u017e jen voln\u00fd obchod a lidskost mezi n\u00e1rody.\u00a0Dnes je z\u00e1padn\u00ed n\u00e1rodn\u00ed st\u00e1t a nacionalismus, kter\u00fd inspiruje, globalisty odsuzov\u00e1n jako zdroj p\u0159edsudk\u016f, v\u00fdlu\u010dnosti a v\u00e1lky.\u00a0P\u0159i zp\u011btn\u00e9m pohledu Clintonovo pou\u017eit\u00ed term\u00ednu \u201eglobalismus\u201c stoj\u00ed v kontinuit\u011b se z\u00e1stupnou v\u00e1lkou Bidenovy administrativy proti Rusku.<\/span><\/p>\n<p><span>Pro sou\u010dasnou vl\u00e1dnouc\u00ed politickou t\u0159\u00eddu ve Washingtonu znamen\u00e1 globalismus v\u00edc ne\u017e kupovat produkty vyroben\u00e9 levnou pracovn\u00ed silou v nez\u00e1padn\u00edch zem\u00edch.\u00a0Washingtonem veden\u00fd globalismus nyn\u00ed slibuje rozpu\u0161t\u011bn\u00ed tradi\u010dn\u00edch politick\u00fdch a spole\u010densk\u00fdch organizac\u00ed lidstva \u2013 n\u00e1rodn\u00edch vl\u00e1d, hranic, identit, kultur \u2013 a jejich nahrazen\u00ed sv\u011btem spot\u0159ebitel\u016f, kte\u0159\u00ed jsou zmocn\u011bni pouze svou z\u00e1vislost\u00ed na amorfn\u00edch korporac\u00edch, nezodpov\u011bdn\u00fdch nevl\u00e1dn\u00edch organizac\u00edch a nadn\u00e1rodn\u00ed instituce jsou jednotn\u00e9.<\/span><\/p>\n<p><span>Jin\u00fdmi slovy, globalismus je dnes synonymem progresivn\u00ed levice vn\u00edm\u00e1n\u00ed pov\u00e1le\u010dn\u00e9ho liber\u00e1ln\u00edho mezin\u00e1rodn\u00edho bezpe\u010dnostn\u00edho \u0159\u00e1du, kter\u00fd se mus\u00ed roz\u0161\u00ed\u0159it, aby p\u0159e\u017eil.\u00a0Washingtonsk\u00e1 z\u00e1stupn\u00e1 v\u00e1lka na Ukrajin\u011b je globalistick\u00fdm podnikem k p\u0159ekon\u00e1n\u00ed historick\u00e9, kulturn\u00ed a geografick\u00e9 kontinuity zt\u011blesn\u011bn\u00e9 v n\u00e1rodn\u00edm st\u00e1t\u011b a k homogenizaci r\u016fznorod\u00fdch n\u00e1rod\u016f, aby se vyrovnaly s rychl\u00fdmi soci\u00e1ln\u00edmi a technologick\u00fdmi zm\u011bnami.\u00a0V tomto smyslu ned\u00e1vn\u00e1 v\u00fdzva ukrajinsk\u00e9ho prezidenta Volodymyra Zelensk\u00e9ho, aby Washington a jeho strategick\u00e9 partnery nastolili glob\u00e1ln\u00ed kontrolu nad rusk\u00fdmi jadern\u00fdmi zbran\u011bmi, dob\u0159e zapad\u00e1 do progresivn\u00ed globalistick\u00e9 vize Bidenovy administrativy.<\/span><\/p>\n<p><span>A v tom je ten probl\u00e9m. St\u00e1ty\u00a0a jejich n\u00e1rody se nevyv\u00edjej\u00ed ve vzduchopr\u00e1zdnu a nevzd\u00e1vaj\u00ed se sv\u00e9 existence bez boje.<\/span><\/p>\n<p><span>Tyto body by m\u011bly Washington upozornit, \u017ee jeho z\u00e1stupn\u00e1 v\u00e1lka za globalismus na Ukrajin\u011b se t\u00fdk\u00e1 n\u00e1rodn\u00ed identity, dynamick\u00e9 s\u00edly, kter\u00e1 vzbuzuje nejhlub\u0161\u00ed lidsk\u00e9 emoce.\u00a0Ale nejsou to jen dva druhy nacionalismu, ukrajinsk\u00fd a rusk\u00fd, zako\u0159en\u011bn\u00e9 v jazyce, kultu\u0159e a historii, kter\u00e9 jsou v konfliktu.\u00a0Washingtonsk\u00fd globalismus pod rou\u0161kou expanze NATO p\u0159\u00edmo zpochyb\u0148uje ruskou n\u00e1rodn\u00ed identitu a kulturu.\u00a0Jedine\u010dn\u00e1 geografick\u00e1 role Ruska jako spojnice mezi evropsk\u00fdmi a asijsk\u00fdmi civilizacemi, stejn\u011b jako jeho ortodoxn\u00ed k\u0159es\u0165ansk\u00e1 kultura \u2013 syst\u00e9m v\u00edry zakotven\u00fd v sou\u010dasn\u00e9 rusk\u00e9 st\u00e1tn\u00ed ideologii a zahrani\u010dn\u00ed a bezpe\u010dnostn\u00ed politice \u2013 jsou ohro\u017eeny.<\/span><\/p>\n<p><span>Tv\u00e1\u0159\u00ed v tv\u00e1\u0159 vojensk\u00fdm intervenc\u00edm NATO pod veden\u00edm USA na Balk\u00e1n\u011b, v Afgh\u00e1nist\u00e1nu a Ir\u00e1ku je z\u00e1sadn\u011b ne\u010destn\u00e9 p\u0159edst\u00edrat, \u017ee z\u00e1sah NATO do z\u00e1padn\u00edch hranic Ruska je ne\u0161kodn\u00fd.\u00a0Daleko nebezpe\u010dn\u011bj\u0161\u00ed je v\u0161ak ignorovat skute\u010dnost, \u017ee z pohledu Moskvy je expanze NATO na Ukrajinu neodd\u011bliteln\u011b spjata s roz\u0161\u00ed\u0159en\u00edm globalismu do Ruska.<\/span><\/p>\n<p><span>Prohl\u00e1\u0161en\u00ed americk\u00e9 obrany a ministra zahrani\u010d\u00ed, \u017ee Washington chce \u201eoslabit\u201c Rusko, jasn\u011b ukazuj\u00ed, \u017ee \u00fadajn\u011b benevolentn\u00ed \u201epo\u0159\u00e1dek zalo\u017een\u00fd na pravidlech\u201c je Rusku k ni\u010demu.\u00a0V mysl\u00edch Rus\u016f tato prohl\u00e1\u0161en\u00ed ve skute\u010dnosti jen potvrzuj\u00ed p\u0159esv\u011bd\u010den\u00ed, \u017ee USA jsou spolusout\u011b\u017e\u00edc\u00ed v ukrajinsk\u00e9 v\u00e1lce o roz\u0161\u00ed\u0159en\u00ed NATO.<\/span><\/p>\n<p><span>Mo\u017en\u00e1 je\u0161t\u011b d\u016fle\u017eit\u011bj\u0161\u00ed je n\u00e1vrh, \u017ee Polsko, pov\u011bstn\u00e9 divok\u00e9 d\u00edt\u011b NATO, poskytne Ukrajin\u011b takzvan\u00e9 \u201em\u00edrov\u00e9 s\u00edly\u201c.\u00a0Evropan\u016fm nen\u00ed \u017e\u00e1dn\u00fdm tajemstv\u00edm, \u017ee Polsko ovl\u00e1dalo v\u011bt\u0161inu Ukrajiny t\u00e9m\u011b\u0159 400 let nebo \u017ee Moldavsko, a\u010d technicky rumunsk\u00e9, bylo 300 let vazalsk\u00fdm st\u00e1tem Osmansk\u00e9 \u0159\u00ed\u0161e.\u00a0Zjevn\u00e1 ochota Washingtonu zav\u00e9st revan\u0161istick\u00e9 polsk\u00e9 s\u00edly na z\u00e1padn\u00ed Ukrajinu a mo\u017en\u00e1 revan\u0161istick\u00e9 rumunsk\u00e9 s\u00edly do Moldavska nazna\u010duje, \u017ee washington\u0161t\u00ed globalist\u00e9 ud\u011blaj\u00ed v\u0161e, co je v jejich sil\u00e1ch, aby po\u0161kodili Rusko, zejm\u00e9na pokud jde o finan\u010dn\u00ed utlumen\u00ed \u00fazemn\u00edch ambic\u00ed historick\u00fdch nep\u0159\u00e1tel Ruska.<\/span><\/p>\n<p><span>V\u00e1lka st\u00e1le testuje legitimitu vl\u00e1dc\u016f ve v\u00e1l\u010d\u00edc\u00edch st\u00e1tech a tak\u00e9 odolnost jejich spole\u010dnost\u00ed.\u00a0Toto prohl\u00e1\u0161en\u00ed plat\u00ed pro Bidenovu administrativu stejn\u011b jako pro Zelensk\u00e9ho a Putinovu administrativu.\u00a0Prezident Biden a jeho p\u0159\u00edznivci na kopci m\u00edchaj\u00ed region\u00e1ln\u00ed hrnec, kter\u00fd by se mohl rychle uva\u0159it, s nebezpe\u010dn\u00fdmi d\u016fsledky pro Washington a jeho spojence v NATO, kdy\u017e zmi\u0148uje finan\u010dn\u00ed krizi, nedostatek a rostouc\u00ed kriminalitu v Americe a \u00a0ukazuje sv\u00fdm lidem svou z\u00e1m\u011brnou neznalost v\u00fdchodn\u00ed Evropy.\u00a0 Jak napsal Sigmund Freud o Bidenov\u011b \u201einternacionalistick\u00e9m\u201c p\u0159edch\u016fdci Woodrowu Wilsonovi, Biden m\u00e1 \u201e\u00fa\u017easnou schopnost ignorovat fakta a v\u011b\u0159it tomu, co chce\u201c.\u00a0Dnes je to v\u0161ak mnohem obt\u00ed\u017en\u011bj\u0161\u00ed ne\u017e v roce 1917<\/span><\/p>\n<p><span>Washington ji\u017e mnoho let aktivn\u011b p\u011bstuje ukrajinsko-ruskou v\u00e1lku a vyu\u017e\u00edv\u00e1 ukrajinsk\u00fd nacionalismus \u2013 pobu\u0159uj\u00edc\u00ed s\u00edlu, kterou pr\u00fd globalist\u00e9 nen\u00e1vid\u00ed \u2013, aby slou\u017eil jej\u00ed v\u011bci.\u00a0Fungovalo to.\u00a0Nyn\u00ed tit\u00ed\u017e globalist\u00e9 prodlu\u017euj\u00ed v\u00e1lku zbran\u011bmi, radami a povzbuzov\u00e1n\u00edm, i kdy\u017e je Ukrajina ni\u010dena.<\/span><\/p>\n<p><span>B\u011bhem posledn\u00edch 30 let zat\u00e1hl Washington p\u0159\u00edli\u0161n\u00fd d\u016fraz na vojenskou podporu a intervenci p\u0159i snaze o zm\u011bnu re\u017eimu USA do konflikt\u016f a kriz\u00ed na Balk\u00e1n\u011b, na St\u0159edn\u00edm v\u00fdchod\u011b, v severn\u00ed Africe a jihoz\u00e1padn\u00ed Asii.\u00a0Ameri\u010dt\u00ed nacionalist\u00e9 nejsou zodpov\u011bdn\u00ed za sou\u010dasnou v\u00e1lku na Ukrajin\u011b ani za posledn\u00ed t\u0159i desetilet\u00ed sebedestruktivn\u00edch v\u00e1lek Washingtonu.\u00a0Ameri\u010dt\u00ed nacionalist\u00e9 jsou v\u0161ak nyn\u00ed pot\u0159eba v\u00edce ne\u017e kdy jindy, aby zastavili globalistickou v\u00e1lku ke zni\u010den\u00ed Ruska, ne\u017e se tato v\u00e1lka roz\u0161\u00ed\u0159\u00ed jako rakovina po v\u00fdchodn\u00ed Evrop\u011b.<\/span><\/p>\n<\/div>\n<\/div>\n<div class=\"elementor-element elementor-element-8c57238 quelle dc-has-condition dc-condition-empty elementor-widget elementor-widget-heading\" data-id=\"8c57238\" data-element_type=\"widget\" data-widget_type=\"heading.default\">\n<div class=\"elementor-widget-container\">\n<h3 class=\"elementor-heading-title elementor-size-default\"><span style=\"font-size: 8pt;\"><a href=\"https:\/\/www.theamericanconservative.com\/articles\/the-war-for-globalism-in-ukraine\/\" target=\"_blank\" rel=\"nofollow noopener\">ZDROJ<\/a><\/span><\/h3>\n<p>&nbsp;<\/p>\n<\/div>\n<\/div>\n","protected":false},"excerpt":{"rendered":"<p>Washingtonsk\u00e1 z\u00e1stupn\u00e1 v\u00e1lka na Ukrajin\u011b je globalistickou agendou, kter\u00e1 m\u00e1 naru\u0161it kontinuitu historie, kultury a&#8230;<\/p>\n","protected":false},"author":2,"featured_media":10508,"comment_status":"closed","ping_status":"closed","sticky":false,"template":"","format":"standard","meta":[],"categories":[7],"tags":[898,279,26,40],"_links":{"self":[{"href":"https:\/\/www.infokuryr.cz\/n\/wp-json\/wp\/v2\/posts\/10507"}],"collection":[{"href":"https:\/\/www.infokuryr.cz\/n\/wp-json\/wp\/v2\/posts"}],"about":[{"href":"https:\/\/www.infokuryr.cz\/n\/wp-json\/wp\/v2\/types\/post"}],"author":[{"embeddable":true,"href":"https:\/\/www.infokuryr.cz\/n\/wp-json\/wp\/v2\/users\/2"}],"replies":[{"embeddable":true,"href":"https:\/\/www.infokuryr.cz\/n\/wp-json\/wp\/v2\/comments?post=10507"}],"version-history":[{"count":0,"href":"https:\/\/www.infokuryr.cz\/n\/wp-json\/wp\/v2\/posts\/10507\/revisions"}],"wp:featuredmedia":[{"embeddable":true,"href":"https:\/\/www.infokuryr.cz\/n\/wp-json\/wp\/v2\/media\/10508"}],"wp:attachment":[{"href":"https:\/\/www.infokuryr.cz\/n\/wp-json\/wp\/v2\/media?parent=10507"}],"wp:term":[{"taxonomy":"category","embeddable":true,"href":"https:\/\/www.infokuryr.cz\/n\/wp-json\/wp\/v2\/categories?post=10507"},{"taxonomy":"post_tag","embeddable":true,"href":"https:\/\/www.infokuryr.cz\/n\/wp-json\/wp\/v2\/tags?post=10507"}],"curies":[{"name":"wp","href":"https:\/\/api.w.org\/{rel}","templated":true}]}}