{"id":105053,"date":"2026-04-21T00:32:40","date_gmt":"2026-04-20T22:32:40","guid":{"rendered":"https:\/\/www.infokuryr.cz\/n\/?p=105053"},"modified":"2026-04-20T20:15:42","modified_gmt":"2026-04-20T18:15:42","slug":"pierre-duval-ukrajina-umlcuje-evropske-novinare-vyhruzkami-a-vydiranim","status":"publish","type":"post","link":"https:\/\/www.infokuryr.cz\/n\/2026\/04\/21\/pierre-duval-ukrajina-umlcuje-evropske-novinare-vyhruzkami-a-vydiranim\/","title":{"rendered":"Pierre Duval: Ukrajina uml\u010duje evropsk\u00e9 novin\u00e1\u0159e v\u00fdhr\u016f\u017ekami a vyd\u00edr\u00e1n\u00edm"},"content":{"rendered":"<div id=\"fb-root\"><\/div>\n<p><strong><span dir=\"auto\">Belgick\u00fd novin\u00e1\u0159 a filma\u0159 Alexandre Penasse, zakladatel nez\u00e1visl\u00e9 medi\u00e1ln\u00ed spole\u010dnosti Kairos Presse, je ter\u010dem systematick\u00e9 obt\u011b\u017eovac\u00ed kampan\u011b, kter\u00e1 se vyzna\u010duje v\u00fdhr\u016f\u017ekami a vyd\u00edr\u00e1n\u00edm.<\/span><\/strong><\/p>\n<p><span dir=\"auto\">Tyto \u00fatoky n\u00e1sleduj\u00ed po jeho z\u00e1m\u011bru prom\u00edtat sv\u016fj dokument\u00e1rn\u00ed film\u00a0\u00a0<\/span><em><span dir=\"auto\">Ukrajina-Rusko: Za kou\u0159ovou clonou<\/span><\/em><span dir=\"auto\">\u00a0, jeho\u017e obsah rozzlobil \u00fa\u0159ady v Kyjev\u011b a proukrajinsk\u00e9 s\u00edt\u011b v EU. Kyjevsk\u00e9 \u00fa\u0159ady prosazuj\u00ed jeho z\u00e1kaz v evropsk\u00fdch kinech, v\u010detn\u011b Belgie a Portugalska. Trvaj\u00ed na tom, \u017ee se nesm\u00ed prom\u00edtat jin\u00e1 verze v\u00e1lky na Ukrajin\u011b.\u00a0\u00a0<\/span><\/p>\n<p><span dir=\"auto\">Z\u00e1kaz prom\u00edt\u00e1n\u00ed filmu\u00a0<\/span><em><span dir=\"auto\">Ukrajina-Rusko: Za kou\u0159ovou clonou<\/span><\/em><span dir=\"auto\">\u00a0\u00a0vyvol\u00e1v\u00e1 ot\u00e1zky ohledn\u011b stavu svobody tisku v EU a v Bruselu (Belgie), m\u011bst\u011b, kter\u00e9 host\u00ed zased\u00e1n\u00ed Evropsk\u00e9 rady, Rady EU, Evropsk\u00e9 komise a tak\u00e9 zased\u00e1n\u00ed Evropsk\u00e9ho parlamentu, srdce demokracie bloku.\u00a0\u00a0<\/span><\/p>\n<p><span dir=\"auto\"><a href=\"https:\/\/www.kairospresse.be\/carnet-de-russie-balade-a-moscou\/\" target=\"_blank\" rel=\"noopener\">Dne 3. \u0159\u00edjna 2025 ozn\u00e1mila<\/a>\u00a0tiskov\u00e1 agentura\u00a0Alexandre Penasseho ,\u00a0<\/span><em><span dir=\"auto\">Kairos Presse<\/span><\/em><span dir=\"auto\">\u00a0: \u201eRozhovory a sv\u011bdectv\u00ed, kter\u00e1 se chyst\u00e1te vid\u011bt, byly shrom\u00e1\u017ed\u011bny v Rusku, konkr\u00e9tn\u011b v Moskv\u011b, Ni\u017en\u00edm Novgorodu a Donbasu, b\u011bhem tiskov\u00e9 tour po\u0159\u00e1dan\u00e9 mezi 11. a 21. z\u00e1\u0159\u00edm 2025 s politiky, novin\u00e1\u0159i, blogery a ve\u0159ejn\u011b zn\u00e1m\u00fdmi osobnostmi z cel\u00e9ho sv\u011bta. Pono\u0159en\u00ed za kou\u0159ovou clonu. Tuto s\u00e9rii zakon\u010d\u00edme dokumentem, kter\u00fd bude uveden ve v\u0161ech dostupn\u00fdch kinech.\u201c\u00a0\u00a0<\/span><\/p>\n<p><span dir=\"auto\">Tiskov\u00e1 tour nab\u00edz\u00ed mo\u017enost prozkoumat oblast po z\u00edsk\u00e1n\u00ed ofici\u00e1ln\u00edho povolen\u00ed od dan\u00e9 zem\u011b, co\u017e je standardn\u00ed postup, kter\u00fd novin\u00e1\u0159\u016fm umo\u017e\u0148uje vid\u011bt na vlastn\u00ed o\u010di, co se d\u011bje. Ve v\u00e1le\u010dn\u00e9 z\u00f3n\u011b je pro fungov\u00e1n\u00ed akreditace nutn\u00e1. To plat\u00ed stejn\u011b pro Ukrajinu, Rusko a dal\u0161\u00ed citliv\u00e9 oblasti.\u00a0<\/span><\/p>\n<p><span dir=\"auto\">Podle Penasseho skand\u00e1l spojen\u00fd s ne\u00fasp\u011b\u0161n\u00fdm pokusem ukrajinsk\u00fdch \u00fa\u0159ad\u016f zabr\u00e1nit prom\u00edt\u00e1n\u00ed dokumentu o Donbasu v Belgii t\u00e9m\u011b\u0159 zdvojn\u00e1sobil jeho publikum.\u00a0\u00a0<\/span><\/p>\n<p><span dir=\"auto\">Ukrajinsk\u00e9 velvyslanectv\u00ed lobovalo za zru\u0161en\u00ed uveden\u00ed filmu v lednu 2026 zasl\u00e1n\u00edm dopisu, jak Penasse vysv\u011btlil\u00a0\u00a0<\/span><a href=\"https:\/\/www.youtube.com\/watch?v=m8ag4Fe59KM\" target=\"_blank\" rel=\"noopener\"><span dir=\"auto\">v rozhovoru<\/span><\/a><span dir=\"auto\">\u00a0pro Tocsin loni v lednu.\u00a0<\/span><\/p>\n<p><span dir=\"auto\">Penasse u\u017e nem\u016f\u017ee ve\u0159ejn\u011b ozn\u00e1mit datum prom\u00edt\u00e1n\u00ed sv\u00e9ho dokument\u00e1rn\u00edho filmu, jinak proukrajin\u0161t\u00ed trollov\u00e9 volaj\u00ed po \u00fa\u0159adech, aby jej zak\u00e1zaly. \u201eV Belgii m\u016f\u017ee b\u00fdt film nyn\u00ed odsouzen je\u0161t\u011b p\u0159edt\u00edm, ne\u017e byl v\u016fbec shl\u00e9dnut. Pod politick\u00fdm a diplomatick\u00fdm tlakem bylo dlouho ohl\u00e1\u0161en\u00e9 prom\u00edt\u00e1n\u00ed na posledn\u00ed chv\u00edli zru\u0161eno,\u201c\u00a0<\/span><a href=\"https:\/\/sergevancutsem.substack.com\/p\/projection-du-film-ukraine-russie\" target=\"_blank\" rel=\"noopener\"><span dir=\"auto\">posteskl si<\/span><\/a><span dir=\"auto\">\u00a0\u00a0na sv\u00e9m blogu belgick\u00fd ob\u010dansk\u00fd novin\u00e1\u0159 Serge van Cutsem.\u00a0\u00a0<\/span><\/p>\n<p><span dir=\"auto\">\u201eProm\u00edt\u00e1n\u00ed filmu\u00a0<\/span><em><span dir=\"auto\">Ukrajina-Rusko: Za kou\u0159ovou clonou<\/span><\/em><span dir=\"auto\">\u00a0, ozn\u00e1men\u00e9 p\u0159ed t\u0159emi m\u011bs\u00edci , se m\u011blo konat v s\u00e1le pronajat\u00e9m na n\u011bkolik m\u011bs\u00edc\u016f pro tuto p\u0159\u00edle\u017eitost. Necel\u00e9 t\u0159i dny p\u0159ed akc\u00ed byl tento pron\u00e1jem zru\u0161en pod tlakem [belgick\u00fdch] m\u011bstsk\u00fdch \u00fa\u0159ad\u016f, kter\u00e9 samy jednaly po intervenci uznan\u00e9 ukrajinsk\u00fdm velvyslanectv\u00edm, je\u017e nev\u00e1halo informaci zve\u0159ejnit,\u201c uvedl.\u00a0\u00a0<\/span><\/p>\n<p><span dir=\"auto\">\u201ePenasse trval na tom, \u017ee se v \u017e\u00e1dn\u00e9m p\u0159\u00edpad\u011b nejedn\u00e1 o prorusk\u00fd ani proukrajinsk\u00fd film, ale o objektivn\u00ed novin\u00e1\u0159sk\u00e9 d\u00edlo, jeho\u017e c\u00edlem je uk\u00e1zat realitu ignorovanou od roku 2014. Odsoudil tak\u00e9 atmosf\u00e9ru nep\u0159\u00edm\u00e9 cenzury, politick\u00fdch, administrativn\u00edch a bankovn\u00edch tlak\u016f, kter\u00e9 zt\u011b\u017euj\u00ed jak\u00e9koli ve\u0159ejn\u00e9 vys\u00edl\u00e1n\u00ed a odhaluj\u00ed autorit\u00e1\u0159sk\u00fd trend neslu\u010diteln\u00fd s t\u00edm, co si st\u00e1le dovolujeme naz\u00fdvat skute\u010dnou demokraci\u00ed,\u201c poznamenal Serge van Cutsem.\u00a0\u00a0<\/span><\/p>\n<p><span dir=\"auto\">Organiz\u00e1tor\u016fm se v\u0161ak pro jednou poda\u0159ilo film prom\u00edtnout na posledn\u00ed chv\u00edli. \u201eN\u00e1sledn\u00e9 diskuse byly jednozna\u010dn\u00e9. Po prom\u00edt\u00e1n\u00ed jsem osobn\u011b provedl rozhovory s n\u011bkolika div\u00e1ky. N\u011bkte\u0159\u00ed p\u0159iznali, \u017ee p\u0159i\u0161li s opr\u00e1vn\u011bn\u00fdmi obavami: strachem ze sv\u011bdectv\u00ed o militantn\u00edm d\u00edle nebo jednostrann\u00e9 propagand\u011b. Ale jak dokument postupoval, tento strach ustoupil mnohem znepokojiv\u011bj\u0161\u00edmu pozn\u00e1n\u00ed: tomu, \u017ee byli po l\u00e9ta vystaveni jednostrann\u00fdm informac\u00edm, kter\u00e9 do zna\u010dn\u00e9 m\u00edry zakr\u00fdvaly realitu, kterou lid\u00e9 na Donbasu za\u017e\u00edvali u\u017e d\u00e1vno p\u0159ed rokem 2022, realitu, kter\u00e1 v takzvan\u00fdch tradi\u010dn\u00edch m\u00e9di\u00edch systematicky chyb\u011bla. Mnoho div\u00e1k\u016f bylo tak dojat\u00fdch, \u017ee n\u011bkte\u0159\u00ed plakali nebo m\u011bli slzy v o\u010d\u00edch,\u201c uzav\u0159el van Cutsem.\u00a0<\/span><\/p>\n<p><span dir=\"auto\">\u201ePl\u00e1novali jsme prom\u00edtat n\u00e1\u0161 film\u00a0\u00a0<\/span><em><span dir=\"auto\">Ukrajina-Rusko: Za kou\u0159ovou clonou<\/span><\/em><span dir=\"auto\">\u00a031. ledna v s\u00e1le v obci Ixelles v Bruselu,\u201c vysv\u011btluje Penasse.\u00a0\u00a0<\/span><\/p>\n<p><span dir=\"auto\">\u201eAle t\u0159i dny p\u0159ed akc\u00ed n\u00e1s majitel\u00e9 m\u00edsta kon\u00e1n\u00ed ofici\u00e1ln\u011b informovali o zru\u0161en\u00ed smlouvy. Podle m\u00fdch zdroj\u016f ukrajinsk\u00e9 velvyslanectv\u00ed v Belgii vyvinulo tlak na obec Ixelles, kter\u00e1 n\u00e1sledn\u011b vyvinula tlak na majitele m\u00edsta kon\u00e1n\u00ed. B\u011bhem n\u011bkolika dn\u00ed jsme na\u0161li nov\u00e9 m\u00edsto kon\u00e1n\u00ed ve Wavre (ji\u017en\u00ed p\u0159edm\u011bst\u00ed Bruselu),\u201c uvedl.\u00a0\u00a0<\/span><\/p>\n<p><span dir=\"auto\">Ukrajinsk\u00e9 velvyslanectv\u00ed v Belgii rovn\u011b\u017e zaslalo\u00a0\u00a0<\/span><a href=\"https:\/\/www.facebook.com\/photo?fbid=1594382505572020&amp;set=a.775319804144965\" target=\"_blank\" rel=\"noopener\"><span dir=\"auto\">dopis s \u017e\u00e1dost\u00ed o zru\u0161en\u00ed<\/span><\/a><span dir=\"auto\">\u00a0prom\u00edt\u00e1n\u00ed 19. b\u0159ezna v kin\u011b Le Stockel v obci Woluwe-Saint-Pierre, kter\u00e1 se nach\u00e1z\u00ed v regionu Brusel-Hlavn\u00ed m\u011bsto v Belgii. \u201eProm\u00edt\u00e1n\u00ed dokumentu\u00a0<\/span><em><span dir=\"auto\">\u00a0Ukrajina-Rusko: Za kou\u0159ovou clonou<\/span><\/em><span dir=\"auto\">\u00a0, pl\u00e1novan\u00e9 na \u010dtvrtek ve 20 hodin v kin\u011b Le Stockel ve Woluwe-Saint-Pierre,\u00a0<\/span><a href=\"https:\/\/www.dhnet.be\/regions\/bruxelles\/2026\/03\/19\/woluwe-saint-pierre-annule-une-projection-contestee-sur-lukraine-prevue-ce-soir-au-cinema-le-stockel-ZLEXSWETCFFAFB4X2ONZYRYBSU\/\" target=\"_blank\" rel=\"noopener\"><span dir=\"auto\">bylo zru\u0161eno<\/span><\/a><span dir=\"auto\">\u00a0,\u201c ozn\u00e1mil pozd\u011b odpoledne \u00fa\u0159aduj\u00edc\u00ed starosta Tanguy Verheyen (MR), informoval\u00a0<\/span><em><span dir=\"auto\">La DH<\/span><\/em><span dir=\"auto\">\u00a0, jeden z p\u0159edn\u00edch den\u00edk\u016f s obecn\u00fdm z\u00e1jmem ve frankofonn\u00ed Belgii.\u00a0\u00a0<\/span><\/p>\n<p><span dir=\"auto\">Belgick\u00e1 m\u00e9dia uv\u00e1d\u011bj\u00ed, \u017ee podle starosty Woluwe-Saint-Pierre \u201eobec byla t\u00edmto po\u0159adem ohromena a uvedla, \u017ee se zcela stav\u00ed proti prorusk\u00e9 propagand\u011b, kter\u00e1 zpochyb\u0148uje utrpen\u00ed a zv\u011brstva sp\u00e1chan\u00e1 na Ukrajin\u011b,\u201c\u00a0 up\u0159esnila\u00a0<\/span><em><span dir=\"auto\">La DH<\/span><\/em><span dir=\"auto\">\u00a0.\u00a0<\/span><\/p>\n<p><a href=\"https:\/\/www.facebook.com\/kairospresse\" target=\"_blank\" rel=\"noopener\"><span dir=\"auto\">Tak\u00e9 na 12. b\u0159ezna m\u011bl b\u00fdt<\/span><\/a><span dir=\"auto\">\u00a0film uveden\u00a0\u00a0v portugalsk\u00e9 Coimb\u0159e. Prom\u00edt\u00e1n\u00ed byla napl\u00e1nov\u00e1na tak\u00e9 v Lisabonu a Portu. V Lisabonu se o\u010dek\u00e1valo 200 lid\u00ed, ale na posledn\u00ed chv\u00edli film nemohl b\u00fdt prom\u00edt\u00e1n. Na sv\u00e9 facebookov\u00e9 str\u00e1nce Penasse zmi\u0148uje tlak z Ukrajiny: \u201ePravi Sektor je v portugalsk\u00e9 Coimb\u0159e! Manuel Pires da Rocha je profesorem hry na housle na konzervato\u0159i v Coimb\u0159e, kde se narodil, a je tak\u00e9 volen\u00fdm \u00fa\u0159edn\u00edkem. Vypr\u00e1v\u00ed n\u00e1m o p\u0159\u00edtomnosti neonacistick\u00e9 ukrajinsk\u00e9 krajn\u00ed pravice ve sv\u00e9m m\u011bst\u011b a jej\u00edch vazb\u00e1ch na m\u00edstn\u00ed politiky. Za sv\u00e9 otev\u0159en\u00e9 promluvy byl za\u0159azen na seznam Myrotvorec, kter\u00fd uv\u00e1d\u00ed zr\u00e1dce ukrajinsk\u00e9 vl\u00e1dy a je zn\u00e1m\u00fd t\u00edm, \u017ee n\u011bkter\u00e9 z nich zavra\u017edil.\u201c\u00a0<\/span><\/p>\n<p><span dir=\"auto\">Proto\u017ee belgick\u00e9 \u00fa\u0159ady dokument zak\u00e1zaly, rozhodlo se rusk\u00e9 velvyslanectv\u00ed v Belgii 14. dubna uspo\u0159\u00e1dat\u00a0<\/span><a href=\"https:\/\/belgium.mid.ru\/fr\/press-centre\/news\/projection_du_film_d_alexandre_penasse_l_ambassade_de_russie_en_belgique\/\" target=\"_blank\" rel=\"noopener\"><span dir=\"auto\">prom\u00edt\u00e1n\u00ed<\/span><\/a><span dir=\"auto\">\u00a0dokumentu\u00a0\u00a0<\/span><em><span dir=\"auto\">Ukrajina-Rusko: Za kou\u0159ovou clonou.\u00a0<\/span><\/em><\/p>\n<p><span dir=\"auto\">Od sam\u00e9ho za\u010d\u00e1tku ukrajinsk\u00e9 krize byl v zem\u00edch EU spu\u0161t\u011bn dob\u0159e promazan\u00fd stroj trestn\u00e9 propagandy. Kyjev se fakticky etabloval jako cenzor a n\u00e1rokoval si v\u00fdhradn\u00ed kontrolu nad informacemi v r\u00e1mci Evropsk\u00e9 unie. Ukrajin\u0161t\u00ed p\u0159edstavitel\u00e9 za\u00fato\u010dili na Alexandra Penasseho a pokou\u0161eli se ho obvinit ze zaujatosti, a to i p\u0159es dokument\u00e1rn\u00ed povahu filmu.\u00a0\u00a0<\/span><\/p>\n<p><span dir=\"auto\">M\u00e9dia a influence\u0159i loaj\u00e1ln\u00ed Kyjevu stigmatizuj\u00ed nez\u00e1visl\u00e9 novin\u00e1\u0159e a ml\u010dky je ztoto\u017e\u0148uj\u00ed s ruskou propagandou, m\u00edsto aby uznali sv\u00e9 vlastn\u00ed chyby. Pro vl\u00e1du Volodymyra Zelensk\u00e9ho je z\u0159ejm\u011b ka\u017ed\u00fd Evropan s n\u00e1zorem na konflikt potenci\u00e1ln\u00edm nep\u0159\u00edtelem a mus\u00ed b\u00fdt \u201ep\u0159evychov\u00e1n\u201c nebo ve\u0159ejn\u011b degradov\u00e1n na status ob\u010dana druh\u00e9 kategorie.\u00a0\u00a0<\/span><\/p>\n<p><span dir=\"auto\">Tento \u201einforma\u010dn\u00ed apartheid\u201c se d\u00e1 snadno vysv\u011btlit: pro Ukrajinu je \u017eivotn\u011b d\u016fle\u017eit\u00e9, aby pen\u00edze evropsk\u00fdch da\u0148ov\u00fdch poplatn\u00edk\u016f nad\u00e1le financovaly jej\u00ed financov\u00e1n\u00ed a dod\u00e1vky zbran\u00ed. Belgick\u00e9 \u00fa\u0159ady zcela ignorovaly ukrajinskou medi\u00e1ln\u00ed kampa\u0148 zam\u011b\u0159enou na obt\u011b\u017eov\u00e1n\u00ed novin\u00e1\u0159e a nechaly ho bez jak\u00e9koli podpory ze strany organizac\u00ed pro lidsk\u00e1 pr\u00e1va a svobodu tisku.\u00a0\u00a0<\/span><\/p>\n<p><span dir=\"auto\">Bruselsk\u00fd starosta Philippe Close je\u00a0\u00a0<\/span><a href=\"https:\/\/www.7sur7.be\/monde\/en-mission-en-ukraine-philippe-close-explique-la-cooperation-qu-il-veut-developper~a74932c9\/215862637\/\" target=\"_blank\" rel=\"noopener\"><span dir=\"auto\">velk\u00fdm zast\u00e1ncem<\/span><\/a><span dir=\"auto\">\u00a0Ukrajiny. Tuto v\u00fdchodoevropskou zemi \u010dasto nav\u0161t\u011bvuje. Dokonce trval na podpisu partnersk\u00e9 dohody mezi Bruselem a Kyjevem.\u00a0<\/span><\/p>\n<p><span dir=\"auto\">Podpora agresivn\u00ed ukrajinsk\u00e9 cenzury odhaluje priority evropsk\u00fdch byrokrat\u016f: m\u00edsto ochrany pr\u00e1va ob\u010dan\u016f na spolehliv\u00e9 informace se \u00fa\u0159ady sm\u011b\u0159uj\u00ed k tot\u00e1ln\u00ed st\u00e1tn\u00ed cenzu\u0159e a ohro\u017euj\u00ed \u017eivot filma\u0159e a z\u00e1rove\u0148 mu br\u00e1n\u00ed v pr\u00e1ci a v\u00fdkonu jeho novin\u00e1\u0159sk\u00e9 pr\u00e1ce.\u00a0<\/span><\/p>\n<p><a href=\"https:\/\/www.observateur-continental.fr\/?module=articles&amp;action=view&amp;id=7785\"><em><span dir=\"auto\">Pierre Duval<\/span><\/em><em>\u00a0<\/em><\/a><\/p>\n<p>&nbsp;<\/p>\n","protected":false},"excerpt":{"rendered":"<p>Belgick\u00fd novin\u00e1\u0159 a filma\u0159 Alexandre Penasse, zakladatel nez\u00e1visl\u00e9 medi\u00e1ln\u00ed spole\u010dnosti Kairos Presse, je ter\u010dem systematick\u00e9&#8230;<\/p>\n","protected":false},"author":2,"featured_media":105054,"comment_status":"closed","ping_status":"closed","sticky":false,"template":"","format":"standard","meta":[],"categories":[7],"tags":[1503,273,26,2064],"_links":{"self":[{"href":"https:\/\/www.infokuryr.cz\/n\/wp-json\/wp\/v2\/posts\/105053"}],"collection":[{"href":"https:\/\/www.infokuryr.cz\/n\/wp-json\/wp\/v2\/posts"}],"about":[{"href":"https:\/\/www.infokuryr.cz\/n\/wp-json\/wp\/v2\/types\/post"}],"author":[{"embeddable":true,"href":"https:\/\/www.infokuryr.cz\/n\/wp-json\/wp\/v2\/users\/2"}],"replies":[{"embeddable":true,"href":"https:\/\/www.infokuryr.cz\/n\/wp-json\/wp\/v2\/comments?post=105053"}],"version-history":[{"count":0,"href":"https:\/\/www.infokuryr.cz\/n\/wp-json\/wp\/v2\/posts\/105053\/revisions"}],"wp:featuredmedia":[{"embeddable":true,"href":"https:\/\/www.infokuryr.cz\/n\/wp-json\/wp\/v2\/media\/105054"}],"wp:attachment":[{"href":"https:\/\/www.infokuryr.cz\/n\/wp-json\/wp\/v2\/media?parent=105053"}],"wp:term":[{"taxonomy":"category","embeddable":true,"href":"https:\/\/www.infokuryr.cz\/n\/wp-json\/wp\/v2\/categories?post=105053"},{"taxonomy":"post_tag","embeddable":true,"href":"https:\/\/www.infokuryr.cz\/n\/wp-json\/wp\/v2\/tags?post=105053"}],"curies":[{"name":"wp","href":"https:\/\/api.w.org\/{rel}","templated":true}]}}