{"id":105048,"date":"2026-04-21T00:29:07","date_gmt":"2026-04-20T22:29:07","guid":{"rendered":"https:\/\/www.infokuryr.cz\/n\/?p=105048"},"modified":"2026-04-20T20:08:39","modified_gmt":"2026-04-20T18:08:39","slug":"bitcoin-padlo-trestni-oznameni-to-bude-bolet-pirati-prosustrovali-1-miliardu-kc","status":"publish","type":"post","link":"https:\/\/www.infokuryr.cz\/n\/2026\/04\/21\/bitcoin-padlo-trestni-oznameni-to-bude-bolet-pirati-prosustrovali-1-miliardu-kc\/","title":{"rendered":"Bitcoin: Padlo trestn\u00ed ozn\u00e1men\u00ed! To bude bolet. Pir\u00e1ti pro\u0161ustrovali 1 miliardu K\u010d"},"content":{"rendered":"<div id=\"fb-root\"><\/div>\n<p>Kauza Bitcoin je zp\u011bt a vl\u00e1da pod\u00e1v\u00e1 trestn\u00ed ozn\u00e1men\u00ed! Nov\u00fd audit, kter\u00fd mimochodem nest\u00e1l miliony korun za extern\u00ed slu\u017eby jako pod p\u0159edchoz\u00ed ODS, odhalil nov\u00e9 skute\u010dnosti, kv\u016fli kter\u00fdm se ministr Tejc a Alena Schillerov\u00e1 rozhodli celou v\u011bc postoupit vy\u0161et\u0159ovatel\u016fm. H\u00e1dejte, na koho se uk\u00e1zalo a kdo by se m\u011bl za\u010d\u00edt b\u00e1t!<\/p>\n<p>\ud83d\udc49 Vl\u00e1da neposkytne Vystr\u010dilovi letoun k cest\u011b na Tchaj-wan. Je\u0161t\u011b \u017ee tak! Tyto drah\u00e9 papal\u00e1\u0161sk\u00e9 v\u00fdlety placen\u00e9 da\u0148ov\u00fdmi poplatn\u00edky mus\u00ed skon\u010dit. Jak trefn\u011b \u0159ekl pan premi\u00e9r, je t\u0159eba pragmatismu.<\/p>\n<p>\ud83d\udc49 Na\u0161e sliby plat\u00ed. Koncesion\u00e1\u0159sk\u00e9 poplatky se zru\u0161\u00ed. Do konce roku bude schv\u00e1lena novela, kter\u00e1 osvobod\u00ed lidi od placen\u00ed t\u011bchto nesmysln\u00fdch poplatk\u016f. Odpadnou nav\u00edc i \u0161\u00edlen\u00e9 n\u00e1klady jejich na v\u00fdb\u011br.<\/p>\n<p>\ud83d\udc49 Zat\u00edmco opozice k\u0159i\u010d\u00ed, \u017ee se nestar\u00e1me o obranu a neinvestujeme do n\u00ed, premi\u00e9r Babi\u0161 dal ve\u0159ejn\u011b jasn\u011b najevo, \u017ee m\u00e1 \u010cR z\u00e1jem o zapojen\u00ed do iniciativy francouzsk\u00e9ho prezidenta Macrona ohledn\u011b jadern\u00e9ho odstra\u0161en\u00ed.<\/p>\n<p>\ud83d\udc49 Dobr\u00e9 zpr\u00e1vy! Inflace v \u010cesk\u00e9 republice klesla na 1.5 %, \u010d\u00edm\u017e se za\u0159adila na druh\u00e9 nejlep\u0161\u00ed m\u00edsto v r\u00e1mci Evropsk\u00e9 unii (po D\u00e1nsku, kde je 1.0 %).<\/p>\n<p>\ud83d\udc49 Praha otev\u0159ela nov\u00fd Dvoreck\u00fd most. St\u00e1l o 100 % v\u00edc, ne\u017e bylo schv\u00e1leno (m\u00edsto 1 miliardy rovnou 2 miliardy K\u010d), nen\u00ed pro auta a jak se uk\u00e1zalo, nakonec ani pro cyklisty. Pro\u010d? Proto\u017ee geni\u00e1ln\u00ed mozky z ODS a Pir\u00e1t\u016f um\u00edstily doprost\u0159ed jedin\u00e9ho chodn\u00edku autobusovou zast\u00e1vku s lavi\u010dkami. Pus\u0165te si video.<\/p>\n<p>\ud83d\udc49 Soud v kauze Dozimetr pokra\u010duje a sv\u011bdci z TOP 09 si najednou nic nepamatuj\u00ed nebo odm\u00edtaj\u00ed vypov\u00eddat. Jejich strach mluv\u00ed za v\u0161e. Posp\u00ed\u0161il, kter\u00fd byl tak\u00e9 vysl\u00fdch\u00e1n, m\u00e1 mimochodem skrze sv\u00e9 postaven\u00ed v koalici dodnes vliv na r\u016fzn\u00e9 zak\u00e1zky.<\/p>\n<p>\ud83d\udc49 Dal\u0161\u00ed p\u0159edra\u017een\u00e1 \u0161\u00edlenost pod Pir\u00e1ty a ODS. Zat\u00edmco v Pardubic\u00edch se stav\u00ed parkovac\u00ed m\u00edsto za zhruba 300 tis\u00edc K\u010d, u n\u00e1s na Zli\u010d\u00edn\u011b ho Pir\u00e1ti postav\u00ed za 1.3 milionu K\u010d. Nav\u00edc 15 minut p\u011b\u0161ky od metra.<\/p>\n<p>To v\u0161e a mnohem v\u00edc se dozv\u00edte ve 177. epizod\u011b m\u00e9ho politick\u00e9ho podcastu. D\u011bkuji v\u00e1m p\u0159edem za zhl\u00e9dnut\u00ed a pros\u00edm o dal\u0161\u00ed sd\u00edlen\u00ed, a\u0165 se pravdu dozv\u00ed co nejv\u00edc lid\u00ed! T\u011b\u0161\u00edm se na dotazy i koment\u00e1\u0159e!<\/p>\n<p><iframe loading=\"lazy\" title=\"Bitcoin: Padlo trestn\u00ed ozn\u00e1men\u00ed! To bude bolet. Pir\u00e1ti pro\u0161ustrovali 1 miliardu K\u010d. | \u010cau Praho #177\" width=\"640\" height=\"360\" src=\"https:\/\/www.youtube.com\/embed\/nqzXKbdEsxg?feature=oembed\" frameborder=\"0\" allow=\"accelerometer; autoplay; clipboard-write; encrypted-media; gyroscope; picture-in-picture; web-share\" referrerpolicy=\"strict-origin-when-cross-origin\" allowfullscreen><\/iframe><\/p>\n<h4>Ing. Ond\u0159ej Prokop \/ \u010cau Praho<\/h4>\n<p>&nbsp;<\/p>\n","protected":false},"excerpt":{"rendered":"<p>Kauza Bitcoin je zp\u011bt a vl\u00e1da pod\u00e1v\u00e1 trestn\u00ed ozn\u00e1men\u00ed! Nov\u00fd audit, kter\u00fd mimochodem nest\u00e1l miliony&#8230;<\/p>\n","protected":false},"author":2,"featured_media":67844,"comment_status":"closed","ping_status":"closed","sticky":false,"template":"","format":"standard","meta":[],"categories":[6],"tags":[9250,1503,122,889],"_links":{"self":[{"href":"https:\/\/www.infokuryr.cz\/n\/wp-json\/wp\/v2\/posts\/105048"}],"collection":[{"href":"https:\/\/www.infokuryr.cz\/n\/wp-json\/wp\/v2\/posts"}],"about":[{"href":"https:\/\/www.infokuryr.cz\/n\/wp-json\/wp\/v2\/types\/post"}],"author":[{"embeddable":true,"href":"https:\/\/www.infokuryr.cz\/n\/wp-json\/wp\/v2\/users\/2"}],"replies":[{"embeddable":true,"href":"https:\/\/www.infokuryr.cz\/n\/wp-json\/wp\/v2\/comments?post=105048"}],"version-history":[{"count":0,"href":"https:\/\/www.infokuryr.cz\/n\/wp-json\/wp\/v2\/posts\/105048\/revisions"}],"wp:featuredmedia":[{"embeddable":true,"href":"https:\/\/www.infokuryr.cz\/n\/wp-json\/wp\/v2\/media\/67844"}],"wp:attachment":[{"href":"https:\/\/www.infokuryr.cz\/n\/wp-json\/wp\/v2\/media?parent=105048"}],"wp:term":[{"taxonomy":"category","embeddable":true,"href":"https:\/\/www.infokuryr.cz\/n\/wp-json\/wp\/v2\/categories?post=105048"},{"taxonomy":"post_tag","embeddable":true,"href":"https:\/\/www.infokuryr.cz\/n\/wp-json\/wp\/v2\/tags?post=105048"}],"curies":[{"name":"wp","href":"https:\/\/api.w.org\/{rel}","templated":true}]}}